{"id":2872,"date":"2014-12-16T14:41:00","date_gmt":"2014-12-16T13:41:00","guid":{"rendered":"https:\/\/bantam-corpo.dev-bantam.ch\/location-2015\/"},"modified":"2024-07-10T12:52:07","modified_gmt":"2024-07-10T10:52:07","slug":"vermietung-2015","status":"publish","type":"post","link":"https:\/\/bantam-corpo.dev-bantam.ch\/de\/vermietung-2015\/","title":{"rendered":"Vermietung 2015"},"content":{"rendered":"\n<figure class=\"wp-block-image size-full\"><img loading=\"lazy\" decoding=\"async\" width=\"720\" height=\"480\" src=\"https:\/\/bantam-corpo.dev-bantam.ch\/wp-content\/uploads\/2024\/06\/location2015in-w720h480.jpg\" alt=\"\" class=\"wp-image-1221\" srcset=\"https:\/\/bantam-corpo.dev-bantam.ch\/wp-content\/uploads\/2024\/06\/location2015in-w720h480.jpg 720w, https:\/\/bantam-corpo.dev-bantam.ch\/wp-content\/uploads\/2024\/06\/location2015in-w720h480-300x200.jpg 300w\" sizes=\"auto, (max-width: 720px) 100vw, 720px\" \/><\/figure>\n\n\n\n<p><strong>Warum sich nicht schon bereits jetzt&nbsp;Gedanken \u00fcber den n\u00e4chsten Urlaub machen ?&nbsp;<\/strong><\/p>\n\n\n\n<p>\u00dcberlassen Sie nichts dem Zufall&#8230;<\/p>\n\n\n\n<p><br>Lassen Sie den Alltag hinter sich und tauchen Sie&nbsp;ein in den verdienten Urlaub. Frische Luft und&nbsp;Natur sind inbegriffen.&nbsp;Damit Sie die wichtigste Zeit des Jahres nicht dem&nbsp;Zufall \u00fcberlassen sondern geniessen k\u00f6nnen,&nbsp;legen wir sehr viel Wert auf Qualit\u00e4t und Sicherheit&nbsp;unserer Mietfahrzeuge.<\/p>\n\n\n\n<p>Unsere&nbsp;Mietflotte besteht aus&nbsp;Vans, Luxus&nbsp;Modellen,&nbsp;wie zum Beispiel&nbsp;Hymer oder Carthago, aber auch aus&nbsp;Familien Fahrzeugen f\u00fcr 6 Personen. Unsere Reisemobile sind mit&nbsp;Klimaanlage&nbsp;Kabine, Fahrradtr\u00e4ger, GPS, R\u00fcckfahrkamera, Markise&nbsp;und alle notwendigen Camping-Anschl\u00fcssen&nbsp;ausgestattet. Es steht Ihnen auch Geschirr f\u00fcr 6 Personen zur Verf\u00fcgung.<\/p>\n\n\n\n<p>Wohnwagen Modelle sind ebenfalls erh\u00e4ltlich, zu Zweit oder f\u00fcr Familienausfl\u00fcge.<\/p>\n\n\n\n<p>Zuverl\u00e4ssigkeit und unvergleichbaren Komfort in der Schweiz;&nbsp;wir vermieten nur&nbsp;2015 in Verkehr gesetzte Fahrzeuge. Unsere Abteilung Vermietung&nbsp;und alle unsere Techniker sind f\u00fcr, Sie w\u00e4hrend Ihres Aufenthaltes, da.&nbsp;Profitieren&nbsp;Sie auch von&nbsp;einer&nbsp;Assistenz 24\/24 Stunden in ganz Europa. Wir wollen&nbsp;dass Sie&nbsp;Ihr&nbsp;Urlaub&nbsp;in aller Ruhe geniessen k\u00f6nnen.<br><br>In der Hochsaison sind unsere Dienstleistungen sehr gefragt&nbsp;&nbsp;(Schulferien&nbsp;und Feiertage Br\u00fccken). Um die Verf\u00fcgbarkeit des Fahrzeuges Ihrer Wahl zu garantieren, kontaktieren Sie uns sofort.<br><br><br><a href=\"https:\/\/www.bantam.ch\/hekla\/resources\/loc2015-1.pdf\" target=\"_blank\" rel=\"noreferrer noopener\">&gt;&gt; Vermietung&nbsp;Katalog&nbsp;<\/a><a href=\"https:\/\/www.bantam.ch\/hekla\/resources\/loc2015-1.pdf\" target=\"_blank\" rel=\"noreferrer noopener\">2015<\/a><\/p>\n\n\n\n<p><a href=\"http:\/\/www.bantam-camping.ch\/location.php?filter=camping-car\">&gt;&gt; Buchen Sie ein Reisemobile&nbsp;<\/a><a href=\"http:\/\/www.bantam-camping.ch\/location.php?filter=camping-car\">Online<\/a><\/p>\n\n\n\n<p><a href=\"http:\/\/www.bantam-camping.ch\/location.php?filter=caravane\">&gt;&gt; Buchen Sie einen&nbsp;Wohnwagen Online<\/a><\/p>\n\n\n\n<p><strong><a href=\"http:\/\/www.bantam-camping.ch\/blog\/post.php?lang=de&amp;s=2015-03-09-offres-last-minute-location\">Profitieren Sie&nbsp;im Moment&nbsp;von unserem Last Minute Angebote!<\/a><\/strong><em><br><\/em><\/p>\n","protected":false},"excerpt":{"rendered":"<p>Warum sich nicht schon bereits jetzt\u00a0Gedanken \u00fcber den n\u00e4chsten Urlaub machen ?\u00a0<\/p>\n","protected":false},"author":5,"featured_media":1988,"comment_status":"closed","ping_status":"closed","sticky":false,"template":"","format":"standard","meta":{"_acf_changed":false,"footnotes":""},"categories":[20,22,21],"tags":[],"class_list":["post-2872","post","type-post","status-publish","format-standard","has-post-thumbnail","hentry","category-reisemobile","category-vermietung","category-wohnwagen"],"acf":[],"yoast_head":"<!-- This site is optimized with the Yoast SEO plugin v27.4 - https:\/\/yoast.com\/product\/yoast-seo-wordpress\/ -->\n<title>Vermietung 2015 - Bantam<\/title>\n<meta name=\"robots\" content=\"index, follow, max-snippet:-1, max-image-preview:large, max-video-preview:-1\" \/>\n<link rel=\"canonical\" href=\"https:\/\/bantam-corpo.dev-bantam.ch\/de\/vermietung-2015\/\" \/>\n<meta property=\"og:locale\" content=\"de_DE\" \/>\n<meta property=\"og:type\" content=\"article\" \/>\n<meta property=\"og:title\" content=\"Vermietung 2015 - Bantam\" \/>\n<meta property=\"og:description\" content=\"Warum sich nicht schon bereits jetzt\u00a0Gedanken \u00fcber den n\u00e4chsten Urlaub machen ?\u00a0\" \/>\n<meta property=\"og:url\" content=\"https:\/\/bantam-corpo.dev-bantam.ch\/de\/vermietung-2015\/\" \/>\n<meta property=\"og:site_name\" content=\"Bantam\" \/>\n<meta property=\"article:published_time\" content=\"2014-12-16T13:41:00+00:00\" \/>\n<meta property=\"article:modified_time\" content=\"2024-07-10T10:52:07+00:00\" \/>\n<meta property=\"og:image\" content=\"http:\/\/bantam-corpo.dev-bantam.ch\/wp-content\/uploads\/2024\/06\/location2015in-w720h480.jpg\" \/>\n\t<meta property=\"og:image:width\" content=\"720\" \/>\n\t<meta property=\"og:image:height\" content=\"480\" \/>\n\t<meta property=\"og:image:type\" content=\"image\/jpeg\" \/>\n<meta name=\"author\" content=\"gilles\" \/>\n<meta name=\"twitter:card\" content=\"summary_large_image\" \/>\n<meta name=\"twitter:label1\" content=\"Written by\" \/>\n\t<meta name=\"twitter:data1\" content=\"gilles\" \/>\n\t<meta name=\"twitter:label2\" content=\"Est. reading time\" \/>\n\t<meta name=\"twitter:data2\" content=\"2 Minuten\" \/>\n<script type=\"application\/ld+json\" class=\"yoast-schema-graph\">{\"@context\":\"https:\\\/\\\/schema.org\",\"@graph\":[{\"@type\":\"Article\",\"@id\":\"https:\\\/\\\/bantam-corpo.dev-bantam.ch\\\/de\\\/vermietung-2015\\\/#article\",\"isPartOf\":{\"@id\":\"https:\\\/\\\/bantam-corpo.dev-bantam.ch\\\/de\\\/vermietung-2015\\\/\"},\"author\":{\"name\":\"gilles\",\"@id\":\"https:\\\/\\\/bantam-corpo.dev-bantam.ch\\\/de\\\/#\\\/schema\\\/person\\\/5ec32dca0d907db9d0c67843d1e1b47f\"},\"headline\":\"Vermietung 2015\",\"datePublished\":\"2014-12-16T13:41:00+00:00\",\"dateModified\":\"2024-07-10T10:52:07+00:00\",\"mainEntityOfPage\":{\"@id\":\"https:\\\/\\\/bantam-corpo.dev-bantam.ch\\\/de\\\/vermietung-2015\\\/\"},\"wordCount\":274,\"image\":{\"@id\":\"https:\\\/\\\/bantam-corpo.dev-bantam.ch\\\/de\\\/vermietung-2015\\\/#primaryimage\"},\"thumbnailUrl\":\"https:\\\/\\\/bantam-corpo.dev-bantam.ch\\\/wp-content\\\/uploads\\\/2024\\\/06\\\/location2015in-w720h480.jpg\",\"articleSection\":[\"Reisemobile\",\"Vermietung\",\"Wohnwagen\"],\"inLanguage\":\"de-DE\"},{\"@type\":\"WebPage\",\"@id\":\"https:\\\/\\\/bantam-corpo.dev-bantam.ch\\\/de\\\/vermietung-2015\\\/\",\"url\":\"https:\\\/\\\/bantam-corpo.dev-bantam.ch\\\/de\\\/vermietung-2015\\\/\",\"name\":\"Vermietung 2015 - Bantam\",\"isPartOf\":{\"@id\":\"https:\\\/\\\/bantam-corpo.dev-bantam.ch\\\/de\\\/#website\"},\"primaryImageOfPage\":{\"@id\":\"https:\\\/\\\/bantam-corpo.dev-bantam.ch\\\/de\\\/vermietung-2015\\\/#primaryimage\"},\"image\":{\"@id\":\"https:\\\/\\\/bantam-corpo.dev-bantam.ch\\\/de\\\/vermietung-2015\\\/#primaryimage\"},\"thumbnailUrl\":\"https:\\\/\\\/bantam-corpo.dev-bantam.ch\\\/wp-content\\\/uploads\\\/2024\\\/06\\\/location2015in-w720h480.jpg\",\"datePublished\":\"2014-12-16T13:41:00+00:00\",\"dateModified\":\"2024-07-10T10:52:07+00:00\",\"author\":{\"@id\":\"https:\\\/\\\/bantam-corpo.dev-bantam.ch\\\/de\\\/#\\\/schema\\\/person\\\/5ec32dca0d907db9d0c67843d1e1b47f\"},\"breadcrumb\":{\"@id\":\"https:\\\/\\\/bantam-corpo.dev-bantam.ch\\\/de\\\/vermietung-2015\\\/#breadcrumb\"},\"inLanguage\":\"de-DE\",\"potentialAction\":[{\"@type\":\"ReadAction\",\"target\":[\"https:\\\/\\\/bantam-corpo.dev-bantam.ch\\\/de\\\/vermietung-2015\\\/\"]}]},{\"@type\":\"ImageObject\",\"inLanguage\":\"de-DE\",\"@id\":\"https:\\\/\\\/bantam-corpo.dev-bantam.ch\\\/de\\\/vermietung-2015\\\/#primaryimage\",\"url\":\"https:\\\/\\\/bantam-corpo.dev-bantam.ch\\\/wp-content\\\/uploads\\\/2024\\\/06\\\/location2015in-w720h480.jpg\",\"contentUrl\":\"https:\\\/\\\/bantam-corpo.dev-bantam.ch\\\/wp-content\\\/uploads\\\/2024\\\/06\\\/location2015in-w720h480.jpg\",\"width\":720,\"height\":480},{\"@type\":\"BreadcrumbList\",\"@id\":\"https:\\\/\\\/bantam-corpo.dev-bantam.ch\\\/de\\\/vermietung-2015\\\/#breadcrumb\",\"itemListElement\":[{\"@type\":\"ListItem\",\"position\":1,\"name\":\"Home\",\"item\":\"https:\\\/\\\/bantam-corpo.dev-bantam.ch\\\/de\\\/\"},{\"@type\":\"ListItem\",\"position\":2,\"name\":\"Vermietung 2015\"}]},{\"@type\":\"WebSite\",\"@id\":\"https:\\\/\\\/bantam-corpo.dev-bantam.ch\\\/de\\\/#website\",\"url\":\"https:\\\/\\\/bantam-corpo.dev-bantam.ch\\\/de\\\/\",\"name\":\"Bantam\",\"description\":\"\",\"potentialAction\":[{\"@type\":\"SearchAction\",\"target\":{\"@type\":\"EntryPoint\",\"urlTemplate\":\"https:\\\/\\\/bantam-corpo.dev-bantam.ch\\\/de\\\/?s={search_term_string}\"},\"query-input\":{\"@type\":\"PropertyValueSpecification\",\"valueRequired\":true,\"valueName\":\"search_term_string\"}}],\"inLanguage\":\"de-DE\"},{\"@type\":\"Person\",\"@id\":\"https:\\\/\\\/bantam-corpo.dev-bantam.ch\\\/de\\\/#\\\/schema\\\/person\\\/5ec32dca0d907db9d0c67843d1e1b47f\",\"name\":\"gilles\",\"image\":{\"@type\":\"ImageObject\",\"inLanguage\":\"de-DE\",\"@id\":\"https:\\\/\\\/secure.gravatar.com\\\/avatar\\\/df2d89d22fbd99c8419e05386f0ccb4a5cfc4584b3f8cf2ce5f94d300cc7c08e?s=96&d=mm&r=g\",\"url\":\"https:\\\/\\\/secure.gravatar.com\\\/avatar\\\/df2d89d22fbd99c8419e05386f0ccb4a5cfc4584b3f8cf2ce5f94d300cc7c08e?s=96&d=mm&r=g\",\"contentUrl\":\"https:\\\/\\\/secure.gravatar.com\\\/avatar\\\/df2d89d22fbd99c8419e05386f0ccb4a5cfc4584b3f8cf2ce5f94d300cc7c08e?s=96&d=mm&r=g\",\"caption\":\"gilles\"},\"url\":\"https:\\\/\\\/bantam-corpo.dev-bantam.ch\\\/de\\\/author\\\/gilles\\\/\"}]}<\/script>\n<!-- \/ Yoast SEO plugin. -->","yoast_head_json":{"title":"Vermietung 2015 - Bantam","robots":{"index":"index","follow":"follow","max-snippet":"max-snippet:-1","max-image-preview":"max-image-preview:large","max-video-preview":"max-video-preview:-1"},"canonical":"https:\/\/bantam-corpo.dev-bantam.ch\/de\/vermietung-2015\/","og_locale":"de_DE","og_type":"article","og_title":"Vermietung 2015 - Bantam","og_description":"Warum sich nicht schon bereits jetzt\u00a0Gedanken \u00fcber den n\u00e4chsten Urlaub machen ?\u00a0","og_url":"https:\/\/bantam-corpo.dev-bantam.ch\/de\/vermietung-2015\/","og_site_name":"Bantam","article_published_time":"2014-12-16T13:41:00+00:00","article_modified_time":"2024-07-10T10:52:07+00:00","og_image":[{"width":720,"height":480,"url":"http:\/\/bantam-corpo.dev-bantam.ch\/wp-content\/uploads\/2024\/06\/location2015in-w720h480.jpg","type":"image\/jpeg"}],"author":"gilles","twitter_card":"summary_large_image","twitter_misc":{"Written by":"gilles","Est. reading time":"2 Minuten"},"schema":{"@context":"https:\/\/schema.org","@graph":[{"@type":"Article","@id":"https:\/\/bantam-corpo.dev-bantam.ch\/de\/vermietung-2015\/#article","isPartOf":{"@id":"https:\/\/bantam-corpo.dev-bantam.ch\/de\/vermietung-2015\/"},"author":{"name":"gilles","@id":"https:\/\/bantam-corpo.dev-bantam.ch\/de\/#\/schema\/person\/5ec32dca0d907db9d0c67843d1e1b47f"},"headline":"Vermietung 2015","datePublished":"2014-12-16T13:41:00+00:00","dateModified":"2024-07-10T10:52:07+00:00","mainEntityOfPage":{"@id":"https:\/\/bantam-corpo.dev-bantam.ch\/de\/vermietung-2015\/"},"wordCount":274,"image":{"@id":"https:\/\/bantam-corpo.dev-bantam.ch\/de\/vermietung-2015\/#primaryimage"},"thumbnailUrl":"https:\/\/bantam-corpo.dev-bantam.ch\/wp-content\/uploads\/2024\/06\/location2015in-w720h480.jpg","articleSection":["Reisemobile","Vermietung","Wohnwagen"],"inLanguage":"de-DE"},{"@type":"WebPage","@id":"https:\/\/bantam-corpo.dev-bantam.ch\/de\/vermietung-2015\/","url":"https:\/\/bantam-corpo.dev-bantam.ch\/de\/vermietung-2015\/","name":"Vermietung 2015 - Bantam","isPartOf":{"@id":"https:\/\/bantam-corpo.dev-bantam.ch\/de\/#website"},"primaryImageOfPage":{"@id":"https:\/\/bantam-corpo.dev-bantam.ch\/de\/vermietung-2015\/#primaryimage"},"image":{"@id":"https:\/\/bantam-corpo.dev-bantam.ch\/de\/vermietung-2015\/#primaryimage"},"thumbnailUrl":"https:\/\/bantam-corpo.dev-bantam.ch\/wp-content\/uploads\/2024\/06\/location2015in-w720h480.jpg","datePublished":"2014-12-16T13:41:00+00:00","dateModified":"2024-07-10T10:52:07+00:00","author":{"@id":"https:\/\/bantam-corpo.dev-bantam.ch\/de\/#\/schema\/person\/5ec32dca0d907db9d0c67843d1e1b47f"},"breadcrumb":{"@id":"https:\/\/bantam-corpo.dev-bantam.ch\/de\/vermietung-2015\/#breadcrumb"},"inLanguage":"de-DE","potentialAction":[{"@type":"ReadAction","target":["https:\/\/bantam-corpo.dev-bantam.ch\/de\/vermietung-2015\/"]}]},{"@type":"ImageObject","inLanguage":"de-DE","@id":"https:\/\/bantam-corpo.dev-bantam.ch\/de\/vermietung-2015\/#primaryimage","url":"https:\/\/bantam-corpo.dev-bantam.ch\/wp-content\/uploads\/2024\/06\/location2015in-w720h480.jpg","contentUrl":"https:\/\/bantam-corpo.dev-bantam.ch\/wp-content\/uploads\/2024\/06\/location2015in-w720h480.jpg","width":720,"height":480},{"@type":"BreadcrumbList","@id":"https:\/\/bantam-corpo.dev-bantam.ch\/de\/vermietung-2015\/#breadcrumb","itemListElement":[{"@type":"ListItem","position":1,"name":"Home","item":"https:\/\/bantam-corpo.dev-bantam.ch\/de\/"},{"@type":"ListItem","position":2,"name":"Vermietung 2015"}]},{"@type":"WebSite","@id":"https:\/\/bantam-corpo.dev-bantam.ch\/de\/#website","url":"https:\/\/bantam-corpo.dev-bantam.ch\/de\/","name":"Bantam","description":"","potentialAction":[{"@type":"SearchAction","target":{"@type":"EntryPoint","urlTemplate":"https:\/\/bantam-corpo.dev-bantam.ch\/de\/?s={search_term_string}"},"query-input":{"@type":"PropertyValueSpecification","valueRequired":true,"valueName":"search_term_string"}}],"inLanguage":"de-DE"},{"@type":"Person","@id":"https:\/\/bantam-corpo.dev-bantam.ch\/de\/#\/schema\/person\/5ec32dca0d907db9d0c67843d1e1b47f","name":"gilles","image":{"@type":"ImageObject","inLanguage":"de-DE","@id":"https:\/\/secure.gravatar.com\/avatar\/df2d89d22fbd99c8419e05386f0ccb4a5cfc4584b3f8cf2ce5f94d300cc7c08e?s=96&d=mm&r=g","url":"https:\/\/secure.gravatar.com\/avatar\/df2d89d22fbd99c8419e05386f0ccb4a5cfc4584b3f8cf2ce5f94d300cc7c08e?s=96&d=mm&r=g","contentUrl":"https:\/\/secure.gravatar.com\/avatar\/df2d89d22fbd99c8419e05386f0ccb4a5cfc4584b3f8cf2ce5f94d300cc7c08e?s=96&d=mm&r=g","caption":"gilles"},"url":"https:\/\/bantam-corpo.dev-bantam.ch\/de\/author\/gilles\/"}]}},"publishpress_future_action":{"enabled":false,"date":"2026-05-06 10:12:15","action":"change-status","newStatus":"draft","terms":[],"taxonomy":"category","extraData":[]},"publishpress_future_workflow_manual_trigger":{"enabledWorkflows":[]},"featured_image_url":"https:\/\/bantam-corpo.dev-bantam.ch\/wp-content\/uploads\/2024\/06\/location2015in-w720h480.jpg","permalink":"https:\/\/bantam-corpo.dev-bantam.ch\/de\/vermietung-2015\/","lang":"de","_links":{"self":[{"href":"https:\/\/bantam-corpo.dev-bantam.ch\/de\/wp-json\/wp\/v2\/posts\/2872","targetHints":{"allow":["GET"]}}],"collection":[{"href":"https:\/\/bantam-corpo.dev-bantam.ch\/de\/wp-json\/wp\/v2\/posts"}],"about":[{"href":"https:\/\/bantam-corpo.dev-bantam.ch\/de\/wp-json\/wp\/v2\/types\/post"}],"author":[{"embeddable":true,"href":"https:\/\/bantam-corpo.dev-bantam.ch\/de\/wp-json\/wp\/v2\/users\/5"}],"replies":[{"embeddable":true,"href":"https:\/\/bantam-corpo.dev-bantam.ch\/de\/wp-json\/wp\/v2\/comments?post=2872"}],"version-history":[{"count":1,"href":"https:\/\/bantam-corpo.dev-bantam.ch\/de\/wp-json\/wp\/v2\/posts\/2872\/revisions"}],"predecessor-version":[{"id":2892,"href":"https:\/\/bantam-corpo.dev-bantam.ch\/de\/wp-json\/wp\/v2\/posts\/2872\/revisions\/2892"}],"wp:featuredmedia":[{"embeddable":true,"href":"https:\/\/bantam-corpo.dev-bantam.ch\/de\/wp-json\/wp\/v2\/media\/1988"}],"wp:attachment":[{"href":"https:\/\/bantam-corpo.dev-bantam.ch\/de\/wp-json\/wp\/v2\/media?parent=2872"}],"wp:term":[{"taxonomy":"category","embeddable":true,"href":"https:\/\/bantam-corpo.dev-bantam.ch\/de\/wp-json\/wp\/v2\/categories?post=2872"},{"taxonomy":"post_tag","embeddable":true,"href":"https:\/\/bantam-corpo.dev-bantam.ch\/de\/wp-json\/wp\/v2\/tags?post=2872"}],"curies":[{"name":"wp","href":"https:\/\/api.w.org\/{rel}","templated":true}]}}