{"id":2838,"date":"2015-03-04T14:36:00","date_gmt":"2015-03-04T13:36:00","guid":{"rendered":"https:\/\/bantam-corpo.dev-bantam.ch\/exposition-de-printemps-a-etagnieres\/"},"modified":"2024-09-13T17:49:01","modified_gmt":"2024-09-13T15:49:01","slug":"fruehjahrs-ausstellungen","status":"publish","type":"post","link":"https:\/\/bantam-corpo.dev-bantam.ch\/de\/fruehjahrs-ausstellungen\/","title":{"rendered":"FR\u00dcHJAHRS-AUSSTELLUNGEN"},"content":{"rendered":"\n<figure class=\"wp-block-image size-full\"><img loading=\"lazy\" decoding=\"async\" width=\"720\" height=\"500\" src=\"https:\/\/bantam-corpo.dev-bantam.ch\/wp-content\/uploads\/2024\/06\/etagnires-1-w720h480.jpg\" alt=\"\" class=\"wp-image-1205\" srcset=\"https:\/\/bantam-corpo.dev-bantam.ch\/wp-content\/uploads\/2024\/06\/etagnires-1-w720h480.jpg 720w, https:\/\/bantam-corpo.dev-bantam.ch\/wp-content\/uploads\/2024\/06\/etagnires-1-w720h480-300x208.jpg 300w\" sizes=\"auto, (max-width: 720px) 100vw, 720px\" \/><\/figure>\n\n<p>Venez f\u00eater le d\u00e9but du printemps et pr\u00e9parer vos vacances avec nous!<\/p>\n\n<p>Profitez de notre week-end d&#8217;ouverture, lors de notre exposition de printemps, pour venir d\u00e9couvrir notre vaste assortiment d&#8217;articles de camping et b\u00e9n\u00e9ficier de 10% sur tous nos accessoires.<\/p>\n\n<p>Venez \u00e9galement visiter notre exposition de v\u00e9hicules et d\u00e9couvrez nos remises Euro sur plus de 200 v\u00e9hicules en stock:<\/p>\n\n<ul class=\"wp-block-list\">\n<li>Neun<\/li>\n\n\n\n<li>Occasion<\/li>\n\n\n\n<li>Location<\/li>\n<\/ul>\n\n<p>Nos magasins seront ouverts le dimanche et nous aimerions profiter de cette occasion pour vous accueillir chaleureusement.<\/p>\n\n<p>Nous nous r\u00e9jouissons de vous recevoir dans une ambiance conviviale et d\u00e9tendue avec petite restauration et animations pour les enfants.\u00a0<\/p>\n\n<p><strong>Horaires d&#8217;ouverture:<\/strong><\/p>\n\n<h3 class=\"wp-block-heading\">du vendredi 27 au lundi 30 mars 2015\u00a0Etagni\u00e8res\/VD\u00a0<\/h3>\n\n<p>Vendredi: 9h &#8211; 19h<br\/>Samedi 9h &#8211; 17h<br\/>Dimanche: 10h &#8211; 17h<br\/>Lundi: 8h30 &#8211; 18h30<\/p>\n\n<p><strong>Egalement:<\/strong><\/p>\n\n<p><a href=\"http:\/\/www.bantam-camping.ch\/blog\/post.php?lang=de&amp;s=2015-03-04-exposition-de-printemps-etagnires\">Hindelbank\/BE<\/a>\u00a0du vendredi 20 au lundi 23 mars 2015<\/p>\n\n<p><a href=\"http:\/\/www.bantam-camping.ch\/blog\/post.php?lang=de&amp;s=2015-03-04-exposition-de-printemps-etagnires\">Urdorf\/ZH<\/a>\u00a0du vendredi 27 au lundi 30 mars 2015<\/p>\n","protected":false},"excerpt":{"rendered":"<p>Feiern\u00a0Sie mit uns\u00a0den Fr\u00fchlingsanfang und bereiten Sie sich auf Ihren Urlaub vor!<\/p>\n","protected":false},"author":5,"featured_media":1980,"comment_status":"closed","ping_status":"closed","sticky":false,"template":"","format":"standard","meta":{"_acf_changed":false,"footnotes":""},"categories":[18,19,20,21],"tags":[],"class_list":["post-2838","post","type-post","status-publish","format-standard","has-post-thumbnail","hentry","category-informationen-events","category-laden","category-reisemobile","category-wohnwagen"],"acf":[],"yoast_head":"<!-- This site is optimized with the Yoast SEO plugin v27.4 - https:\/\/yoast.com\/product\/yoast-seo-wordpress\/ -->\n<title>FR\u00dcHJAHRS-AUSSTELLUNGEN - Bantam<\/title>\n<meta name=\"robots\" content=\"index, follow, max-snippet:-1, max-image-preview:large, max-video-preview:-1\" \/>\n<link rel=\"canonical\" href=\"https:\/\/bantam-corpo.dev-bantam.ch\/de\/fruehjahrs-ausstellungen\/\" \/>\n<meta property=\"og:locale\" content=\"de_DE\" \/>\n<meta property=\"og:type\" content=\"article\" \/>\n<meta property=\"og:title\" content=\"FR\u00dcHJAHRS-AUSSTELLUNGEN - Bantam\" \/>\n<meta property=\"og:description\" content=\"Feiern\u00a0Sie mit uns\u00a0den Fr\u00fchlingsanfang und bereiten Sie sich auf Ihren Urlaub vor!\" \/>\n<meta property=\"og:url\" content=\"https:\/\/bantam-corpo.dev-bantam.ch\/de\/fruehjahrs-ausstellungen\/\" \/>\n<meta property=\"og:site_name\" content=\"Bantam\" \/>\n<meta property=\"article:published_time\" content=\"2015-03-04T13:36:00+00:00\" \/>\n<meta property=\"article:modified_time\" content=\"2024-09-13T15:49:01+00:00\" \/>\n<meta property=\"og:image\" content=\"http:\/\/bantam-corpo.dev-bantam.ch\/wp-content\/uploads\/2024\/06\/etagnires-1-w720h480.jpg\" \/>\n\t<meta property=\"og:image:width\" content=\"720\" \/>\n\t<meta property=\"og:image:height\" content=\"500\" \/>\n\t<meta property=\"og:image:type\" content=\"image\/jpeg\" \/>\n<meta name=\"author\" content=\"gilles\" \/>\n<meta name=\"twitter:card\" content=\"summary_large_image\" \/>\n<meta name=\"twitter:label1\" content=\"Written by\" \/>\n\t<meta name=\"twitter:data1\" content=\"gilles\" \/>\n\t<meta name=\"twitter:label2\" content=\"Est. reading time\" \/>\n\t<meta name=\"twitter:data2\" content=\"2 Minuten\" \/>\n<script type=\"application\/ld+json\" class=\"yoast-schema-graph\">{\"@context\":\"https:\\\/\\\/schema.org\",\"@graph\":[{\"@type\":\"Article\",\"@id\":\"https:\\\/\\\/bantam-corpo.dev-bantam.ch\\\/de\\\/fruehjahrs-ausstellungen\\\/#article\",\"isPartOf\":{\"@id\":\"https:\\\/\\\/bantam-corpo.dev-bantam.ch\\\/de\\\/fruehjahrs-ausstellungen\\\/\"},\"author\":{\"name\":\"gilles\",\"@id\":\"https:\\\/\\\/bantam-corpo.dev-bantam.ch\\\/de\\\/#\\\/schema\\\/person\\\/5ec32dca0d907db9d0c67843d1e1b47f\"},\"headline\":\"FR\u00dcHJAHRS-AUSSTELLUNGEN\",\"datePublished\":\"2015-03-04T13:36:00+00:00\",\"dateModified\":\"2024-09-13T15:49:01+00:00\",\"mainEntityOfPage\":{\"@id\":\"https:\\\/\\\/bantam-corpo.dev-bantam.ch\\\/de\\\/fruehjahrs-ausstellungen\\\/\"},\"wordCount\":151,\"image\":{\"@id\":\"https:\\\/\\\/bantam-corpo.dev-bantam.ch\\\/de\\\/fruehjahrs-ausstellungen\\\/#primaryimage\"},\"thumbnailUrl\":\"https:\\\/\\\/bantam-corpo.dev-bantam.ch\\\/wp-content\\\/uploads\\\/2024\\\/06\\\/etagnires-1-w720h480.jpg\",\"articleSection\":[\"Informationen \\\/ Events\",\"Laden\",\"Reisemobile\",\"Wohnwagen\"],\"inLanguage\":\"de-DE\"},{\"@type\":\"WebPage\",\"@id\":\"https:\\\/\\\/bantam-corpo.dev-bantam.ch\\\/de\\\/fruehjahrs-ausstellungen\\\/\",\"url\":\"https:\\\/\\\/bantam-corpo.dev-bantam.ch\\\/de\\\/fruehjahrs-ausstellungen\\\/\",\"name\":\"FR\u00dcHJAHRS-AUSSTELLUNGEN - Bantam\",\"isPartOf\":{\"@id\":\"https:\\\/\\\/bantam-corpo.dev-bantam.ch\\\/de\\\/#website\"},\"primaryImageOfPage\":{\"@id\":\"https:\\\/\\\/bantam-corpo.dev-bantam.ch\\\/de\\\/fruehjahrs-ausstellungen\\\/#primaryimage\"},\"image\":{\"@id\":\"https:\\\/\\\/bantam-corpo.dev-bantam.ch\\\/de\\\/fruehjahrs-ausstellungen\\\/#primaryimage\"},\"thumbnailUrl\":\"https:\\\/\\\/bantam-corpo.dev-bantam.ch\\\/wp-content\\\/uploads\\\/2024\\\/06\\\/etagnires-1-w720h480.jpg\",\"datePublished\":\"2015-03-04T13:36:00+00:00\",\"dateModified\":\"2024-09-13T15:49:01+00:00\",\"author\":{\"@id\":\"https:\\\/\\\/bantam-corpo.dev-bantam.ch\\\/de\\\/#\\\/schema\\\/person\\\/5ec32dca0d907db9d0c67843d1e1b47f\"},\"breadcrumb\":{\"@id\":\"https:\\\/\\\/bantam-corpo.dev-bantam.ch\\\/de\\\/fruehjahrs-ausstellungen\\\/#breadcrumb\"},\"inLanguage\":\"de-DE\",\"potentialAction\":[{\"@type\":\"ReadAction\",\"target\":[\"https:\\\/\\\/bantam-corpo.dev-bantam.ch\\\/de\\\/fruehjahrs-ausstellungen\\\/\"]}]},{\"@type\":\"ImageObject\",\"inLanguage\":\"de-DE\",\"@id\":\"https:\\\/\\\/bantam-corpo.dev-bantam.ch\\\/de\\\/fruehjahrs-ausstellungen\\\/#primaryimage\",\"url\":\"https:\\\/\\\/bantam-corpo.dev-bantam.ch\\\/wp-content\\\/uploads\\\/2024\\\/06\\\/etagnires-1-w720h480.jpg\",\"contentUrl\":\"https:\\\/\\\/bantam-corpo.dev-bantam.ch\\\/wp-content\\\/uploads\\\/2024\\\/06\\\/etagnires-1-w720h480.jpg\",\"width\":720,\"height\":500},{\"@type\":\"BreadcrumbList\",\"@id\":\"https:\\\/\\\/bantam-corpo.dev-bantam.ch\\\/de\\\/fruehjahrs-ausstellungen\\\/#breadcrumb\",\"itemListElement\":[{\"@type\":\"ListItem\",\"position\":1,\"name\":\"Home\",\"item\":\"https:\\\/\\\/bantam-corpo.dev-bantam.ch\\\/de\\\/\"},{\"@type\":\"ListItem\",\"position\":2,\"name\":\"FR\u00dcHJAHRS-AUSSTELLUNGEN\"}]},{\"@type\":\"WebSite\",\"@id\":\"https:\\\/\\\/bantam-corpo.dev-bantam.ch\\\/de\\\/#website\",\"url\":\"https:\\\/\\\/bantam-corpo.dev-bantam.ch\\\/de\\\/\",\"name\":\"Bantam\",\"description\":\"\",\"potentialAction\":[{\"@type\":\"SearchAction\",\"target\":{\"@type\":\"EntryPoint\",\"urlTemplate\":\"https:\\\/\\\/bantam-corpo.dev-bantam.ch\\\/de\\\/?s={search_term_string}\"},\"query-input\":{\"@type\":\"PropertyValueSpecification\",\"valueRequired\":true,\"valueName\":\"search_term_string\"}}],\"inLanguage\":\"de-DE\"},{\"@type\":\"Person\",\"@id\":\"https:\\\/\\\/bantam-corpo.dev-bantam.ch\\\/de\\\/#\\\/schema\\\/person\\\/5ec32dca0d907db9d0c67843d1e1b47f\",\"name\":\"gilles\",\"image\":{\"@type\":\"ImageObject\",\"inLanguage\":\"de-DE\",\"@id\":\"https:\\\/\\\/secure.gravatar.com\\\/avatar\\\/df2d89d22fbd99c8419e05386f0ccb4a5cfc4584b3f8cf2ce5f94d300cc7c08e?s=96&d=mm&r=g\",\"url\":\"https:\\\/\\\/secure.gravatar.com\\\/avatar\\\/df2d89d22fbd99c8419e05386f0ccb4a5cfc4584b3f8cf2ce5f94d300cc7c08e?s=96&d=mm&r=g\",\"contentUrl\":\"https:\\\/\\\/secure.gravatar.com\\\/avatar\\\/df2d89d22fbd99c8419e05386f0ccb4a5cfc4584b3f8cf2ce5f94d300cc7c08e?s=96&d=mm&r=g\",\"caption\":\"gilles\"},\"url\":\"https:\\\/\\\/bantam-corpo.dev-bantam.ch\\\/de\\\/author\\\/gilles\\\/\"}]}<\/script>\n<!-- \/ Yoast SEO plugin. -->","yoast_head_json":{"title":"FR\u00dcHJAHRS-AUSSTELLUNGEN - Bantam","robots":{"index":"index","follow":"follow","max-snippet":"max-snippet:-1","max-image-preview":"max-image-preview:large","max-video-preview":"max-video-preview:-1"},"canonical":"https:\/\/bantam-corpo.dev-bantam.ch\/de\/fruehjahrs-ausstellungen\/","og_locale":"de_DE","og_type":"article","og_title":"FR\u00dcHJAHRS-AUSSTELLUNGEN - Bantam","og_description":"Feiern\u00a0Sie mit uns\u00a0den Fr\u00fchlingsanfang und bereiten Sie sich auf Ihren Urlaub vor!","og_url":"https:\/\/bantam-corpo.dev-bantam.ch\/de\/fruehjahrs-ausstellungen\/","og_site_name":"Bantam","article_published_time":"2015-03-04T13:36:00+00:00","article_modified_time":"2024-09-13T15:49:01+00:00","og_image":[{"width":720,"height":500,"url":"http:\/\/bantam-corpo.dev-bantam.ch\/wp-content\/uploads\/2024\/06\/etagnires-1-w720h480.jpg","type":"image\/jpeg"}],"author":"gilles","twitter_card":"summary_large_image","twitter_misc":{"Written by":"gilles","Est. reading time":"2 Minuten"},"schema":{"@context":"https:\/\/schema.org","@graph":[{"@type":"Article","@id":"https:\/\/bantam-corpo.dev-bantam.ch\/de\/fruehjahrs-ausstellungen\/#article","isPartOf":{"@id":"https:\/\/bantam-corpo.dev-bantam.ch\/de\/fruehjahrs-ausstellungen\/"},"author":{"name":"gilles","@id":"https:\/\/bantam-corpo.dev-bantam.ch\/de\/#\/schema\/person\/5ec32dca0d907db9d0c67843d1e1b47f"},"headline":"FR\u00dcHJAHRS-AUSSTELLUNGEN","datePublished":"2015-03-04T13:36:00+00:00","dateModified":"2024-09-13T15:49:01+00:00","mainEntityOfPage":{"@id":"https:\/\/bantam-corpo.dev-bantam.ch\/de\/fruehjahrs-ausstellungen\/"},"wordCount":151,"image":{"@id":"https:\/\/bantam-corpo.dev-bantam.ch\/de\/fruehjahrs-ausstellungen\/#primaryimage"},"thumbnailUrl":"https:\/\/bantam-corpo.dev-bantam.ch\/wp-content\/uploads\/2024\/06\/etagnires-1-w720h480.jpg","articleSection":["Informationen \/ Events","Laden","Reisemobile","Wohnwagen"],"inLanguage":"de-DE"},{"@type":"WebPage","@id":"https:\/\/bantam-corpo.dev-bantam.ch\/de\/fruehjahrs-ausstellungen\/","url":"https:\/\/bantam-corpo.dev-bantam.ch\/de\/fruehjahrs-ausstellungen\/","name":"FR\u00dcHJAHRS-AUSSTELLUNGEN - Bantam","isPartOf":{"@id":"https:\/\/bantam-corpo.dev-bantam.ch\/de\/#website"},"primaryImageOfPage":{"@id":"https:\/\/bantam-corpo.dev-bantam.ch\/de\/fruehjahrs-ausstellungen\/#primaryimage"},"image":{"@id":"https:\/\/bantam-corpo.dev-bantam.ch\/de\/fruehjahrs-ausstellungen\/#primaryimage"},"thumbnailUrl":"https:\/\/bantam-corpo.dev-bantam.ch\/wp-content\/uploads\/2024\/06\/etagnires-1-w720h480.jpg","datePublished":"2015-03-04T13:36:00+00:00","dateModified":"2024-09-13T15:49:01+00:00","author":{"@id":"https:\/\/bantam-corpo.dev-bantam.ch\/de\/#\/schema\/person\/5ec32dca0d907db9d0c67843d1e1b47f"},"breadcrumb":{"@id":"https:\/\/bantam-corpo.dev-bantam.ch\/de\/fruehjahrs-ausstellungen\/#breadcrumb"},"inLanguage":"de-DE","potentialAction":[{"@type":"ReadAction","target":["https:\/\/bantam-corpo.dev-bantam.ch\/de\/fruehjahrs-ausstellungen\/"]}]},{"@type":"ImageObject","inLanguage":"de-DE","@id":"https:\/\/bantam-corpo.dev-bantam.ch\/de\/fruehjahrs-ausstellungen\/#primaryimage","url":"https:\/\/bantam-corpo.dev-bantam.ch\/wp-content\/uploads\/2024\/06\/etagnires-1-w720h480.jpg","contentUrl":"https:\/\/bantam-corpo.dev-bantam.ch\/wp-content\/uploads\/2024\/06\/etagnires-1-w720h480.jpg","width":720,"height":500},{"@type":"BreadcrumbList","@id":"https:\/\/bantam-corpo.dev-bantam.ch\/de\/fruehjahrs-ausstellungen\/#breadcrumb","itemListElement":[{"@type":"ListItem","position":1,"name":"Home","item":"https:\/\/bantam-corpo.dev-bantam.ch\/de\/"},{"@type":"ListItem","position":2,"name":"FR\u00dcHJAHRS-AUSSTELLUNGEN"}]},{"@type":"WebSite","@id":"https:\/\/bantam-corpo.dev-bantam.ch\/de\/#website","url":"https:\/\/bantam-corpo.dev-bantam.ch\/de\/","name":"Bantam","description":"","potentialAction":[{"@type":"SearchAction","target":{"@type":"EntryPoint","urlTemplate":"https:\/\/bantam-corpo.dev-bantam.ch\/de\/?s={search_term_string}"},"query-input":{"@type":"PropertyValueSpecification","valueRequired":true,"valueName":"search_term_string"}}],"inLanguage":"de-DE"},{"@type":"Person","@id":"https:\/\/bantam-corpo.dev-bantam.ch\/de\/#\/schema\/person\/5ec32dca0d907db9d0c67843d1e1b47f","name":"gilles","image":{"@type":"ImageObject","inLanguage":"de-DE","@id":"https:\/\/secure.gravatar.com\/avatar\/df2d89d22fbd99c8419e05386f0ccb4a5cfc4584b3f8cf2ce5f94d300cc7c08e?s=96&d=mm&r=g","url":"https:\/\/secure.gravatar.com\/avatar\/df2d89d22fbd99c8419e05386f0ccb4a5cfc4584b3f8cf2ce5f94d300cc7c08e?s=96&d=mm&r=g","contentUrl":"https:\/\/secure.gravatar.com\/avatar\/df2d89d22fbd99c8419e05386f0ccb4a5cfc4584b3f8cf2ce5f94d300cc7c08e?s=96&d=mm&r=g","caption":"gilles"},"url":"https:\/\/bantam-corpo.dev-bantam.ch\/de\/author\/gilles\/"}]}},"publishpress_future_action":{"enabled":false,"date":"2026-05-06 13:07:28","action":"change-status","newStatus":"draft","terms":[],"taxonomy":"category","extraData":[]},"publishpress_future_workflow_manual_trigger":{"enabledWorkflows":[]},"featured_image_url":"https:\/\/bantam-corpo.dev-bantam.ch\/wp-content\/uploads\/2024\/06\/etagnires-1-w720h480.jpg","permalink":"https:\/\/bantam-corpo.dev-bantam.ch\/de\/fruehjahrs-ausstellungen\/","lang":"de","_links":{"self":[{"href":"https:\/\/bantam-corpo.dev-bantam.ch\/de\/wp-json\/wp\/v2\/posts\/2838","targetHints":{"allow":["GET"]}}],"collection":[{"href":"https:\/\/bantam-corpo.dev-bantam.ch\/de\/wp-json\/wp\/v2\/posts"}],"about":[{"href":"https:\/\/bantam-corpo.dev-bantam.ch\/de\/wp-json\/wp\/v2\/types\/post"}],"author":[{"embeddable":true,"href":"https:\/\/bantam-corpo.dev-bantam.ch\/de\/wp-json\/wp\/v2\/users\/5"}],"replies":[{"embeddable":true,"href":"https:\/\/bantam-corpo.dev-bantam.ch\/de\/wp-json\/wp\/v2\/comments?post=2838"}],"version-history":[{"count":3,"href":"https:\/\/bantam-corpo.dev-bantam.ch\/de\/wp-json\/wp\/v2\/posts\/2838\/revisions"}],"predecessor-version":[{"id":4075,"href":"https:\/\/bantam-corpo.dev-bantam.ch\/de\/wp-json\/wp\/v2\/posts\/2838\/revisions\/4075"}],"wp:featuredmedia":[{"embeddable":true,"href":"https:\/\/bantam-corpo.dev-bantam.ch\/de\/wp-json\/wp\/v2\/media\/1980"}],"wp:attachment":[{"href":"https:\/\/bantam-corpo.dev-bantam.ch\/de\/wp-json\/wp\/v2\/media?parent=2838"}],"wp:term":[{"taxonomy":"category","embeddable":true,"href":"https:\/\/bantam-corpo.dev-bantam.ch\/de\/wp-json\/wp\/v2\/categories?post=2838"},{"taxonomy":"post_tag","embeddable":true,"href":"https:\/\/bantam-corpo.dev-bantam.ch\/de\/wp-json\/wp\/v2\/tags?post=2838"}],"curies":[{"name":"wp","href":"https:\/\/api.w.org\/{rel}","templated":true}]}}