{"id":2828,"date":"2015-07-13T14:19:00","date_gmt":"2015-07-13T12:19:00","guid":{"rendered":"https:\/\/bantam-corpo.dev-bantam.ch\/tentes-de-festivals\/"},"modified":"2024-07-10T11:04:50","modified_gmt":"2024-07-10T09:04:50","slug":"festival-zelte","status":"publish","type":"post","link":"https:\/\/bantam-corpo.dev-bantam.ch\/de\/festival-zelte\/","title":{"rendered":"Festival-Zelte"},"content":{"rendered":"\n<figure class=\"wp-block-image size-full\"><img loading=\"lazy\" decoding=\"async\" width=\"720\" height=\"480\" src=\"https:\/\/bantam-corpo.dev-bantam.ch\/wp-content\/uploads\/2024\/06\/news3-w720h480.jpg\" alt=\"\" class=\"wp-image-1155\" srcset=\"https:\/\/bantam-corpo.dev-bantam.ch\/wp-content\/uploads\/2024\/06\/news3-w720h480.jpg 720w, https:\/\/bantam-corpo.dev-bantam.ch\/wp-content\/uploads\/2024\/06\/news3-w720h480-300x200.jpg 300w\" sizes=\"auto, (max-width: 720px) 100vw, 720px\" \/><\/figure>\n\n\n\n<p>Festivals und Camping &#8211; eine tolle Erfahrung<\/p>\n\n\n\n<p>Profitieren Sie den ganzen Sommer von den Openairs und entspannen Sie sich nach einem mitreissenden Konzert auf dem Campingplatz. Feiern Sie mit Ihren Freunden und grillen Sie am grossen Lagerfeuer.<\/p>\n\n\n\n<p>Um schon am Vortag auf Platz zu sein und am n\u00e4chsten Tag ab dem ersten Konzert dabei zu sein, werden den Besuchern adaptierte Campingpl\u00e4tze auf dem Festgel\u00e4nde zur Verf\u00fcgung gestellt. R\u00fcsten Sie sich mit dem idealen Zelt aus und profitieren Sie von unserem guten Preis-\/Leistungsverh\u00e4ltnis.<\/p>\n\n\n\n<p>Hier eine Auswahl von einfachen und m\u00fchelos aufzustellenden Zelten f\u00fcr 2 \u2013 3 Personen. Einmal eingerichtet mit Matratze und Schlafsack, den Rucksack gut verstaut, kann das Festival beginnen. Unsere Zelte erhalten Sie in verschiedenen Farben. Das erlaubt Ihnen, Ihr Zelt sogar bei Nacht und \u00fcberf\u00fclltem Campingplatz leicht zu finden.<\/p>\n\n\n\n<p><strong>Rocky 2<\/strong><\/p>\n\n\n\n<figure class=\"wp-block-image size-full\"><img loading=\"lazy\" decoding=\"async\" width=\"300\" height=\"183\" src=\"https:\/\/bantam-corpo.dev-bantam.ch\/wp-content\/uploads\/2024\/06\/rocky2grey-green-w300h300.jpg\" alt=\"\" class=\"wp-image-1156\"\/><\/figure>\n\n\n\n<p><a href=\"http:\/\/www.bantam-camping.ch\/webshop-fr\/fr\/Tentes\/Tentes-de-trekking\/Rocky-2.html?listtype=search&amp;searchparam=76615001\" target=\"_blank\" rel=\"noreferrer noopener\">Art. 76615001<\/a>&nbsp;CHF 89.-<\/p>\n\n\n\n<p><strong>Rocky 3<\/strong><\/p>\n\n\n\n<p><a href=\"http:\/\/www.bantam-camping.ch\/webshop-fr\/fr\/Tentes\/Tentes-de-trekking\/Rocky-3.html?listtype=search&amp;searchparam=76615002\" target=\"_blank\" rel=\"noreferrer noopener\"><\/a><\/p>\n\n\n\n<figure class=\"wp-block-image size-full\"><img loading=\"lazy\" decoding=\"async\" width=\"300\" height=\"174\" src=\"https:\/\/bantam-corpo.dev-bantam.ch\/wp-content\/uploads\/2024\/06\/rocky3grey-red-w300h300-1.jpg\" alt=\"\" class=\"wp-image-1158\"\/><\/figure>\n\n\n\n<p><a href=\"http:\/\/www.bantam-camping.ch\/webshop-fr\/fr\/Tentes\/Tentes-de-trekking\/Rocky-3.html?listtype=search&amp;searchparam=76615002\" target=\"_blank\" rel=\"noreferrer noopener\">Art. 76615002<\/a>&nbsp;CHF 99.-<\/p>\n\n\n\n<p><strong>Image People<\/strong><\/p>\n\n\n\n<figure class=\"wp-block-image size-full\"><img loading=\"lazy\" decoding=\"async\" width=\"300\" height=\"151\" src=\"https:\/\/bantam-corpo.dev-bantam.ch\/wp-content\/uploads\/2024\/06\/120145imagepeople-1-w300h300-2.jpg\" alt=\"\" class=\"wp-image-1159\"\/><\/figure>\n\n\n\n<p><a href=\"http:\/\/www.bantam-camping.ch\/webshop-de\/Zelte\/Image-people.html?listtype=search&amp;searchparam=15015101\" target=\"_blank\" rel=\"noreferrer noopener\">Art. 15015101<\/a>\u00a0CHF 99.- statt\u00a0<s>CHF 119.-<\/s><\/p>\n\n\n\n<p><strong>Meteor 300<\/strong><\/p>\n\n\n\n<figure class=\"wp-block-image size-full\"><img loading=\"lazy\" decoding=\"async\" width=\"300\" height=\"150\" src=\"https:\/\/bantam-corpo.dev-bantam.ch\/wp-content\/uploads\/2024\/06\/120112meteor300-w300h300.jpg\" alt=\"\" class=\"wp-image-1160\"\/><\/figure>\n\n\n\n<p><a href=\"http:\/\/www.bantam-camping.ch\/webshop-de\/Zelte\/Meteor-300.html?listtype=search&amp;searchparam=15015100\" target=\"_blank\" rel=\"noreferrer noopener\">Art. 15015100<\/a>\u00a0CHF 99.-\u00a0statt\u00a0<s>CHF 119.-<\/s><\/p>\n\n\n\n<p><\/p>\n\n\n\n<p><\/p>\n\n\n\n<p><strong>Woodstock 2<\/strong><\/p>\n\n\n\n<figure class=\"wp-block-image size-full\"><img loading=\"lazy\" decoding=\"async\" width=\"300\" height=\"182\" src=\"https:\/\/bantam-corpo.dev-bantam.ch\/wp-content\/uploads\/2024\/06\/woodstock2blau-w300h300.jpg\" alt=\"\" class=\"wp-image-1164\"\/><\/figure>\n\n\n\n<p><a href=\"http:\/\/www.bantam-camping.ch\/webshop-fr\/fr\/Tentes\/Tentes-de-trekking\/WOODSTOCK-2.html?listtype=search&amp;searchparam=woodstock\" target=\"_blank\" rel=\"noreferrer noopener\">Art. 15014032<\/a>&nbsp;CHF 169.-<\/p>\n\n\n\n<p><\/p>\n\n\n\n<p>Um mehr zu erfahren, lesen Sie unseren Artikel &#8222;<a href=\"http:\/\/www.bantam-camping.ch\/blog\/post.php?s=2014-05-22-comment-choisir-une-tente-\" target=\"_blank\" rel=\"noreferrer noopener\">Tipps zum Kauf von Outdoor Zelten<\/a>&#8222;<\/p>\n\n\n\n<p>F\u00fcr zus\u00e4tzliche Ausk\u00fcnfte wenden Sie Sich an unser Ladenpersonal:<\/p>\n\n\n\n<p>Hindelbank \/ BE : 034 411 90 90<\/p>\n\n\n\n<p>Urdorf \/ ZH : 044 777 00 00<\/p>\n","protected":false},"excerpt":{"rendered":"<p>Festivals und Camping &#8211; eine tolle Erfahrung<\/p>\n","protected":false},"author":5,"featured_media":1950,"comment_status":"closed","ping_status":"closed","sticky":false,"template":"","format":"standard","meta":{"_acf_changed":false,"footnotes":""},"categories":[19,23],"tags":[],"class_list":["post-2828","post","type-post","status-publish","format-standard","has-post-thumbnail","hentry","category-laden","category-sonderangebote"],"acf":[],"yoast_head":"<!-- This site is optimized with the Yoast SEO plugin v27.4 - https:\/\/yoast.com\/product\/yoast-seo-wordpress\/ -->\n<title>Festival-Zelte - Bantam<\/title>\n<meta name=\"robots\" content=\"index, follow, max-snippet:-1, max-image-preview:large, max-video-preview:-1\" \/>\n<link rel=\"canonical\" href=\"https:\/\/bantam-corpo.dev-bantam.ch\/de\/festival-zelte\/\" \/>\n<meta property=\"og:locale\" content=\"de_DE\" \/>\n<meta property=\"og:type\" content=\"article\" \/>\n<meta property=\"og:title\" content=\"Festival-Zelte - Bantam\" \/>\n<meta property=\"og:description\" content=\"Festivals und Camping - eine tolle Erfahrung\" \/>\n<meta property=\"og:url\" content=\"https:\/\/bantam-corpo.dev-bantam.ch\/de\/festival-zelte\/\" \/>\n<meta property=\"og:site_name\" content=\"Bantam\" \/>\n<meta property=\"article:published_time\" content=\"2015-07-13T12:19:00+00:00\" \/>\n<meta property=\"article:modified_time\" content=\"2024-07-10T09:04:50+00:00\" \/>\n<meta property=\"og:image\" content=\"http:\/\/bantam-corpo.dev-bantam.ch\/wp-content\/uploads\/2024\/06\/news3-w720h480.jpg\" \/>\n\t<meta property=\"og:image:width\" content=\"720\" \/>\n\t<meta property=\"og:image:height\" content=\"480\" \/>\n\t<meta property=\"og:image:type\" content=\"image\/jpeg\" \/>\n<meta name=\"author\" content=\"gilles\" \/>\n<meta name=\"twitter:card\" content=\"summary_large_image\" \/>\n<meta name=\"twitter:label1\" content=\"Written by\" \/>\n\t<meta name=\"twitter:data1\" content=\"gilles\" \/>\n\t<meta name=\"twitter:label2\" content=\"Est. reading time\" \/>\n\t<meta name=\"twitter:data2\" content=\"3 Minuten\" \/>\n<script type=\"application\/ld+json\" class=\"yoast-schema-graph\">{\"@context\":\"https:\\\/\\\/schema.org\",\"@graph\":[{\"@type\":\"Article\",\"@id\":\"https:\\\/\\\/bantam-corpo.dev-bantam.ch\\\/de\\\/festival-zelte\\\/#article\",\"isPartOf\":{\"@id\":\"https:\\\/\\\/bantam-corpo.dev-bantam.ch\\\/de\\\/festival-zelte\\\/\"},\"author\":{\"name\":\"gilles\",\"@id\":\"https:\\\/\\\/bantam-corpo.dev-bantam.ch\\\/de\\\/#\\\/schema\\\/person\\\/5ec32dca0d907db9d0c67843d1e1b47f\"},\"headline\":\"Festival-Zelte\",\"datePublished\":\"2015-07-13T12:19:00+00:00\",\"dateModified\":\"2024-07-10T09:04:50+00:00\",\"mainEntityOfPage\":{\"@id\":\"https:\\\/\\\/bantam-corpo.dev-bantam.ch\\\/de\\\/festival-zelte\\\/\"},\"wordCount\":199,\"image\":{\"@id\":\"https:\\\/\\\/bantam-corpo.dev-bantam.ch\\\/de\\\/festival-zelte\\\/#primaryimage\"},\"thumbnailUrl\":\"https:\\\/\\\/bantam-corpo.dev-bantam.ch\\\/wp-content\\\/uploads\\\/2024\\\/06\\\/news3-w720h480.jpg\",\"articleSection\":[\"Laden\",\"Sonderangebote\"],\"inLanguage\":\"de-DE\"},{\"@type\":\"WebPage\",\"@id\":\"https:\\\/\\\/bantam-corpo.dev-bantam.ch\\\/de\\\/festival-zelte\\\/\",\"url\":\"https:\\\/\\\/bantam-corpo.dev-bantam.ch\\\/de\\\/festival-zelte\\\/\",\"name\":\"Festival-Zelte - Bantam\",\"isPartOf\":{\"@id\":\"https:\\\/\\\/bantam-corpo.dev-bantam.ch\\\/de\\\/#website\"},\"primaryImageOfPage\":{\"@id\":\"https:\\\/\\\/bantam-corpo.dev-bantam.ch\\\/de\\\/festival-zelte\\\/#primaryimage\"},\"image\":{\"@id\":\"https:\\\/\\\/bantam-corpo.dev-bantam.ch\\\/de\\\/festival-zelte\\\/#primaryimage\"},\"thumbnailUrl\":\"https:\\\/\\\/bantam-corpo.dev-bantam.ch\\\/wp-content\\\/uploads\\\/2024\\\/06\\\/news3-w720h480.jpg\",\"datePublished\":\"2015-07-13T12:19:00+00:00\",\"dateModified\":\"2024-07-10T09:04:50+00:00\",\"author\":{\"@id\":\"https:\\\/\\\/bantam-corpo.dev-bantam.ch\\\/de\\\/#\\\/schema\\\/person\\\/5ec32dca0d907db9d0c67843d1e1b47f\"},\"breadcrumb\":{\"@id\":\"https:\\\/\\\/bantam-corpo.dev-bantam.ch\\\/de\\\/festival-zelte\\\/#breadcrumb\"},\"inLanguage\":\"de-DE\",\"potentialAction\":[{\"@type\":\"ReadAction\",\"target\":[\"https:\\\/\\\/bantam-corpo.dev-bantam.ch\\\/de\\\/festival-zelte\\\/\"]}]},{\"@type\":\"ImageObject\",\"inLanguage\":\"de-DE\",\"@id\":\"https:\\\/\\\/bantam-corpo.dev-bantam.ch\\\/de\\\/festival-zelte\\\/#primaryimage\",\"url\":\"https:\\\/\\\/bantam-corpo.dev-bantam.ch\\\/wp-content\\\/uploads\\\/2024\\\/06\\\/news3-w720h480.jpg\",\"contentUrl\":\"https:\\\/\\\/bantam-corpo.dev-bantam.ch\\\/wp-content\\\/uploads\\\/2024\\\/06\\\/news3-w720h480.jpg\",\"width\":720,\"height\":480},{\"@type\":\"BreadcrumbList\",\"@id\":\"https:\\\/\\\/bantam-corpo.dev-bantam.ch\\\/de\\\/festival-zelte\\\/#breadcrumb\",\"itemListElement\":[{\"@type\":\"ListItem\",\"position\":1,\"name\":\"Home\",\"item\":\"https:\\\/\\\/bantam-corpo.dev-bantam.ch\\\/de\\\/\"},{\"@type\":\"ListItem\",\"position\":2,\"name\":\"Festival-Zelte\"}]},{\"@type\":\"WebSite\",\"@id\":\"https:\\\/\\\/bantam-corpo.dev-bantam.ch\\\/de\\\/#website\",\"url\":\"https:\\\/\\\/bantam-corpo.dev-bantam.ch\\\/de\\\/\",\"name\":\"Bantam\",\"description\":\"\",\"potentialAction\":[{\"@type\":\"SearchAction\",\"target\":{\"@type\":\"EntryPoint\",\"urlTemplate\":\"https:\\\/\\\/bantam-corpo.dev-bantam.ch\\\/de\\\/?s={search_term_string}\"},\"query-input\":{\"@type\":\"PropertyValueSpecification\",\"valueRequired\":true,\"valueName\":\"search_term_string\"}}],\"inLanguage\":\"de-DE\"},{\"@type\":\"Person\",\"@id\":\"https:\\\/\\\/bantam-corpo.dev-bantam.ch\\\/de\\\/#\\\/schema\\\/person\\\/5ec32dca0d907db9d0c67843d1e1b47f\",\"name\":\"gilles\",\"image\":{\"@type\":\"ImageObject\",\"inLanguage\":\"de-DE\",\"@id\":\"https:\\\/\\\/secure.gravatar.com\\\/avatar\\\/df2d89d22fbd99c8419e05386f0ccb4a5cfc4584b3f8cf2ce5f94d300cc7c08e?s=96&d=mm&r=g\",\"url\":\"https:\\\/\\\/secure.gravatar.com\\\/avatar\\\/df2d89d22fbd99c8419e05386f0ccb4a5cfc4584b3f8cf2ce5f94d300cc7c08e?s=96&d=mm&r=g\",\"contentUrl\":\"https:\\\/\\\/secure.gravatar.com\\\/avatar\\\/df2d89d22fbd99c8419e05386f0ccb4a5cfc4584b3f8cf2ce5f94d300cc7c08e?s=96&d=mm&r=g\",\"caption\":\"gilles\"},\"url\":\"https:\\\/\\\/bantam-corpo.dev-bantam.ch\\\/de\\\/author\\\/gilles\\\/\"}]}<\/script>\n<!-- \/ Yoast SEO plugin. -->","yoast_head_json":{"title":"Festival-Zelte - Bantam","robots":{"index":"index","follow":"follow","max-snippet":"max-snippet:-1","max-image-preview":"max-image-preview:large","max-video-preview":"max-video-preview:-1"},"canonical":"https:\/\/bantam-corpo.dev-bantam.ch\/de\/festival-zelte\/","og_locale":"de_DE","og_type":"article","og_title":"Festival-Zelte - Bantam","og_description":"Festivals und Camping - eine tolle Erfahrung","og_url":"https:\/\/bantam-corpo.dev-bantam.ch\/de\/festival-zelte\/","og_site_name":"Bantam","article_published_time":"2015-07-13T12:19:00+00:00","article_modified_time":"2024-07-10T09:04:50+00:00","og_image":[{"width":720,"height":480,"url":"http:\/\/bantam-corpo.dev-bantam.ch\/wp-content\/uploads\/2024\/06\/news3-w720h480.jpg","type":"image\/jpeg"}],"author":"gilles","twitter_card":"summary_large_image","twitter_misc":{"Written by":"gilles","Est. reading time":"3 Minuten"},"schema":{"@context":"https:\/\/schema.org","@graph":[{"@type":"Article","@id":"https:\/\/bantam-corpo.dev-bantam.ch\/de\/festival-zelte\/#article","isPartOf":{"@id":"https:\/\/bantam-corpo.dev-bantam.ch\/de\/festival-zelte\/"},"author":{"name":"gilles","@id":"https:\/\/bantam-corpo.dev-bantam.ch\/de\/#\/schema\/person\/5ec32dca0d907db9d0c67843d1e1b47f"},"headline":"Festival-Zelte","datePublished":"2015-07-13T12:19:00+00:00","dateModified":"2024-07-10T09:04:50+00:00","mainEntityOfPage":{"@id":"https:\/\/bantam-corpo.dev-bantam.ch\/de\/festival-zelte\/"},"wordCount":199,"image":{"@id":"https:\/\/bantam-corpo.dev-bantam.ch\/de\/festival-zelte\/#primaryimage"},"thumbnailUrl":"https:\/\/bantam-corpo.dev-bantam.ch\/wp-content\/uploads\/2024\/06\/news3-w720h480.jpg","articleSection":["Laden","Sonderangebote"],"inLanguage":"de-DE"},{"@type":"WebPage","@id":"https:\/\/bantam-corpo.dev-bantam.ch\/de\/festival-zelte\/","url":"https:\/\/bantam-corpo.dev-bantam.ch\/de\/festival-zelte\/","name":"Festival-Zelte - Bantam","isPartOf":{"@id":"https:\/\/bantam-corpo.dev-bantam.ch\/de\/#website"},"primaryImageOfPage":{"@id":"https:\/\/bantam-corpo.dev-bantam.ch\/de\/festival-zelte\/#primaryimage"},"image":{"@id":"https:\/\/bantam-corpo.dev-bantam.ch\/de\/festival-zelte\/#primaryimage"},"thumbnailUrl":"https:\/\/bantam-corpo.dev-bantam.ch\/wp-content\/uploads\/2024\/06\/news3-w720h480.jpg","datePublished":"2015-07-13T12:19:00+00:00","dateModified":"2024-07-10T09:04:50+00:00","author":{"@id":"https:\/\/bantam-corpo.dev-bantam.ch\/de\/#\/schema\/person\/5ec32dca0d907db9d0c67843d1e1b47f"},"breadcrumb":{"@id":"https:\/\/bantam-corpo.dev-bantam.ch\/de\/festival-zelte\/#breadcrumb"},"inLanguage":"de-DE","potentialAction":[{"@type":"ReadAction","target":["https:\/\/bantam-corpo.dev-bantam.ch\/de\/festival-zelte\/"]}]},{"@type":"ImageObject","inLanguage":"de-DE","@id":"https:\/\/bantam-corpo.dev-bantam.ch\/de\/festival-zelte\/#primaryimage","url":"https:\/\/bantam-corpo.dev-bantam.ch\/wp-content\/uploads\/2024\/06\/news3-w720h480.jpg","contentUrl":"https:\/\/bantam-corpo.dev-bantam.ch\/wp-content\/uploads\/2024\/06\/news3-w720h480.jpg","width":720,"height":480},{"@type":"BreadcrumbList","@id":"https:\/\/bantam-corpo.dev-bantam.ch\/de\/festival-zelte\/#breadcrumb","itemListElement":[{"@type":"ListItem","position":1,"name":"Home","item":"https:\/\/bantam-corpo.dev-bantam.ch\/de\/"},{"@type":"ListItem","position":2,"name":"Festival-Zelte"}]},{"@type":"WebSite","@id":"https:\/\/bantam-corpo.dev-bantam.ch\/de\/#website","url":"https:\/\/bantam-corpo.dev-bantam.ch\/de\/","name":"Bantam","description":"","potentialAction":[{"@type":"SearchAction","target":{"@type":"EntryPoint","urlTemplate":"https:\/\/bantam-corpo.dev-bantam.ch\/de\/?s={search_term_string}"},"query-input":{"@type":"PropertyValueSpecification","valueRequired":true,"valueName":"search_term_string"}}],"inLanguage":"de-DE"},{"@type":"Person","@id":"https:\/\/bantam-corpo.dev-bantam.ch\/de\/#\/schema\/person\/5ec32dca0d907db9d0c67843d1e1b47f","name":"gilles","image":{"@type":"ImageObject","inLanguage":"de-DE","@id":"https:\/\/secure.gravatar.com\/avatar\/df2d89d22fbd99c8419e05386f0ccb4a5cfc4584b3f8cf2ce5f94d300cc7c08e?s=96&d=mm&r=g","url":"https:\/\/secure.gravatar.com\/avatar\/df2d89d22fbd99c8419e05386f0ccb4a5cfc4584b3f8cf2ce5f94d300cc7c08e?s=96&d=mm&r=g","contentUrl":"https:\/\/secure.gravatar.com\/avatar\/df2d89d22fbd99c8419e05386f0ccb4a5cfc4584b3f8cf2ce5f94d300cc7c08e?s=96&d=mm&r=g","caption":"gilles"},"url":"https:\/\/bantam-corpo.dev-bantam.ch\/de\/author\/gilles\/"}]}},"publishpress_future_action":{"enabled":false,"date":"2026-05-06 11:14:46","action":"change-status","newStatus":"draft","terms":[],"taxonomy":"category","extraData":[]},"publishpress_future_workflow_manual_trigger":{"enabledWorkflows":[]},"featured_image_url":"https:\/\/bantam-corpo.dev-bantam.ch\/wp-content\/uploads\/2024\/06\/news3-w720h480.jpg","permalink":"https:\/\/bantam-corpo.dev-bantam.ch\/de\/festival-zelte\/","lang":"de","_links":{"self":[{"href":"https:\/\/bantam-corpo.dev-bantam.ch\/de\/wp-json\/wp\/v2\/posts\/2828","targetHints":{"allow":["GET"]}}],"collection":[{"href":"https:\/\/bantam-corpo.dev-bantam.ch\/de\/wp-json\/wp\/v2\/posts"}],"about":[{"href":"https:\/\/bantam-corpo.dev-bantam.ch\/de\/wp-json\/wp\/v2\/types\/post"}],"author":[{"embeddable":true,"href":"https:\/\/bantam-corpo.dev-bantam.ch\/de\/wp-json\/wp\/v2\/users\/5"}],"replies":[{"embeddable":true,"href":"https:\/\/bantam-corpo.dev-bantam.ch\/de\/wp-json\/wp\/v2\/comments?post=2828"}],"version-history":[{"count":1,"href":"https:\/\/bantam-corpo.dev-bantam.ch\/de\/wp-json\/wp\/v2\/posts\/2828\/revisions"}],"predecessor-version":[{"id":2854,"href":"https:\/\/bantam-corpo.dev-bantam.ch\/de\/wp-json\/wp\/v2\/posts\/2828\/revisions\/2854"}],"wp:featuredmedia":[{"embeddable":true,"href":"https:\/\/bantam-corpo.dev-bantam.ch\/de\/wp-json\/wp\/v2\/media\/1950"}],"wp:attachment":[{"href":"https:\/\/bantam-corpo.dev-bantam.ch\/de\/wp-json\/wp\/v2\/media?parent=2828"}],"wp:term":[{"taxonomy":"category","embeddable":true,"href":"https:\/\/bantam-corpo.dev-bantam.ch\/de\/wp-json\/wp\/v2\/categories?post=2828"},{"taxonomy":"post_tag","embeddable":true,"href":"https:\/\/bantam-corpo.dev-bantam.ch\/de\/wp-json\/wp\/v2\/tags?post=2828"}],"curies":[{"name":"wp","href":"https:\/\/api.w.org\/{rel}","templated":true}]}}