{"id":2827,"date":"2015-07-17T14:16:00","date_gmt":"2015-07-17T12:16:00","guid":{"rendered":"https:\/\/bantam-corpo.dev-bantam.ch\/portes-ouvertes-aout-2015\/"},"modified":"2024-07-10T11:01:54","modified_gmt":"2024-07-10T09:01:54","slug":"august-messe-2015","status":"publish","type":"post","link":"https:\/\/bantam-corpo.dev-bantam.ch\/de\/august-messe-2015\/","title":{"rendered":"August-Messe 2015"},"content":{"rendered":"\n<figure class=\"wp-block-image size-full\"><img loading=\"lazy\" decoding=\"async\" width=\"720\" height=\"525\" src=\"https:\/\/bantam-corpo.dev-bantam.ch\/wp-content\/uploads\/2024\/07\/porteouverte-bd23d-w720h480.jpg\" alt=\"\" class=\"wp-image-2850\" srcset=\"https:\/\/bantam-corpo.dev-bantam.ch\/wp-content\/uploads\/2024\/07\/porteouverte-bd23d-w720h480.jpg 720w, https:\/\/bantam-corpo.dev-bantam.ch\/wp-content\/uploads\/2024\/07\/porteouverte-bd23d-w720h480-300x219.jpg 300w\" sizes=\"auto, (max-width: 720px) 100vw, 720px\" \/><\/figure>\n\n\n\n<p>Besuchen Sie uns w\u00e4hrend unsere August-Messe 2015 und genie\u00dfen Sie eine freundliche und entspannte Atmosph\u00e4re mit Imbiss und Kinderanimation. Unsere Gesch\u00e4fte sind auch am Sonntag ge\u00f6ffnet. Wir w\u00fcrden uns freuen Sie bei dieser Gelegenheit herzlich zu begr\u00fcssen.<\/p>\n\n\n\n<p><strong>Das gab es noch nie:<\/strong><\/p>\n\n\n\n<ul class=\"wp-block-list\">\n<li>-20% Rabatt auf das gesamte Ladensortiment (gilt nicht auf bereits reduzierte Artikel, 10% Euro Rabatt + 10% Messerabatt)<\/li>\n\n\n\n<li>Die gr\u00f6sste Auswahl der Schweiz<\/li>\n\n\n\n<li>Die f\u00fchrenden Topmarken<\/li>\n\n\n\n<li>bis 20% Rabatt auf \u00fcber 350 Wohnmobile (Ausstellungsfahrzeuge, ohne bereits reduzierte Fahrzeuge, 10% Euro Rabatt inbegriffen)<\/li>\n\n\n\n<li>Kinderanimation, grosses Fest<\/li>\n\n\n\n<li>Sonntags ge\u00f6ffnet\u00a0<\/li>\n<\/ul>\n\n\n\n<p><strong>Grosser Wettbewerb:<\/strong><\/p>\n\n\n\n<p>Besuchen Sie uns einfach in einer unserer Filialen, wo Sie den Teilnahmeschein ausf\u00fcllen, den Sie dann in die dazu vorgesehene Wahlurne stecken.&nbsp;<strong>Gewinnen Sie einen von drei &#8222;E-Bike City Wave-28&#8220; im Wert von CHF 1&#8217;500.00.<\/strong><\/p>\n\n\n\n<p>Das Wave ist ein Misch- Stadtrad und ist f\u00fcr jede Art von Fahrten geeignet. Sie k\u00f6nnen zum Einkauf fahren oder auch nur eine Spazierfahrt unternehmen. Steigungen sind m\u00fchelos zu \u00fcberwinden und somit erreichen sie ohne grosse Anstrengung frisch Ihren Arbeitsplatz.<\/p>\n\n\n\n<p>Das Wave ist leicht und stilvoll und ist dem Ruf der deutschen Industrie f\u00fcr Qualit\u00e4t, Schlichtheit und Robustheit treu.<\/p>\n\n\n\n<figure class=\"wp-block-image size-full\"><img loading=\"lazy\" decoding=\"async\" width=\"300\" height=\"213\" src=\"https:\/\/bantam-corpo.dev-bantam.ch\/wp-content\/uploads\/2024\/06\/city-bike-1-w300h300.jpg\" alt=\"\" class=\"wp-image-1152\"\/><\/figure>\n\n\n\n<ul class=\"wp-block-list\">\n<li>Farben: Wei\u00df<\/li>\n\n\n\n<li>Rahmen: 46 cm Aluminium<\/li>\n\n\n\n<li>Motor: 250 Watt ANSMANN<\/li>\n\n\n\n<li>Getriebe: 8-Gang-Nexus<\/li>\n\n\n\n<li>Akku: Lithium-Ionen-Zelle Panasonic 36V \/ 9 Ah<\/li>\n\n\n\n<li>Gabel: RST Neon<\/li>\n\n\n\n<li>Gewicht: 22,8 kg<\/li>\n\n\n\n<li>Accelerator zu 6 km \/ h<\/li>\n\n\n\n<li>Ladezeit: 5 Stunden (0-100%)<\/li>\n\n\n\n<li>Batterie bis zu 80 km 9Ah*\u00a0<br>* (Je nach Einsatzbedingungen)<\/li>\n<\/ul>\n\n\n\n<p><br>Die Auslosung findet&nbsp;<strong>am Dienstag 18. August, 2015<\/strong>&nbsp;statt und der Gewinner wird pers\u00f6nlich per E-mail benachrichtigt.<\/p>\n\n\n\n<p><strong>Messse-\u00d6ffnungszeiten:<\/strong><\/p>\n\n\n\n<p>Freitag 7. bis Montag 10. August 2015 in Hindelbank\/BE<a href=\"http:\/\/bantam-camping.ch\/blog\/post.php?lang=de&amp;s=2014-03-07-expositions-de-printemps\">&nbsp;<\/a><\/p>\n\n\n\n<p>Freitag 14. bis Montag 17. August 2015 in Urdorf\/ZH&nbsp;<\/p>\n\n\n\n<p>Freitag: 9 &#8211; 20 Uhr<br>Samstag: 9 &#8211; 17 Uhr<br>Sonntag: 10 &#8211; 17 Uhr<br>Montag: 8.30 &#8211; 18.30 Uhr<\/p>\n\n\n\n<p><strong>Auch:<\/strong><\/p>\n\n\n\n<p>Freitag 14. bis Montag 17. August 2015 in&nbsp;<a href=\"http:\/\/www.bantam-camping.ch\/blog\/post.php?lang=fr&amp;s=2015-07-17-portes-ouvertes-aout-2015\">Etagni\u00e8res\/VD<\/a><\/p>\n","protected":false},"excerpt":{"rendered":"<p>Besuchen Sie uns w\u00e4hrend unsere August-Messe 2015 und genie\u00dfen Sie eine freundliche und entspannte Atmosph\u00e4re mit Imbiss und Kinderanimation. Unsere Gesch\u00e4fte sind auch am Sonntag ge\u00f6ffnet.<\/p>\n","protected":false},"author":5,"featured_media":1948,"comment_status":"closed","ping_status":"closed","sticky":false,"template":"","format":"standard","meta":{"_acf_changed":false,"footnotes":""},"categories":[18,19,20,21],"tags":[],"class_list":["post-2827","post","type-post","status-publish","format-standard","has-post-thumbnail","hentry","category-informationen-events","category-laden","category-reisemobile","category-wohnwagen"],"acf":[],"yoast_head":"<!-- This site is optimized with the Yoast SEO plugin v27.4 - https:\/\/yoast.com\/product\/yoast-seo-wordpress\/ -->\n<title>August-Messe 2015 - Bantam<\/title>\n<meta name=\"robots\" content=\"index, follow, max-snippet:-1, max-image-preview:large, max-video-preview:-1\" \/>\n<link rel=\"canonical\" href=\"https:\/\/bantam-corpo.dev-bantam.ch\/de\/august-messe-2015\/\" \/>\n<meta property=\"og:locale\" content=\"de_DE\" \/>\n<meta property=\"og:type\" content=\"article\" \/>\n<meta property=\"og:title\" content=\"August-Messe 2015 - Bantam\" \/>\n<meta property=\"og:description\" content=\"Besuchen Sie uns w\u00e4hrend unsere August-Messe 2015 und genie\u00dfen Sie eine freundliche und entspannte Atmosph\u00e4re mit Imbiss und Kinderanimation. Unsere Gesch\u00e4fte sind auch am Sonntag ge\u00f6ffnet.\" \/>\n<meta property=\"og:url\" content=\"https:\/\/bantam-corpo.dev-bantam.ch\/de\/august-messe-2015\/\" \/>\n<meta property=\"og:site_name\" content=\"Bantam\" \/>\n<meta property=\"article:published_time\" content=\"2015-07-17T12:16:00+00:00\" \/>\n<meta property=\"article:modified_time\" content=\"2024-07-10T09:01:54+00:00\" \/>\n<meta property=\"og:image\" content=\"http:\/\/bantam-corpo.dev-bantam.ch\/wp-content\/uploads\/2024\/06\/porteouverte-bd23-w720h480.jpg\" \/>\n\t<meta property=\"og:image:width\" content=\"720\" \/>\n\t<meta property=\"og:image:height\" content=\"525\" \/>\n\t<meta property=\"og:image:type\" content=\"image\/jpeg\" \/>\n<meta name=\"author\" content=\"gilles\" \/>\n<meta name=\"twitter:card\" content=\"summary_large_image\" \/>\n<meta name=\"twitter:label1\" content=\"Written by\" \/>\n\t<meta name=\"twitter:data1\" content=\"gilles\" \/>\n\t<meta name=\"twitter:label2\" content=\"Est. reading time\" \/>\n\t<meta name=\"twitter:data2\" content=\"3 Minuten\" \/>\n<script type=\"application\/ld+json\" class=\"yoast-schema-graph\">{\"@context\":\"https:\\\/\\\/schema.org\",\"@graph\":[{\"@type\":\"Article\",\"@id\":\"https:\\\/\\\/bantam-corpo.dev-bantam.ch\\\/de\\\/august-messe-2015\\\/#article\",\"isPartOf\":{\"@id\":\"https:\\\/\\\/bantam-corpo.dev-bantam.ch\\\/de\\\/august-messe-2015\\\/\"},\"author\":{\"name\":\"gilles\",\"@id\":\"https:\\\/\\\/bantam-corpo.dev-bantam.ch\\\/de\\\/#\\\/schema\\\/person\\\/5ec32dca0d907db9d0c67843d1e1b47f\"},\"headline\":\"August-Messe 2015\",\"datePublished\":\"2015-07-17T12:16:00+00:00\",\"dateModified\":\"2024-07-10T09:01:54+00:00\",\"mainEntityOfPage\":{\"@id\":\"https:\\\/\\\/bantam-corpo.dev-bantam.ch\\\/de\\\/august-messe-2015\\\/\"},\"wordCount\":285,\"image\":{\"@id\":\"https:\\\/\\\/bantam-corpo.dev-bantam.ch\\\/de\\\/august-messe-2015\\\/#primaryimage\"},\"thumbnailUrl\":\"https:\\\/\\\/bantam-corpo.dev-bantam.ch\\\/wp-content\\\/uploads\\\/2024\\\/06\\\/porteouverte-bd23-w720h480.jpg\",\"articleSection\":[\"Informationen \\\/ Events\",\"Laden\",\"Reisemobile\",\"Wohnwagen\"],\"inLanguage\":\"de-DE\"},{\"@type\":\"WebPage\",\"@id\":\"https:\\\/\\\/bantam-corpo.dev-bantam.ch\\\/de\\\/august-messe-2015\\\/\",\"url\":\"https:\\\/\\\/bantam-corpo.dev-bantam.ch\\\/de\\\/august-messe-2015\\\/\",\"name\":\"August-Messe 2015 - Bantam\",\"isPartOf\":{\"@id\":\"https:\\\/\\\/bantam-corpo.dev-bantam.ch\\\/de\\\/#website\"},\"primaryImageOfPage\":{\"@id\":\"https:\\\/\\\/bantam-corpo.dev-bantam.ch\\\/de\\\/august-messe-2015\\\/#primaryimage\"},\"image\":{\"@id\":\"https:\\\/\\\/bantam-corpo.dev-bantam.ch\\\/de\\\/august-messe-2015\\\/#primaryimage\"},\"thumbnailUrl\":\"https:\\\/\\\/bantam-corpo.dev-bantam.ch\\\/wp-content\\\/uploads\\\/2024\\\/06\\\/porteouverte-bd23-w720h480.jpg\",\"datePublished\":\"2015-07-17T12:16:00+00:00\",\"dateModified\":\"2024-07-10T09:01:54+00:00\",\"author\":{\"@id\":\"https:\\\/\\\/bantam-corpo.dev-bantam.ch\\\/de\\\/#\\\/schema\\\/person\\\/5ec32dca0d907db9d0c67843d1e1b47f\"},\"breadcrumb\":{\"@id\":\"https:\\\/\\\/bantam-corpo.dev-bantam.ch\\\/de\\\/august-messe-2015\\\/#breadcrumb\"},\"inLanguage\":\"de-DE\",\"potentialAction\":[{\"@type\":\"ReadAction\",\"target\":[\"https:\\\/\\\/bantam-corpo.dev-bantam.ch\\\/de\\\/august-messe-2015\\\/\"]}]},{\"@type\":\"ImageObject\",\"inLanguage\":\"de-DE\",\"@id\":\"https:\\\/\\\/bantam-corpo.dev-bantam.ch\\\/de\\\/august-messe-2015\\\/#primaryimage\",\"url\":\"https:\\\/\\\/bantam-corpo.dev-bantam.ch\\\/wp-content\\\/uploads\\\/2024\\\/06\\\/porteouverte-bd23-w720h480.jpg\",\"contentUrl\":\"https:\\\/\\\/bantam-corpo.dev-bantam.ch\\\/wp-content\\\/uploads\\\/2024\\\/06\\\/porteouverte-bd23-w720h480.jpg\",\"width\":720,\"height\":525},{\"@type\":\"BreadcrumbList\",\"@id\":\"https:\\\/\\\/bantam-corpo.dev-bantam.ch\\\/de\\\/august-messe-2015\\\/#breadcrumb\",\"itemListElement\":[{\"@type\":\"ListItem\",\"position\":1,\"name\":\"Home\",\"item\":\"https:\\\/\\\/bantam-corpo.dev-bantam.ch\\\/de\\\/\"},{\"@type\":\"ListItem\",\"position\":2,\"name\":\"August-Messe 2015\"}]},{\"@type\":\"WebSite\",\"@id\":\"https:\\\/\\\/bantam-corpo.dev-bantam.ch\\\/de\\\/#website\",\"url\":\"https:\\\/\\\/bantam-corpo.dev-bantam.ch\\\/de\\\/\",\"name\":\"Bantam\",\"description\":\"\",\"potentialAction\":[{\"@type\":\"SearchAction\",\"target\":{\"@type\":\"EntryPoint\",\"urlTemplate\":\"https:\\\/\\\/bantam-corpo.dev-bantam.ch\\\/de\\\/?s={search_term_string}\"},\"query-input\":{\"@type\":\"PropertyValueSpecification\",\"valueRequired\":true,\"valueName\":\"search_term_string\"}}],\"inLanguage\":\"de-DE\"},{\"@type\":\"Person\",\"@id\":\"https:\\\/\\\/bantam-corpo.dev-bantam.ch\\\/de\\\/#\\\/schema\\\/person\\\/5ec32dca0d907db9d0c67843d1e1b47f\",\"name\":\"gilles\",\"image\":{\"@type\":\"ImageObject\",\"inLanguage\":\"de-DE\",\"@id\":\"https:\\\/\\\/secure.gravatar.com\\\/avatar\\\/df2d89d22fbd99c8419e05386f0ccb4a5cfc4584b3f8cf2ce5f94d300cc7c08e?s=96&d=mm&r=g\",\"url\":\"https:\\\/\\\/secure.gravatar.com\\\/avatar\\\/df2d89d22fbd99c8419e05386f0ccb4a5cfc4584b3f8cf2ce5f94d300cc7c08e?s=96&d=mm&r=g\",\"contentUrl\":\"https:\\\/\\\/secure.gravatar.com\\\/avatar\\\/df2d89d22fbd99c8419e05386f0ccb4a5cfc4584b3f8cf2ce5f94d300cc7c08e?s=96&d=mm&r=g\",\"caption\":\"gilles\"},\"url\":\"https:\\\/\\\/bantam-corpo.dev-bantam.ch\\\/de\\\/author\\\/gilles\\\/\"}]}<\/script>\n<!-- \/ Yoast SEO plugin. -->","yoast_head_json":{"title":"August-Messe 2015 - Bantam","robots":{"index":"index","follow":"follow","max-snippet":"max-snippet:-1","max-image-preview":"max-image-preview:large","max-video-preview":"max-video-preview:-1"},"canonical":"https:\/\/bantam-corpo.dev-bantam.ch\/de\/august-messe-2015\/","og_locale":"de_DE","og_type":"article","og_title":"August-Messe 2015 - Bantam","og_description":"Besuchen Sie uns w\u00e4hrend unsere August-Messe 2015 und genie\u00dfen Sie eine freundliche und entspannte Atmosph\u00e4re mit Imbiss und Kinderanimation. Unsere Gesch\u00e4fte sind auch am Sonntag ge\u00f6ffnet.","og_url":"https:\/\/bantam-corpo.dev-bantam.ch\/de\/august-messe-2015\/","og_site_name":"Bantam","article_published_time":"2015-07-17T12:16:00+00:00","article_modified_time":"2024-07-10T09:01:54+00:00","og_image":[{"width":720,"height":525,"url":"http:\/\/bantam-corpo.dev-bantam.ch\/wp-content\/uploads\/2024\/06\/porteouverte-bd23-w720h480.jpg","type":"image\/jpeg"}],"author":"gilles","twitter_card":"summary_large_image","twitter_misc":{"Written by":"gilles","Est. reading time":"3 Minuten"},"schema":{"@context":"https:\/\/schema.org","@graph":[{"@type":"Article","@id":"https:\/\/bantam-corpo.dev-bantam.ch\/de\/august-messe-2015\/#article","isPartOf":{"@id":"https:\/\/bantam-corpo.dev-bantam.ch\/de\/august-messe-2015\/"},"author":{"name":"gilles","@id":"https:\/\/bantam-corpo.dev-bantam.ch\/de\/#\/schema\/person\/5ec32dca0d907db9d0c67843d1e1b47f"},"headline":"August-Messe 2015","datePublished":"2015-07-17T12:16:00+00:00","dateModified":"2024-07-10T09:01:54+00:00","mainEntityOfPage":{"@id":"https:\/\/bantam-corpo.dev-bantam.ch\/de\/august-messe-2015\/"},"wordCount":285,"image":{"@id":"https:\/\/bantam-corpo.dev-bantam.ch\/de\/august-messe-2015\/#primaryimage"},"thumbnailUrl":"https:\/\/bantam-corpo.dev-bantam.ch\/wp-content\/uploads\/2024\/06\/porteouverte-bd23-w720h480.jpg","articleSection":["Informationen \/ Events","Laden","Reisemobile","Wohnwagen"],"inLanguage":"de-DE"},{"@type":"WebPage","@id":"https:\/\/bantam-corpo.dev-bantam.ch\/de\/august-messe-2015\/","url":"https:\/\/bantam-corpo.dev-bantam.ch\/de\/august-messe-2015\/","name":"August-Messe 2015 - Bantam","isPartOf":{"@id":"https:\/\/bantam-corpo.dev-bantam.ch\/de\/#website"},"primaryImageOfPage":{"@id":"https:\/\/bantam-corpo.dev-bantam.ch\/de\/august-messe-2015\/#primaryimage"},"image":{"@id":"https:\/\/bantam-corpo.dev-bantam.ch\/de\/august-messe-2015\/#primaryimage"},"thumbnailUrl":"https:\/\/bantam-corpo.dev-bantam.ch\/wp-content\/uploads\/2024\/06\/porteouverte-bd23-w720h480.jpg","datePublished":"2015-07-17T12:16:00+00:00","dateModified":"2024-07-10T09:01:54+00:00","author":{"@id":"https:\/\/bantam-corpo.dev-bantam.ch\/de\/#\/schema\/person\/5ec32dca0d907db9d0c67843d1e1b47f"},"breadcrumb":{"@id":"https:\/\/bantam-corpo.dev-bantam.ch\/de\/august-messe-2015\/#breadcrumb"},"inLanguage":"de-DE","potentialAction":[{"@type":"ReadAction","target":["https:\/\/bantam-corpo.dev-bantam.ch\/de\/august-messe-2015\/"]}]},{"@type":"ImageObject","inLanguage":"de-DE","@id":"https:\/\/bantam-corpo.dev-bantam.ch\/de\/august-messe-2015\/#primaryimage","url":"https:\/\/bantam-corpo.dev-bantam.ch\/wp-content\/uploads\/2024\/06\/porteouverte-bd23-w720h480.jpg","contentUrl":"https:\/\/bantam-corpo.dev-bantam.ch\/wp-content\/uploads\/2024\/06\/porteouverte-bd23-w720h480.jpg","width":720,"height":525},{"@type":"BreadcrumbList","@id":"https:\/\/bantam-corpo.dev-bantam.ch\/de\/august-messe-2015\/#breadcrumb","itemListElement":[{"@type":"ListItem","position":1,"name":"Home","item":"https:\/\/bantam-corpo.dev-bantam.ch\/de\/"},{"@type":"ListItem","position":2,"name":"August-Messe 2015"}]},{"@type":"WebSite","@id":"https:\/\/bantam-corpo.dev-bantam.ch\/de\/#website","url":"https:\/\/bantam-corpo.dev-bantam.ch\/de\/","name":"Bantam","description":"","potentialAction":[{"@type":"SearchAction","target":{"@type":"EntryPoint","urlTemplate":"https:\/\/bantam-corpo.dev-bantam.ch\/de\/?s={search_term_string}"},"query-input":{"@type":"PropertyValueSpecification","valueRequired":true,"valueName":"search_term_string"}}],"inLanguage":"de-DE"},{"@type":"Person","@id":"https:\/\/bantam-corpo.dev-bantam.ch\/de\/#\/schema\/person\/5ec32dca0d907db9d0c67843d1e1b47f","name":"gilles","image":{"@type":"ImageObject","inLanguage":"de-DE","@id":"https:\/\/secure.gravatar.com\/avatar\/df2d89d22fbd99c8419e05386f0ccb4a5cfc4584b3f8cf2ce5f94d300cc7c08e?s=96&d=mm&r=g","url":"https:\/\/secure.gravatar.com\/avatar\/df2d89d22fbd99c8419e05386f0ccb4a5cfc4584b3f8cf2ce5f94d300cc7c08e?s=96&d=mm&r=g","contentUrl":"https:\/\/secure.gravatar.com\/avatar\/df2d89d22fbd99c8419e05386f0ccb4a5cfc4584b3f8cf2ce5f94d300cc7c08e?s=96&d=mm&r=g","caption":"gilles"},"url":"https:\/\/bantam-corpo.dev-bantam.ch\/de\/author\/gilles\/"}]}},"publishpress_future_action":{"enabled":false,"date":"2026-05-06 12:48:47","action":"change-status","newStatus":"draft","terms":[],"taxonomy":"category","extraData":[]},"publishpress_future_workflow_manual_trigger":{"enabledWorkflows":[]},"featured_image_url":"https:\/\/bantam-corpo.dev-bantam.ch\/wp-content\/uploads\/2024\/06\/porteouverte-bd23-w720h480.jpg","permalink":"https:\/\/bantam-corpo.dev-bantam.ch\/de\/august-messe-2015\/","lang":"de","_links":{"self":[{"href":"https:\/\/bantam-corpo.dev-bantam.ch\/de\/wp-json\/wp\/v2\/posts\/2827","targetHints":{"allow":["GET"]}}],"collection":[{"href":"https:\/\/bantam-corpo.dev-bantam.ch\/de\/wp-json\/wp\/v2\/posts"}],"about":[{"href":"https:\/\/bantam-corpo.dev-bantam.ch\/de\/wp-json\/wp\/v2\/types\/post"}],"author":[{"embeddable":true,"href":"https:\/\/bantam-corpo.dev-bantam.ch\/de\/wp-json\/wp\/v2\/users\/5"}],"replies":[{"embeddable":true,"href":"https:\/\/bantam-corpo.dev-bantam.ch\/de\/wp-json\/wp\/v2\/comments?post=2827"}],"version-history":[{"count":1,"href":"https:\/\/bantam-corpo.dev-bantam.ch\/de\/wp-json\/wp\/v2\/posts\/2827\/revisions"}],"predecessor-version":[{"id":2852,"href":"https:\/\/bantam-corpo.dev-bantam.ch\/de\/wp-json\/wp\/v2\/posts\/2827\/revisions\/2852"}],"wp:featuredmedia":[{"embeddable":true,"href":"https:\/\/bantam-corpo.dev-bantam.ch\/de\/wp-json\/wp\/v2\/media\/1948"}],"wp:attachment":[{"href":"https:\/\/bantam-corpo.dev-bantam.ch\/de\/wp-json\/wp\/v2\/media?parent=2827"}],"wp:term":[{"taxonomy":"category","embeddable":true,"href":"https:\/\/bantam-corpo.dev-bantam.ch\/de\/wp-json\/wp\/v2\/categories?post=2827"},{"taxonomy":"post_tag","embeddable":true,"href":"https:\/\/bantam-corpo.dev-bantam.ch\/de\/wp-json\/wp\/v2\/tags?post=2827"}],"curies":[{"name":"wp","href":"https:\/\/api.w.org\/{rel}","templated":true}]}}