{"id":2823,"date":"2015-08-18T14:11:00","date_gmt":"2015-08-18T12:11:00","guid":{"rendered":"https:\/\/bantam-corpo.dev-bantam.ch\/caravan-salon-dusseldorf-2015\/"},"modified":"2024-07-10T09:43:19","modified_gmt":"2024-07-10T07:43:19","slug":"caravan-salon-duesseldorf-2015","status":"publish","type":"post","link":"https:\/\/bantam-corpo.dev-bantam.ch\/de\/caravan-salon-duesseldorf-2015\/","title":{"rendered":"Caravan Salon D\u00fcsseldorf 2015"},"content":{"rendered":"\n<figure class=\"wp-block-image size-full\"><img loading=\"lazy\" decoding=\"async\" width=\"720\" height=\"480\" src=\"https:\/\/bantam-corpo.dev-bantam.ch\/wp-content\/uploads\/2024\/06\/ccd-w720h480.jpg\" alt=\"\" class=\"wp-image-1137\" srcset=\"https:\/\/bantam-corpo.dev-bantam.ch\/wp-content\/uploads\/2024\/06\/ccd-w720h480.jpg 720w, https:\/\/bantam-corpo.dev-bantam.ch\/wp-content\/uploads\/2024\/06\/ccd-w720h480-300x200.jpg 300w\" sizes=\"auto, (max-width: 720px) 100vw, 720px\" \/><\/figure>\n\n\n\n<p>Das Caravaning-Fenster zur Welt!<\/p>\n\n\n\n<p><strong>Die weltgr\u00f6sste Messe f\u00fcr Reisemobile und Caravans<\/strong><\/p>\n\n\n\n<p>Die Caravaning-Branche trifft sich vom 29. August bis 6. September 2015 in D\u00fcsseldorf. Der Caravan-Salon D\u00fcsseldorf bietet als weltgr\u00f6sste Messe f\u00fcr Reisemobile und Caravans einen guten \u00dcberblick \u00fcber die mobile Freizeit. Die Besucher d\u00fcrfen sich auf eine komplette Markt\u00fcbersicht, viele Weltpremieren und eine Menge Neuheiten freuen.<\/p>\n\n\n\n<p>In zahlreichen Hallen sowie auf dem Freigel\u00e4nde des D\u00fcsseldorfer Messegel\u00e4ndes werden sich auf rund 195.000 Quadratmetern 590 internationale Aussteller mit 130 Caravan- und Reisemobilmarken pr\u00e4sentieren \u2013 dieses Angebot ist einmalig und noch einmal gr\u00f6sser als bereits im Vorjahr.&nbsp;<\/p>\n\n\n\n<p><strong>Starke Marken, eine grosse Vielfalt und ein einzigartiges Angebot<\/strong><\/p>\n\n\n\n<p>Der Caravan-Salon D\u00fcsseldorf ist traditionell die Messe f\u00fcr Neuheiten und somit Premierenstandort in Europa. Hier zeigen die Top-Hersteller der Branche ihre Innovationen. Das Spektrum der gezeigten Fahrzeuge reicht in D\u00fcsseldorf vom Faltcaravan \u00fcber Familienfahrzeuge bis hin zu Luxusmobilen.&nbsp;<\/p>\n\n\n\n<p>Sie sehen bei einem Besuch alles, was der Markt zu bieten hat. So k\u00f6nnen Sie schon vor dem&nbsp;<a href=\"http:\/\/www.suissecaravansalon.ch\/desktopdefault.aspx\/tabid-388\/346_read-491\/\" target=\"_blank\" rel=\"noreferrer noopener\"><strong>Suisse Caravan Salon in Bern<\/strong><\/a>&nbsp;(vom 22.-26. Oktober 2015)&nbsp;einen Blick auf all die neuen Produkte werfen. Das Bantam-Team freut sich auf Ihren Besuch und wird Sie gerne beraten.<\/p>\n\n\n\n<p>Mehr lesen:<\/p>\n\n\n\n<p>Caravan Salon D\u00fcsseldorf :&nbsp;<a href=\"http:\/\/www.caravan-salon.de\/\" target=\"_blank\" rel=\"noreferrer noopener\">www.caravan-salon.de<\/a><br>Suisse Caravan Salon :&nbsp;<a href=\"http:\/\/www.suissecaravansalon.ch\/desktopdefault.aspx\/tabid-388\/346_read-491\/\" target=\"_blank\" rel=\"noreferrer noopener\">www.suissecaravansalon.ch<\/a>&nbsp;<\/p>\n","protected":false},"excerpt":{"rendered":"<p>Das Caravaning-Fenster zur Welt!<\/p>\n","protected":false},"author":5,"featured_media":1942,"comment_status":"closed","ping_status":"closed","sticky":false,"template":"","format":"standard","meta":{"_acf_changed":false,"footnotes":""},"categories":[18],"tags":[],"class_list":["post-2823","post","type-post","status-publish","format-standard","has-post-thumbnail","hentry","category-informationen-events"],"acf":[],"yoast_head":"<!-- This site is optimized with the Yoast SEO plugin v27.4 - https:\/\/yoast.com\/product\/yoast-seo-wordpress\/ -->\n<title>Caravan Salon D\u00fcsseldorf 2015 - Bantam<\/title>\n<meta name=\"robots\" content=\"index, follow, max-snippet:-1, max-image-preview:large, max-video-preview:-1\" \/>\n<link rel=\"canonical\" href=\"https:\/\/bantam-corpo.dev-bantam.ch\/de\/caravan-salon-duesseldorf-2015\/\" \/>\n<meta property=\"og:locale\" content=\"de_DE\" \/>\n<meta property=\"og:type\" content=\"article\" \/>\n<meta property=\"og:title\" content=\"Caravan Salon D\u00fcsseldorf 2015 - Bantam\" \/>\n<meta property=\"og:description\" content=\"Das Caravaning-Fenster zur Welt!\" \/>\n<meta property=\"og:url\" content=\"https:\/\/bantam-corpo.dev-bantam.ch\/de\/caravan-salon-duesseldorf-2015\/\" \/>\n<meta property=\"og:site_name\" content=\"Bantam\" \/>\n<meta property=\"article:published_time\" content=\"2015-08-18T12:11:00+00:00\" \/>\n<meta property=\"article:modified_time\" content=\"2024-07-10T07:43:19+00:00\" \/>\n<meta property=\"og:image\" content=\"http:\/\/bantam-corpo.dev-bantam.ch\/wp-content\/uploads\/2024\/06\/ccd-w720h480.jpg\" \/>\n\t<meta property=\"og:image:width\" content=\"720\" \/>\n\t<meta property=\"og:image:height\" content=\"480\" \/>\n\t<meta property=\"og:image:type\" content=\"image\/jpeg\" \/>\n<meta name=\"author\" content=\"gilles\" \/>\n<meta name=\"twitter:card\" content=\"summary_large_image\" \/>\n<meta name=\"twitter:label1\" content=\"Written by\" \/>\n\t<meta name=\"twitter:data1\" content=\"gilles\" \/>\n\t<meta name=\"twitter:label2\" content=\"Est. reading time\" \/>\n\t<meta name=\"twitter:data2\" content=\"2 Minuten\" \/>\n<script type=\"application\/ld+json\" class=\"yoast-schema-graph\">{\"@context\":\"https:\\\/\\\/schema.org\",\"@graph\":[{\"@type\":\"Article\",\"@id\":\"https:\\\/\\\/bantam-corpo.dev-bantam.ch\\\/de\\\/caravan-salon-duesseldorf-2015\\\/#article\",\"isPartOf\":{\"@id\":\"https:\\\/\\\/bantam-corpo.dev-bantam.ch\\\/de\\\/caravan-salon-duesseldorf-2015\\\/\"},\"author\":{\"name\":\"gilles\",\"@id\":\"https:\\\/\\\/bantam-corpo.dev-bantam.ch\\\/de\\\/#\\\/schema\\\/person\\\/5ec32dca0d907db9d0c67843d1e1b47f\"},\"headline\":\"Caravan Salon D\u00fcsseldorf 2015\",\"datePublished\":\"2015-08-18T12:11:00+00:00\",\"dateModified\":\"2024-07-10T07:43:19+00:00\",\"mainEntityOfPage\":{\"@id\":\"https:\\\/\\\/bantam-corpo.dev-bantam.ch\\\/de\\\/caravan-salon-duesseldorf-2015\\\/\"},\"wordCount\":225,\"image\":{\"@id\":\"https:\\\/\\\/bantam-corpo.dev-bantam.ch\\\/de\\\/caravan-salon-duesseldorf-2015\\\/#primaryimage\"},\"thumbnailUrl\":\"https:\\\/\\\/bantam-corpo.dev-bantam.ch\\\/wp-content\\\/uploads\\\/2024\\\/06\\\/ccd-w720h480.jpg\",\"articleSection\":[\"Informationen \\\/ Events\"],\"inLanguage\":\"de-DE\"},{\"@type\":\"WebPage\",\"@id\":\"https:\\\/\\\/bantam-corpo.dev-bantam.ch\\\/de\\\/caravan-salon-duesseldorf-2015\\\/\",\"url\":\"https:\\\/\\\/bantam-corpo.dev-bantam.ch\\\/de\\\/caravan-salon-duesseldorf-2015\\\/\",\"name\":\"Caravan Salon D\u00fcsseldorf 2015 - Bantam\",\"isPartOf\":{\"@id\":\"https:\\\/\\\/bantam-corpo.dev-bantam.ch\\\/de\\\/#website\"},\"primaryImageOfPage\":{\"@id\":\"https:\\\/\\\/bantam-corpo.dev-bantam.ch\\\/de\\\/caravan-salon-duesseldorf-2015\\\/#primaryimage\"},\"image\":{\"@id\":\"https:\\\/\\\/bantam-corpo.dev-bantam.ch\\\/de\\\/caravan-salon-duesseldorf-2015\\\/#primaryimage\"},\"thumbnailUrl\":\"https:\\\/\\\/bantam-corpo.dev-bantam.ch\\\/wp-content\\\/uploads\\\/2024\\\/06\\\/ccd-w720h480.jpg\",\"datePublished\":\"2015-08-18T12:11:00+00:00\",\"dateModified\":\"2024-07-10T07:43:19+00:00\",\"author\":{\"@id\":\"https:\\\/\\\/bantam-corpo.dev-bantam.ch\\\/de\\\/#\\\/schema\\\/person\\\/5ec32dca0d907db9d0c67843d1e1b47f\"},\"breadcrumb\":{\"@id\":\"https:\\\/\\\/bantam-corpo.dev-bantam.ch\\\/de\\\/caravan-salon-duesseldorf-2015\\\/#breadcrumb\"},\"inLanguage\":\"de-DE\",\"potentialAction\":[{\"@type\":\"ReadAction\",\"target\":[\"https:\\\/\\\/bantam-corpo.dev-bantam.ch\\\/de\\\/caravan-salon-duesseldorf-2015\\\/\"]}]},{\"@type\":\"ImageObject\",\"inLanguage\":\"de-DE\",\"@id\":\"https:\\\/\\\/bantam-corpo.dev-bantam.ch\\\/de\\\/caravan-salon-duesseldorf-2015\\\/#primaryimage\",\"url\":\"https:\\\/\\\/bantam-corpo.dev-bantam.ch\\\/wp-content\\\/uploads\\\/2024\\\/06\\\/ccd-w720h480.jpg\",\"contentUrl\":\"https:\\\/\\\/bantam-corpo.dev-bantam.ch\\\/wp-content\\\/uploads\\\/2024\\\/06\\\/ccd-w720h480.jpg\",\"width\":720,\"height\":480},{\"@type\":\"BreadcrumbList\",\"@id\":\"https:\\\/\\\/bantam-corpo.dev-bantam.ch\\\/de\\\/caravan-salon-duesseldorf-2015\\\/#breadcrumb\",\"itemListElement\":[{\"@type\":\"ListItem\",\"position\":1,\"name\":\"Home\",\"item\":\"https:\\\/\\\/bantam-corpo.dev-bantam.ch\\\/de\\\/\"},{\"@type\":\"ListItem\",\"position\":2,\"name\":\"Caravan Salon D\u00fcsseldorf 2015\"}]},{\"@type\":\"WebSite\",\"@id\":\"https:\\\/\\\/bantam-corpo.dev-bantam.ch\\\/de\\\/#website\",\"url\":\"https:\\\/\\\/bantam-corpo.dev-bantam.ch\\\/de\\\/\",\"name\":\"Bantam\",\"description\":\"\",\"potentialAction\":[{\"@type\":\"SearchAction\",\"target\":{\"@type\":\"EntryPoint\",\"urlTemplate\":\"https:\\\/\\\/bantam-corpo.dev-bantam.ch\\\/de\\\/?s={search_term_string}\"},\"query-input\":{\"@type\":\"PropertyValueSpecification\",\"valueRequired\":true,\"valueName\":\"search_term_string\"}}],\"inLanguage\":\"de-DE\"},{\"@type\":\"Person\",\"@id\":\"https:\\\/\\\/bantam-corpo.dev-bantam.ch\\\/de\\\/#\\\/schema\\\/person\\\/5ec32dca0d907db9d0c67843d1e1b47f\",\"name\":\"gilles\",\"image\":{\"@type\":\"ImageObject\",\"inLanguage\":\"de-DE\",\"@id\":\"https:\\\/\\\/secure.gravatar.com\\\/avatar\\\/df2d89d22fbd99c8419e05386f0ccb4a5cfc4584b3f8cf2ce5f94d300cc7c08e?s=96&d=mm&r=g\",\"url\":\"https:\\\/\\\/secure.gravatar.com\\\/avatar\\\/df2d89d22fbd99c8419e05386f0ccb4a5cfc4584b3f8cf2ce5f94d300cc7c08e?s=96&d=mm&r=g\",\"contentUrl\":\"https:\\\/\\\/secure.gravatar.com\\\/avatar\\\/df2d89d22fbd99c8419e05386f0ccb4a5cfc4584b3f8cf2ce5f94d300cc7c08e?s=96&d=mm&r=g\",\"caption\":\"gilles\"},\"url\":\"https:\\\/\\\/bantam-corpo.dev-bantam.ch\\\/de\\\/author\\\/gilles\\\/\"}]}<\/script>\n<!-- \/ Yoast SEO plugin. -->","yoast_head_json":{"title":"Caravan Salon D\u00fcsseldorf 2015 - Bantam","robots":{"index":"index","follow":"follow","max-snippet":"max-snippet:-1","max-image-preview":"max-image-preview:large","max-video-preview":"max-video-preview:-1"},"canonical":"https:\/\/bantam-corpo.dev-bantam.ch\/de\/caravan-salon-duesseldorf-2015\/","og_locale":"de_DE","og_type":"article","og_title":"Caravan Salon D\u00fcsseldorf 2015 - Bantam","og_description":"Das Caravaning-Fenster zur Welt!","og_url":"https:\/\/bantam-corpo.dev-bantam.ch\/de\/caravan-salon-duesseldorf-2015\/","og_site_name":"Bantam","article_published_time":"2015-08-18T12:11:00+00:00","article_modified_time":"2024-07-10T07:43:19+00:00","og_image":[{"width":720,"height":480,"url":"http:\/\/bantam-corpo.dev-bantam.ch\/wp-content\/uploads\/2024\/06\/ccd-w720h480.jpg","type":"image\/jpeg"}],"author":"gilles","twitter_card":"summary_large_image","twitter_misc":{"Written by":"gilles","Est. reading time":"2 Minuten"},"schema":{"@context":"https:\/\/schema.org","@graph":[{"@type":"Article","@id":"https:\/\/bantam-corpo.dev-bantam.ch\/de\/caravan-salon-duesseldorf-2015\/#article","isPartOf":{"@id":"https:\/\/bantam-corpo.dev-bantam.ch\/de\/caravan-salon-duesseldorf-2015\/"},"author":{"name":"gilles","@id":"https:\/\/bantam-corpo.dev-bantam.ch\/de\/#\/schema\/person\/5ec32dca0d907db9d0c67843d1e1b47f"},"headline":"Caravan Salon D\u00fcsseldorf 2015","datePublished":"2015-08-18T12:11:00+00:00","dateModified":"2024-07-10T07:43:19+00:00","mainEntityOfPage":{"@id":"https:\/\/bantam-corpo.dev-bantam.ch\/de\/caravan-salon-duesseldorf-2015\/"},"wordCount":225,"image":{"@id":"https:\/\/bantam-corpo.dev-bantam.ch\/de\/caravan-salon-duesseldorf-2015\/#primaryimage"},"thumbnailUrl":"https:\/\/bantam-corpo.dev-bantam.ch\/wp-content\/uploads\/2024\/06\/ccd-w720h480.jpg","articleSection":["Informationen \/ Events"],"inLanguage":"de-DE"},{"@type":"WebPage","@id":"https:\/\/bantam-corpo.dev-bantam.ch\/de\/caravan-salon-duesseldorf-2015\/","url":"https:\/\/bantam-corpo.dev-bantam.ch\/de\/caravan-salon-duesseldorf-2015\/","name":"Caravan Salon D\u00fcsseldorf 2015 - Bantam","isPartOf":{"@id":"https:\/\/bantam-corpo.dev-bantam.ch\/de\/#website"},"primaryImageOfPage":{"@id":"https:\/\/bantam-corpo.dev-bantam.ch\/de\/caravan-salon-duesseldorf-2015\/#primaryimage"},"image":{"@id":"https:\/\/bantam-corpo.dev-bantam.ch\/de\/caravan-salon-duesseldorf-2015\/#primaryimage"},"thumbnailUrl":"https:\/\/bantam-corpo.dev-bantam.ch\/wp-content\/uploads\/2024\/06\/ccd-w720h480.jpg","datePublished":"2015-08-18T12:11:00+00:00","dateModified":"2024-07-10T07:43:19+00:00","author":{"@id":"https:\/\/bantam-corpo.dev-bantam.ch\/de\/#\/schema\/person\/5ec32dca0d907db9d0c67843d1e1b47f"},"breadcrumb":{"@id":"https:\/\/bantam-corpo.dev-bantam.ch\/de\/caravan-salon-duesseldorf-2015\/#breadcrumb"},"inLanguage":"de-DE","potentialAction":[{"@type":"ReadAction","target":["https:\/\/bantam-corpo.dev-bantam.ch\/de\/caravan-salon-duesseldorf-2015\/"]}]},{"@type":"ImageObject","inLanguage":"de-DE","@id":"https:\/\/bantam-corpo.dev-bantam.ch\/de\/caravan-salon-duesseldorf-2015\/#primaryimage","url":"https:\/\/bantam-corpo.dev-bantam.ch\/wp-content\/uploads\/2024\/06\/ccd-w720h480.jpg","contentUrl":"https:\/\/bantam-corpo.dev-bantam.ch\/wp-content\/uploads\/2024\/06\/ccd-w720h480.jpg","width":720,"height":480},{"@type":"BreadcrumbList","@id":"https:\/\/bantam-corpo.dev-bantam.ch\/de\/caravan-salon-duesseldorf-2015\/#breadcrumb","itemListElement":[{"@type":"ListItem","position":1,"name":"Home","item":"https:\/\/bantam-corpo.dev-bantam.ch\/de\/"},{"@type":"ListItem","position":2,"name":"Caravan Salon D\u00fcsseldorf 2015"}]},{"@type":"WebSite","@id":"https:\/\/bantam-corpo.dev-bantam.ch\/de\/#website","url":"https:\/\/bantam-corpo.dev-bantam.ch\/de\/","name":"Bantam","description":"","potentialAction":[{"@type":"SearchAction","target":{"@type":"EntryPoint","urlTemplate":"https:\/\/bantam-corpo.dev-bantam.ch\/de\/?s={search_term_string}"},"query-input":{"@type":"PropertyValueSpecification","valueRequired":true,"valueName":"search_term_string"}}],"inLanguage":"de-DE"},{"@type":"Person","@id":"https:\/\/bantam-corpo.dev-bantam.ch\/de\/#\/schema\/person\/5ec32dca0d907db9d0c67843d1e1b47f","name":"gilles","image":{"@type":"ImageObject","inLanguage":"de-DE","@id":"https:\/\/secure.gravatar.com\/avatar\/df2d89d22fbd99c8419e05386f0ccb4a5cfc4584b3f8cf2ce5f94d300cc7c08e?s=96&d=mm&r=g","url":"https:\/\/secure.gravatar.com\/avatar\/df2d89d22fbd99c8419e05386f0ccb4a5cfc4584b3f8cf2ce5f94d300cc7c08e?s=96&d=mm&r=g","contentUrl":"https:\/\/secure.gravatar.com\/avatar\/df2d89d22fbd99c8419e05386f0ccb4a5cfc4584b3f8cf2ce5f94d300cc7c08e?s=96&d=mm&r=g","caption":"gilles"},"url":"https:\/\/bantam-corpo.dev-bantam.ch\/de\/author\/gilles\/"}]}},"publishpress_future_action":{"enabled":false,"date":"2026-05-06 18:54:29","action":"change-status","newStatus":"draft","terms":[],"taxonomy":"category","extraData":[]},"publishpress_future_workflow_manual_trigger":{"enabledWorkflows":[]},"featured_image_url":"https:\/\/bantam-corpo.dev-bantam.ch\/wp-content\/uploads\/2024\/06\/ccd-w720h480.jpg","permalink":"https:\/\/bantam-corpo.dev-bantam.ch\/de\/caravan-salon-duesseldorf-2015\/","lang":"de","_links":{"self":[{"href":"https:\/\/bantam-corpo.dev-bantam.ch\/de\/wp-json\/wp\/v2\/posts\/2823","targetHints":{"allow":["GET"]}}],"collection":[{"href":"https:\/\/bantam-corpo.dev-bantam.ch\/de\/wp-json\/wp\/v2\/posts"}],"about":[{"href":"https:\/\/bantam-corpo.dev-bantam.ch\/de\/wp-json\/wp\/v2\/types\/post"}],"author":[{"embeddable":true,"href":"https:\/\/bantam-corpo.dev-bantam.ch\/de\/wp-json\/wp\/v2\/users\/5"}],"replies":[{"embeddable":true,"href":"https:\/\/bantam-corpo.dev-bantam.ch\/de\/wp-json\/wp\/v2\/comments?post=2823"}],"version-history":[{"count":1,"href":"https:\/\/bantam-corpo.dev-bantam.ch\/de\/wp-json\/wp\/v2\/posts\/2823\/revisions"}],"predecessor-version":[{"id":2844,"href":"https:\/\/bantam-corpo.dev-bantam.ch\/de\/wp-json\/wp\/v2\/posts\/2823\/revisions\/2844"}],"wp:featuredmedia":[{"embeddable":true,"href":"https:\/\/bantam-corpo.dev-bantam.ch\/de\/wp-json\/wp\/v2\/media\/1942"}],"wp:attachment":[{"href":"https:\/\/bantam-corpo.dev-bantam.ch\/de\/wp-json\/wp\/v2\/media?parent=2823"}],"wp:term":[{"taxonomy":"category","embeddable":true,"href":"https:\/\/bantam-corpo.dev-bantam.ch\/de\/wp-json\/wp\/v2\/categories?post=2823"},{"taxonomy":"post_tag","embeddable":true,"href":"https:\/\/bantam-corpo.dev-bantam.ch\/de\/wp-json\/wp\/v2\/tags?post=2823"}],"curies":[{"name":"wp","href":"https:\/\/api.w.org\/{rel}","templated":true}]}}