{"id":2786,"date":"2015-12-08T12:21:00","date_gmt":"2015-12-08T11:21:00","guid":{"rendered":"https:\/\/bantam-corpo.dev-bantam.ch\/salons-des-vacances-et-du-voyage-2016\/"},"modified":"2024-07-10T09:12:30","modified_gmt":"2024-07-10T07:12:30","slug":"ferienmessen-2016","status":"publish","type":"post","link":"https:\/\/bantam-corpo.dev-bantam.ch\/de\/ferienmessen-2016\/","title":{"rendered":"Ferienmessen 2016"},"content":{"rendered":"\n<figure class=\"wp-block-image size-full\"><img loading=\"lazy\" decoding=\"async\" width=\"720\" height=\"480\" src=\"https:\/\/bantam-corpo.dev-bantam.ch\/wp-content\/uploads\/2024\/06\/news2-10-w720h480.jpg\" alt=\"\" class=\"wp-image-1065\" srcset=\"https:\/\/bantam-corpo.dev-bantam.ch\/wp-content\/uploads\/2024\/06\/news2-10-w720h480.jpg 720w, https:\/\/bantam-corpo.dev-bantam.ch\/wp-content\/uploads\/2024\/06\/news2-10-w720h480-300x200.jpg 300w\" sizes=\"auto, (max-width: 720px) 100vw, 720px\" \/><\/figure>\n\n\n\n<p><strong>Egal ob Sie eine konkrete Reise buchen m\u00f6chten oder sich f\u00fcr neue Abenteuer inspirieren lassen wollen &#8211; an der Ferienmessen finden Sie eine grosse Auswahl an kompetenten Fachleuten und\u00a0attraktiven Angeboten<\/strong><\/p>\n\n\n\n<figure class=\"wp-block-image\"><img decoding=\"async\" src=\"https:\/\/bantam.ch\/hekla\/resources\/ferienmesse-bern16-1-w640.jpg\" alt=\"\"\/><\/figure>\n\n\n\n<p>Dieses Jahr wird das Highlight auf der Messe ein mediterraner Markt sein der sich in der Eingangshalle befindet. Auf der Piazza Mediterrana k\u00f6nnen Sie verweilen und an den vielf\u00e4ltigen St\u00e4nden st\u00f6bern. Die Reisen in L\u00e4nder, die das Mittelmeer s\u00e4umen, erfreuen sich seit jeher grosser Beliebtheit. Sie k\u00f6nnen die Erinnerungen an Ihre Hochzeitsreise von dazumal in Italien wieder aufzufrischen oder nach einem neuen Badeort f\u00fcr den n\u00e4chsten Familienurlaub Ausschau halten. Es findet sich f\u00fcr jeden Geschmack etwas.<\/p>\n\n\n\n<p>Besuchen Sie uns an der Ferienmesse vom 14.01.2016 \u2013 17.01.2016 in der BERNEXPO<\/p>\n\n\n\n<p><strong>Halle 3.0&nbsp; Stand 166<\/strong><\/p>\n\n\n\n<p>\u00d6FFNUNGSZEITEN<br>Donnerstag\/Freitag 13.00 \u2013 20.00 Uhr<br>Samstag\/Sonntag 10.00 \u2013 18.00 Uhr<\/p>\n\n\n\n<figure class=\"wp-block-image\"><img decoding=\"async\" src=\"https:\/\/bantam.ch\/hekla\/resources\/fespo16-1-w640.jpg\" alt=\"\"\/><\/figure>\n\n\n\n<p>Das Thema Schiffreisen steht dieses Jahr im Mittelpunkt. Anker lichten und lossegeln. Das Sonderthema &#8222;Schiff ahoi&#8220; trifft den Nerv der Zeit.<\/p>\n\n\n\n<p>Die M\u00f6glichkeiten f\u00fcr Ferien auf dem Wasser sind \u00e4usserst vielf\u00e4ltig geworden und bieten f\u00fcr jeden etwas. Eine Animationsfl\u00e4che, ges\u00e4umt von St\u00e4nden der Aussteller des Sonderthemas, ladt Sie ein, in die faszinierende Welt der Schiffahrt einzutauchen und neue Urlaubsideen zu sammeln.<\/p>\n\n\n\n<p>Bantam wird auch an der Ferienmesse vom 28.01.2016 \u2013 31.01.2016 der Messe Z\u00fcrich teilnehmen.<\/p>\n\n\n\n<p><strong>Halle 3 &nbsp;Stand 3.069 + 3.072&nbsp;<\/strong><\/p>\n\n\n\n<p>\u00d6FFNUNGSZEITEN<br>Donnerstag bis Sonntag 10.00 \u2013 18.00 Uhr<\/p>\n\n\n\n<p>Wir freuen uns auf Ihren Besuch!<\/p>\n","protected":false},"excerpt":{"rendered":"<p>Egal ob Sie eine konkrete Reise buchen m\u00f6chten oder sich f\u00fcr neue Abenteuer inspirieren lassen wollen &#8211; an der Ferienmessen finden Sie eine grosse Auswahl an kompetenten Fachleuten und\u00a0attraktiven Angeboten<\/p>\n","protected":false},"author":5,"featured_media":1893,"comment_status":"closed","ping_status":"closed","sticky":false,"template":"","format":"standard","meta":{"_acf_changed":false,"footnotes":""},"categories":[18],"tags":[],"class_list":["post-2786","post","type-post","status-publish","format-standard","has-post-thumbnail","hentry","category-informationen-events"],"acf":[],"yoast_head":"<!-- This site is optimized with the Yoast SEO plugin v27.4 - https:\/\/yoast.com\/product\/yoast-seo-wordpress\/ -->\n<title>Ferienmessen 2016 - Bantam<\/title>\n<meta name=\"robots\" content=\"index, follow, max-snippet:-1, max-image-preview:large, max-video-preview:-1\" \/>\n<link rel=\"canonical\" href=\"https:\/\/bantam-corpo.dev-bantam.ch\/de\/ferienmessen-2016\/\" \/>\n<meta property=\"og:locale\" content=\"de_DE\" \/>\n<meta property=\"og:type\" content=\"article\" \/>\n<meta property=\"og:title\" content=\"Ferienmessen 2016 - Bantam\" \/>\n<meta property=\"og:description\" content=\"Egal ob Sie eine konkrete Reise buchen m\u00f6chten oder sich f\u00fcr neue Abenteuer inspirieren lassen wollen - an der Ferienmessen finden Sie eine grosse Auswahl an kompetenten Fachleuten und\u00a0attraktiven Angeboten\" \/>\n<meta property=\"og:url\" content=\"https:\/\/bantam-corpo.dev-bantam.ch\/de\/ferienmessen-2016\/\" \/>\n<meta property=\"og:site_name\" content=\"Bantam\" \/>\n<meta property=\"article:published_time\" content=\"2015-12-08T11:21:00+00:00\" \/>\n<meta property=\"article:modified_time\" content=\"2024-07-10T07:12:30+00:00\" \/>\n<meta property=\"og:image\" content=\"http:\/\/bantam-corpo.dev-bantam.ch\/wp-content\/uploads\/2024\/06\/news2-10-w720h480.jpg\" \/>\n\t<meta property=\"og:image:width\" content=\"720\" \/>\n\t<meta property=\"og:image:height\" content=\"480\" \/>\n\t<meta property=\"og:image:type\" content=\"image\/jpeg\" \/>\n<meta name=\"author\" content=\"gilles\" \/>\n<meta name=\"twitter:card\" content=\"summary_large_image\" \/>\n<meta name=\"twitter:label1\" content=\"Written by\" \/>\n\t<meta name=\"twitter:data1\" content=\"gilles\" \/>\n\t<meta name=\"twitter:label2\" content=\"Est. reading time\" \/>\n\t<meta name=\"twitter:data2\" content=\"2 Minuten\" \/>\n<script type=\"application\/ld+json\" class=\"yoast-schema-graph\">{\"@context\":\"https:\\\/\\\/schema.org\",\"@graph\":[{\"@type\":\"Article\",\"@id\":\"https:\\\/\\\/bantam-corpo.dev-bantam.ch\\\/de\\\/ferienmessen-2016\\\/#article\",\"isPartOf\":{\"@id\":\"https:\\\/\\\/bantam-corpo.dev-bantam.ch\\\/de\\\/ferienmessen-2016\\\/\"},\"author\":{\"name\":\"gilles\",\"@id\":\"https:\\\/\\\/bantam-corpo.dev-bantam.ch\\\/de\\\/#\\\/schema\\\/person\\\/5ec32dca0d907db9d0c67843d1e1b47f\"},\"headline\":\"Ferienmessen 2016\",\"datePublished\":\"2015-12-08T11:21:00+00:00\",\"dateModified\":\"2024-07-10T07:12:30+00:00\",\"mainEntityOfPage\":{\"@id\":\"https:\\\/\\\/bantam-corpo.dev-bantam.ch\\\/de\\\/ferienmessen-2016\\\/\"},\"wordCount\":232,\"image\":{\"@id\":\"https:\\\/\\\/bantam-corpo.dev-bantam.ch\\\/de\\\/ferienmessen-2016\\\/#primaryimage\"},\"thumbnailUrl\":\"https:\\\/\\\/bantam-corpo.dev-bantam.ch\\\/wp-content\\\/uploads\\\/2024\\\/06\\\/news2-10-w720h480.jpg\",\"articleSection\":[\"Informationen \\\/ Events\"],\"inLanguage\":\"de-DE\"},{\"@type\":\"WebPage\",\"@id\":\"https:\\\/\\\/bantam-corpo.dev-bantam.ch\\\/de\\\/ferienmessen-2016\\\/\",\"url\":\"https:\\\/\\\/bantam-corpo.dev-bantam.ch\\\/de\\\/ferienmessen-2016\\\/\",\"name\":\"Ferienmessen 2016 - Bantam\",\"isPartOf\":{\"@id\":\"https:\\\/\\\/bantam-corpo.dev-bantam.ch\\\/de\\\/#website\"},\"primaryImageOfPage\":{\"@id\":\"https:\\\/\\\/bantam-corpo.dev-bantam.ch\\\/de\\\/ferienmessen-2016\\\/#primaryimage\"},\"image\":{\"@id\":\"https:\\\/\\\/bantam-corpo.dev-bantam.ch\\\/de\\\/ferienmessen-2016\\\/#primaryimage\"},\"thumbnailUrl\":\"https:\\\/\\\/bantam-corpo.dev-bantam.ch\\\/wp-content\\\/uploads\\\/2024\\\/06\\\/news2-10-w720h480.jpg\",\"datePublished\":\"2015-12-08T11:21:00+00:00\",\"dateModified\":\"2024-07-10T07:12:30+00:00\",\"author\":{\"@id\":\"https:\\\/\\\/bantam-corpo.dev-bantam.ch\\\/de\\\/#\\\/schema\\\/person\\\/5ec32dca0d907db9d0c67843d1e1b47f\"},\"breadcrumb\":{\"@id\":\"https:\\\/\\\/bantam-corpo.dev-bantam.ch\\\/de\\\/ferienmessen-2016\\\/#breadcrumb\"},\"inLanguage\":\"de-DE\",\"potentialAction\":[{\"@type\":\"ReadAction\",\"target\":[\"https:\\\/\\\/bantam-corpo.dev-bantam.ch\\\/de\\\/ferienmessen-2016\\\/\"]}]},{\"@type\":\"ImageObject\",\"inLanguage\":\"de-DE\",\"@id\":\"https:\\\/\\\/bantam-corpo.dev-bantam.ch\\\/de\\\/ferienmessen-2016\\\/#primaryimage\",\"url\":\"https:\\\/\\\/bantam-corpo.dev-bantam.ch\\\/wp-content\\\/uploads\\\/2024\\\/06\\\/news2-10-w720h480.jpg\",\"contentUrl\":\"https:\\\/\\\/bantam-corpo.dev-bantam.ch\\\/wp-content\\\/uploads\\\/2024\\\/06\\\/news2-10-w720h480.jpg\",\"width\":720,\"height\":480},{\"@type\":\"BreadcrumbList\",\"@id\":\"https:\\\/\\\/bantam-corpo.dev-bantam.ch\\\/de\\\/ferienmessen-2016\\\/#breadcrumb\",\"itemListElement\":[{\"@type\":\"ListItem\",\"position\":1,\"name\":\"Home\",\"item\":\"https:\\\/\\\/bantam-corpo.dev-bantam.ch\\\/de\\\/\"},{\"@type\":\"ListItem\",\"position\":2,\"name\":\"Ferienmessen 2016\"}]},{\"@type\":\"WebSite\",\"@id\":\"https:\\\/\\\/bantam-corpo.dev-bantam.ch\\\/de\\\/#website\",\"url\":\"https:\\\/\\\/bantam-corpo.dev-bantam.ch\\\/de\\\/\",\"name\":\"Bantam\",\"description\":\"\",\"potentialAction\":[{\"@type\":\"SearchAction\",\"target\":{\"@type\":\"EntryPoint\",\"urlTemplate\":\"https:\\\/\\\/bantam-corpo.dev-bantam.ch\\\/de\\\/?s={search_term_string}\"},\"query-input\":{\"@type\":\"PropertyValueSpecification\",\"valueRequired\":true,\"valueName\":\"search_term_string\"}}],\"inLanguage\":\"de-DE\"},{\"@type\":\"Person\",\"@id\":\"https:\\\/\\\/bantam-corpo.dev-bantam.ch\\\/de\\\/#\\\/schema\\\/person\\\/5ec32dca0d907db9d0c67843d1e1b47f\",\"name\":\"gilles\",\"image\":{\"@type\":\"ImageObject\",\"inLanguage\":\"de-DE\",\"@id\":\"https:\\\/\\\/secure.gravatar.com\\\/avatar\\\/df2d89d22fbd99c8419e05386f0ccb4a5cfc4584b3f8cf2ce5f94d300cc7c08e?s=96&d=mm&r=g\",\"url\":\"https:\\\/\\\/secure.gravatar.com\\\/avatar\\\/df2d89d22fbd99c8419e05386f0ccb4a5cfc4584b3f8cf2ce5f94d300cc7c08e?s=96&d=mm&r=g\",\"contentUrl\":\"https:\\\/\\\/secure.gravatar.com\\\/avatar\\\/df2d89d22fbd99c8419e05386f0ccb4a5cfc4584b3f8cf2ce5f94d300cc7c08e?s=96&d=mm&r=g\",\"caption\":\"gilles\"},\"url\":\"https:\\\/\\\/bantam-corpo.dev-bantam.ch\\\/de\\\/author\\\/gilles\\\/\"}]}<\/script>\n<!-- \/ Yoast SEO plugin. -->","yoast_head_json":{"title":"Ferienmessen 2016 - Bantam","robots":{"index":"index","follow":"follow","max-snippet":"max-snippet:-1","max-image-preview":"max-image-preview:large","max-video-preview":"max-video-preview:-1"},"canonical":"https:\/\/bantam-corpo.dev-bantam.ch\/de\/ferienmessen-2016\/","og_locale":"de_DE","og_type":"article","og_title":"Ferienmessen 2016 - Bantam","og_description":"Egal ob Sie eine konkrete Reise buchen m\u00f6chten oder sich f\u00fcr neue Abenteuer inspirieren lassen wollen - an der Ferienmessen finden Sie eine grosse Auswahl an kompetenten Fachleuten und\u00a0attraktiven Angeboten","og_url":"https:\/\/bantam-corpo.dev-bantam.ch\/de\/ferienmessen-2016\/","og_site_name":"Bantam","article_published_time":"2015-12-08T11:21:00+00:00","article_modified_time":"2024-07-10T07:12:30+00:00","og_image":[{"width":720,"height":480,"url":"http:\/\/bantam-corpo.dev-bantam.ch\/wp-content\/uploads\/2024\/06\/news2-10-w720h480.jpg","type":"image\/jpeg"}],"author":"gilles","twitter_card":"summary_large_image","twitter_misc":{"Written by":"gilles","Est. reading time":"2 Minuten"},"schema":{"@context":"https:\/\/schema.org","@graph":[{"@type":"Article","@id":"https:\/\/bantam-corpo.dev-bantam.ch\/de\/ferienmessen-2016\/#article","isPartOf":{"@id":"https:\/\/bantam-corpo.dev-bantam.ch\/de\/ferienmessen-2016\/"},"author":{"name":"gilles","@id":"https:\/\/bantam-corpo.dev-bantam.ch\/de\/#\/schema\/person\/5ec32dca0d907db9d0c67843d1e1b47f"},"headline":"Ferienmessen 2016","datePublished":"2015-12-08T11:21:00+00:00","dateModified":"2024-07-10T07:12:30+00:00","mainEntityOfPage":{"@id":"https:\/\/bantam-corpo.dev-bantam.ch\/de\/ferienmessen-2016\/"},"wordCount":232,"image":{"@id":"https:\/\/bantam-corpo.dev-bantam.ch\/de\/ferienmessen-2016\/#primaryimage"},"thumbnailUrl":"https:\/\/bantam-corpo.dev-bantam.ch\/wp-content\/uploads\/2024\/06\/news2-10-w720h480.jpg","articleSection":["Informationen \/ Events"],"inLanguage":"de-DE"},{"@type":"WebPage","@id":"https:\/\/bantam-corpo.dev-bantam.ch\/de\/ferienmessen-2016\/","url":"https:\/\/bantam-corpo.dev-bantam.ch\/de\/ferienmessen-2016\/","name":"Ferienmessen 2016 - Bantam","isPartOf":{"@id":"https:\/\/bantam-corpo.dev-bantam.ch\/de\/#website"},"primaryImageOfPage":{"@id":"https:\/\/bantam-corpo.dev-bantam.ch\/de\/ferienmessen-2016\/#primaryimage"},"image":{"@id":"https:\/\/bantam-corpo.dev-bantam.ch\/de\/ferienmessen-2016\/#primaryimage"},"thumbnailUrl":"https:\/\/bantam-corpo.dev-bantam.ch\/wp-content\/uploads\/2024\/06\/news2-10-w720h480.jpg","datePublished":"2015-12-08T11:21:00+00:00","dateModified":"2024-07-10T07:12:30+00:00","author":{"@id":"https:\/\/bantam-corpo.dev-bantam.ch\/de\/#\/schema\/person\/5ec32dca0d907db9d0c67843d1e1b47f"},"breadcrumb":{"@id":"https:\/\/bantam-corpo.dev-bantam.ch\/de\/ferienmessen-2016\/#breadcrumb"},"inLanguage":"de-DE","potentialAction":[{"@type":"ReadAction","target":["https:\/\/bantam-corpo.dev-bantam.ch\/de\/ferienmessen-2016\/"]}]},{"@type":"ImageObject","inLanguage":"de-DE","@id":"https:\/\/bantam-corpo.dev-bantam.ch\/de\/ferienmessen-2016\/#primaryimage","url":"https:\/\/bantam-corpo.dev-bantam.ch\/wp-content\/uploads\/2024\/06\/news2-10-w720h480.jpg","contentUrl":"https:\/\/bantam-corpo.dev-bantam.ch\/wp-content\/uploads\/2024\/06\/news2-10-w720h480.jpg","width":720,"height":480},{"@type":"BreadcrumbList","@id":"https:\/\/bantam-corpo.dev-bantam.ch\/de\/ferienmessen-2016\/#breadcrumb","itemListElement":[{"@type":"ListItem","position":1,"name":"Home","item":"https:\/\/bantam-corpo.dev-bantam.ch\/de\/"},{"@type":"ListItem","position":2,"name":"Ferienmessen 2016"}]},{"@type":"WebSite","@id":"https:\/\/bantam-corpo.dev-bantam.ch\/de\/#website","url":"https:\/\/bantam-corpo.dev-bantam.ch\/de\/","name":"Bantam","description":"","potentialAction":[{"@type":"SearchAction","target":{"@type":"EntryPoint","urlTemplate":"https:\/\/bantam-corpo.dev-bantam.ch\/de\/?s={search_term_string}"},"query-input":{"@type":"PropertyValueSpecification","valueRequired":true,"valueName":"search_term_string"}}],"inLanguage":"de-DE"},{"@type":"Person","@id":"https:\/\/bantam-corpo.dev-bantam.ch\/de\/#\/schema\/person\/5ec32dca0d907db9d0c67843d1e1b47f","name":"gilles","image":{"@type":"ImageObject","inLanguage":"de-DE","@id":"https:\/\/secure.gravatar.com\/avatar\/df2d89d22fbd99c8419e05386f0ccb4a5cfc4584b3f8cf2ce5f94d300cc7c08e?s=96&d=mm&r=g","url":"https:\/\/secure.gravatar.com\/avatar\/df2d89d22fbd99c8419e05386f0ccb4a5cfc4584b3f8cf2ce5f94d300cc7c08e?s=96&d=mm&r=g","contentUrl":"https:\/\/secure.gravatar.com\/avatar\/df2d89d22fbd99c8419e05386f0ccb4a5cfc4584b3f8cf2ce5f94d300cc7c08e?s=96&d=mm&r=g","caption":"gilles"},"url":"https:\/\/bantam-corpo.dev-bantam.ch\/de\/author\/gilles\/"}]}},"publishpress_future_action":{"enabled":false,"date":"2026-05-06 17:37:14","action":"change-status","newStatus":"draft","terms":[],"taxonomy":"category","extraData":[]},"publishpress_future_workflow_manual_trigger":{"enabledWorkflows":[]},"featured_image_url":"https:\/\/bantam-corpo.dev-bantam.ch\/wp-content\/uploads\/2024\/06\/news2-10-w720h480.jpg","permalink":"https:\/\/bantam-corpo.dev-bantam.ch\/de\/ferienmessen-2016\/","lang":"de","_links":{"self":[{"href":"https:\/\/bantam-corpo.dev-bantam.ch\/de\/wp-json\/wp\/v2\/posts\/2786","targetHints":{"allow":["GET"]}}],"collection":[{"href":"https:\/\/bantam-corpo.dev-bantam.ch\/de\/wp-json\/wp\/v2\/posts"}],"about":[{"href":"https:\/\/bantam-corpo.dev-bantam.ch\/de\/wp-json\/wp\/v2\/types\/post"}],"author":[{"embeddable":true,"href":"https:\/\/bantam-corpo.dev-bantam.ch\/de\/wp-json\/wp\/v2\/users\/5"}],"replies":[{"embeddable":true,"href":"https:\/\/bantam-corpo.dev-bantam.ch\/de\/wp-json\/wp\/v2\/comments?post=2786"}],"version-history":[{"count":1,"href":"https:\/\/bantam-corpo.dev-bantam.ch\/de\/wp-json\/wp\/v2\/posts\/2786\/revisions"}],"predecessor-version":[{"id":2810,"href":"https:\/\/bantam-corpo.dev-bantam.ch\/de\/wp-json\/wp\/v2\/posts\/2786\/revisions\/2810"}],"wp:featuredmedia":[{"embeddable":true,"href":"https:\/\/bantam-corpo.dev-bantam.ch\/de\/wp-json\/wp\/v2\/media\/1893"}],"wp:attachment":[{"href":"https:\/\/bantam-corpo.dev-bantam.ch\/de\/wp-json\/wp\/v2\/media?parent=2786"}],"wp:term":[{"taxonomy":"category","embeddable":true,"href":"https:\/\/bantam-corpo.dev-bantam.ch\/de\/wp-json\/wp\/v2\/categories?post=2786"},{"taxonomy":"post_tag","embeddable":true,"href":"https:\/\/bantam-corpo.dev-bantam.ch\/de\/wp-json\/wp\/v2\/tags?post=2786"}],"curies":[{"name":"wp","href":"https:\/\/api.w.org\/{rel}","templated":true}]}}