{"id":2782,"date":"2016-02-10T12:12:00","date_gmt":"2016-02-10T11:12:00","guid":{"rendered":"https:\/\/bantam-corpo.dev-bantam.ch\/laika-et-honda-au-rallye-raid-dakar-2016\/"},"modified":"2024-07-10T09:08:30","modified_gmt":"2024-07-10T07:08:30","slug":"laika-und-honda-beim-dakar-2016","status":"publish","type":"post","link":"https:\/\/bantam-corpo.dev-bantam.ch\/de\/laika-und-honda-beim-dakar-2016\/","title":{"rendered":"Laika und Honda beim Dakar 2016"},"content":{"rendered":"\n<figure class=\"wp-block-image size-full\"><img loading=\"lazy\" decoding=\"async\" width=\"720\" height=\"480\" src=\"https:\/\/bantam-corpo.dev-bantam.ch\/wp-content\/uploads\/2024\/06\/news-24-w720h480.jpg\" alt=\"\" class=\"wp-image-1054\" srcset=\"https:\/\/bantam-corpo.dev-bantam.ch\/wp-content\/uploads\/2024\/06\/news-24-w720h480.jpg 720w, https:\/\/bantam-corpo.dev-bantam.ch\/wp-content\/uploads\/2024\/06\/news-24-w720h480-300x200.jpg 300w\" sizes=\"auto, (max-width: 720px) 100vw, 720px\" \/><\/figure>\n\n\n\n<p>Laika erneuert die Partnerschaft mit Honda Racing Corporation, um einer der interessantesten und historischen gesehen sehr hohen Herausforderung auf internationale Ebene entgegenzutreten.<\/p>\n\n\n\n<p>Das Schauspiel dieser harten und unendlichen Strecke der 38. Ausstragung der Rallye Dakar&nbsp;durch Sand und D\u00fchnen in Argentinien und Bolivien, wurde vom 3. bis zum 16. Januar 2016 durchgef\u00fchrt. Dieses ber\u00fchmte Rennen, wurde auf einer schwierigen und unendlichen Rundstrecke mit Start und Ziel in Argentinien abgehalten.<\/p>\n\n\n\n<p>Die Piloten vom Honda Racing Corporation (HRC) erhielten die Unterst\u00fctzung von drei Laika Reisemobilen:<\/p>\n\n\n\n<ul class=\"wp-block-list\">\n<li>Laika Teilintegrierten Ecovip 309 auf Mechanik Fiat Ducato<\/li>\n\n\n\n<li>Laika Alkoven Kreos 3001 auf Iveco Daily Fahrgestell<\/li>\n\n\n\n<li>Laika Ecovip 712 auf Mechanik Fiat Ducato<\/li>\n<\/ul>\n\n\n\n<p>Reisemobile mit unterschiedlichen technischen Charakteristiken, verschiedenen&nbsp;Ausstattungen und mit allen Extras, die nur die Exzellenzen von Laika bieten. Die ausgezeichnete Isolierung bietet der Piloten den Schutz&nbsp;vor der trockenen Hitze in der W\u00fcste und vor den niedrigen Temperaturen \u00fcber 4.000 Metern in den Anden. Die Aufbaustruktur garantiert eine ausgezeichnete thermische Stabilit\u00e4t.&nbsp;<\/p>\n\n\n\n<p>Die mehrfachen Siegerpiloten von der Honda Racing Corporation, Joan Barreda, Paulo Goncalves, Michael Metge, Paolo Ceci und Ricky Brabec haben die Reisemobile von Laika sowohl als eigene Unterkunft zum Wohnen als auch zur Erholung nach jedem Rennen benutzt. Die Fahrzeuge verf\u00fcgen \u00fcber bequeme Betten und im gro\u00dfen Wohnbereichen erlaubt eine funktionelle Einteilung als mobiles B\u00fcro, eine problemlose Vorbereitungen f\u00fcr das Road Book. Mit dem Wohnkomfort der Wohnmobil Laika vereint sich auch eine&nbsp;ausgezeichnete technische Konstruktiondie und die Funktionalit\u00e4t, die den Piloten Sicherheit und Wohlbefinden wie zu Hause bieten.<\/p>\n\n\n\n<p>So erkl\u00e4rt, Martino Bianchi, General Manager der HRC die Beweggr\u00fcnde, die der japanische Motorpark dazu bewegt hat, die Partnerschaft mit Laika zu erneuern: \u201cDie Wahl mit Laika basiert sich auf die hohe Qualit\u00e4t der Reisemobile und die gro\u00dfe Vielfalt der Serien. HRC ben\u00f6tigt Fahrzeuge, die harte Tests, wie schwierige klimatische Konditionen und unterschiedlichen Bodenarten bestehen und in jeder Situation Stand halten. Die Reisemobile von Laika, die von uns ausgesucht worden sind, haben die idealen Charakteristiken, um unsere Mannschaft w\u00e4hrend einer so langwierigen und vor allem schwierigen Rennstrecke, wie dem Rallye Dakar zu unterst\u00fctzen\u201c.<\/p>\n\n\n\n<p>Lesen Sie unsere Nachricht:&nbsp;<a href=\"http:\/\/www.bantam-camping.ch\/blog\/post.php?s=2015-11-12-laika-ecovip-309-2016\">Bantam Sonderangebot Ecovip 309<\/a>, 2016<\/p>\n","protected":false},"excerpt":{"rendered":"<p>Laika erneuert die Partnerschaft mit Honda Racing Corporation, um einer der interessantesten und historischen gesehen sehr hohen Herausforderung auf internationale Ebene entgegenzutreten.<\/p>\n","protected":false},"author":5,"featured_media":1888,"comment_status":"closed","ping_status":"closed","sticky":false,"template":"","format":"standard","meta":{"_acf_changed":false,"footnotes":""},"categories":[18,20],"tags":[],"class_list":["post-2782","post","type-post","status-publish","format-standard","has-post-thumbnail","hentry","category-informationen-events","category-reisemobile"],"acf":[],"yoast_head":"<!-- This site is optimized with the Yoast SEO plugin v27.4 - https:\/\/yoast.com\/product\/yoast-seo-wordpress\/ -->\n<title>Laika und Honda beim Dakar 2016 - Bantam<\/title>\n<meta name=\"robots\" content=\"index, follow, max-snippet:-1, max-image-preview:large, max-video-preview:-1\" \/>\n<link rel=\"canonical\" href=\"https:\/\/bantam-corpo.dev-bantam.ch\/de\/laika-und-honda-beim-dakar-2016\/\" \/>\n<meta property=\"og:locale\" content=\"de_DE\" \/>\n<meta property=\"og:type\" content=\"article\" \/>\n<meta property=\"og:title\" content=\"Laika und Honda beim Dakar 2016 - Bantam\" \/>\n<meta property=\"og:description\" content=\"Laika erneuert die Partnerschaft mit Honda Racing Corporation, um einer der interessantesten und historischen gesehen sehr hohen Herausforderung auf internationale Ebene entgegenzutreten.\" \/>\n<meta property=\"og:url\" content=\"https:\/\/bantam-corpo.dev-bantam.ch\/de\/laika-und-honda-beim-dakar-2016\/\" \/>\n<meta property=\"og:site_name\" content=\"Bantam\" \/>\n<meta property=\"article:published_time\" content=\"2016-02-10T11:12:00+00:00\" \/>\n<meta property=\"article:modified_time\" content=\"2024-07-10T07:08:30+00:00\" \/>\n<meta property=\"og:image\" content=\"http:\/\/bantam-corpo.dev-bantam.ch\/wp-content\/uploads\/2024\/06\/news-24-w720h480.jpg\" \/>\n\t<meta property=\"og:image:width\" content=\"720\" \/>\n\t<meta property=\"og:image:height\" content=\"480\" \/>\n\t<meta property=\"og:image:type\" content=\"image\/jpeg\" \/>\n<meta name=\"author\" content=\"gilles\" \/>\n<meta name=\"twitter:card\" content=\"summary_large_image\" \/>\n<meta name=\"twitter:label1\" content=\"Written by\" \/>\n\t<meta name=\"twitter:data1\" content=\"gilles\" \/>\n\t<meta name=\"twitter:label2\" content=\"Est. reading time\" \/>\n\t<meta name=\"twitter:data2\" content=\"3 Minuten\" \/>\n<script type=\"application\/ld+json\" class=\"yoast-schema-graph\">{\"@context\":\"https:\\\/\\\/schema.org\",\"@graph\":[{\"@type\":\"Article\",\"@id\":\"https:\\\/\\\/bantam-corpo.dev-bantam.ch\\\/de\\\/laika-und-honda-beim-dakar-2016\\\/#article\",\"isPartOf\":{\"@id\":\"https:\\\/\\\/bantam-corpo.dev-bantam.ch\\\/de\\\/laika-und-honda-beim-dakar-2016\\\/\"},\"author\":{\"name\":\"gilles\",\"@id\":\"https:\\\/\\\/bantam-corpo.dev-bantam.ch\\\/de\\\/#\\\/schema\\\/person\\\/5ec32dca0d907db9d0c67843d1e1b47f\"},\"headline\":\"Laika und Honda beim Dakar 2016\",\"datePublished\":\"2016-02-10T11:12:00+00:00\",\"dateModified\":\"2024-07-10T07:08:30+00:00\",\"mainEntityOfPage\":{\"@id\":\"https:\\\/\\\/bantam-corpo.dev-bantam.ch\\\/de\\\/laika-und-honda-beim-dakar-2016\\\/\"},\"wordCount\":366,\"image\":{\"@id\":\"https:\\\/\\\/bantam-corpo.dev-bantam.ch\\\/de\\\/laika-und-honda-beim-dakar-2016\\\/#primaryimage\"},\"thumbnailUrl\":\"https:\\\/\\\/bantam-corpo.dev-bantam.ch\\\/wp-content\\\/uploads\\\/2024\\\/06\\\/news-24-w720h480.jpg\",\"articleSection\":[\"Informationen \\\/ Events\",\"Reisemobile\"],\"inLanguage\":\"de-DE\"},{\"@type\":\"WebPage\",\"@id\":\"https:\\\/\\\/bantam-corpo.dev-bantam.ch\\\/de\\\/laika-und-honda-beim-dakar-2016\\\/\",\"url\":\"https:\\\/\\\/bantam-corpo.dev-bantam.ch\\\/de\\\/laika-und-honda-beim-dakar-2016\\\/\",\"name\":\"Laika und Honda beim Dakar 2016 - Bantam\",\"isPartOf\":{\"@id\":\"https:\\\/\\\/bantam-corpo.dev-bantam.ch\\\/de\\\/#website\"},\"primaryImageOfPage\":{\"@id\":\"https:\\\/\\\/bantam-corpo.dev-bantam.ch\\\/de\\\/laika-und-honda-beim-dakar-2016\\\/#primaryimage\"},\"image\":{\"@id\":\"https:\\\/\\\/bantam-corpo.dev-bantam.ch\\\/de\\\/laika-und-honda-beim-dakar-2016\\\/#primaryimage\"},\"thumbnailUrl\":\"https:\\\/\\\/bantam-corpo.dev-bantam.ch\\\/wp-content\\\/uploads\\\/2024\\\/06\\\/news-24-w720h480.jpg\",\"datePublished\":\"2016-02-10T11:12:00+00:00\",\"dateModified\":\"2024-07-10T07:08:30+00:00\",\"author\":{\"@id\":\"https:\\\/\\\/bantam-corpo.dev-bantam.ch\\\/de\\\/#\\\/schema\\\/person\\\/5ec32dca0d907db9d0c67843d1e1b47f\"},\"breadcrumb\":{\"@id\":\"https:\\\/\\\/bantam-corpo.dev-bantam.ch\\\/de\\\/laika-und-honda-beim-dakar-2016\\\/#breadcrumb\"},\"inLanguage\":\"de-DE\",\"potentialAction\":[{\"@type\":\"ReadAction\",\"target\":[\"https:\\\/\\\/bantam-corpo.dev-bantam.ch\\\/de\\\/laika-und-honda-beim-dakar-2016\\\/\"]}]},{\"@type\":\"ImageObject\",\"inLanguage\":\"de-DE\",\"@id\":\"https:\\\/\\\/bantam-corpo.dev-bantam.ch\\\/de\\\/laika-und-honda-beim-dakar-2016\\\/#primaryimage\",\"url\":\"https:\\\/\\\/bantam-corpo.dev-bantam.ch\\\/wp-content\\\/uploads\\\/2024\\\/06\\\/news-24-w720h480.jpg\",\"contentUrl\":\"https:\\\/\\\/bantam-corpo.dev-bantam.ch\\\/wp-content\\\/uploads\\\/2024\\\/06\\\/news-24-w720h480.jpg\",\"width\":720,\"height\":480},{\"@type\":\"BreadcrumbList\",\"@id\":\"https:\\\/\\\/bantam-corpo.dev-bantam.ch\\\/de\\\/laika-und-honda-beim-dakar-2016\\\/#breadcrumb\",\"itemListElement\":[{\"@type\":\"ListItem\",\"position\":1,\"name\":\"Home\",\"item\":\"https:\\\/\\\/bantam-corpo.dev-bantam.ch\\\/de\\\/\"},{\"@type\":\"ListItem\",\"position\":2,\"name\":\"Laika und Honda beim Dakar 2016\"}]},{\"@type\":\"WebSite\",\"@id\":\"https:\\\/\\\/bantam-corpo.dev-bantam.ch\\\/de\\\/#website\",\"url\":\"https:\\\/\\\/bantam-corpo.dev-bantam.ch\\\/de\\\/\",\"name\":\"Bantam\",\"description\":\"\",\"potentialAction\":[{\"@type\":\"SearchAction\",\"target\":{\"@type\":\"EntryPoint\",\"urlTemplate\":\"https:\\\/\\\/bantam-corpo.dev-bantam.ch\\\/de\\\/?s={search_term_string}\"},\"query-input\":{\"@type\":\"PropertyValueSpecification\",\"valueRequired\":true,\"valueName\":\"search_term_string\"}}],\"inLanguage\":\"de-DE\"},{\"@type\":\"Person\",\"@id\":\"https:\\\/\\\/bantam-corpo.dev-bantam.ch\\\/de\\\/#\\\/schema\\\/person\\\/5ec32dca0d907db9d0c67843d1e1b47f\",\"name\":\"gilles\",\"image\":{\"@type\":\"ImageObject\",\"inLanguage\":\"de-DE\",\"@id\":\"https:\\\/\\\/secure.gravatar.com\\\/avatar\\\/df2d89d22fbd99c8419e05386f0ccb4a5cfc4584b3f8cf2ce5f94d300cc7c08e?s=96&d=mm&r=g\",\"url\":\"https:\\\/\\\/secure.gravatar.com\\\/avatar\\\/df2d89d22fbd99c8419e05386f0ccb4a5cfc4584b3f8cf2ce5f94d300cc7c08e?s=96&d=mm&r=g\",\"contentUrl\":\"https:\\\/\\\/secure.gravatar.com\\\/avatar\\\/df2d89d22fbd99c8419e05386f0ccb4a5cfc4584b3f8cf2ce5f94d300cc7c08e?s=96&d=mm&r=g\",\"caption\":\"gilles\"},\"url\":\"https:\\\/\\\/bantam-corpo.dev-bantam.ch\\\/de\\\/author\\\/gilles\\\/\"}]}<\/script>\n<!-- \/ Yoast SEO plugin. -->","yoast_head_json":{"title":"Laika und Honda beim Dakar 2016 - Bantam","robots":{"index":"index","follow":"follow","max-snippet":"max-snippet:-1","max-image-preview":"max-image-preview:large","max-video-preview":"max-video-preview:-1"},"canonical":"https:\/\/bantam-corpo.dev-bantam.ch\/de\/laika-und-honda-beim-dakar-2016\/","og_locale":"de_DE","og_type":"article","og_title":"Laika und Honda beim Dakar 2016 - Bantam","og_description":"Laika erneuert die Partnerschaft mit Honda Racing Corporation, um einer der interessantesten und historischen gesehen sehr hohen Herausforderung auf internationale Ebene entgegenzutreten.","og_url":"https:\/\/bantam-corpo.dev-bantam.ch\/de\/laika-und-honda-beim-dakar-2016\/","og_site_name":"Bantam","article_published_time":"2016-02-10T11:12:00+00:00","article_modified_time":"2024-07-10T07:08:30+00:00","og_image":[{"width":720,"height":480,"url":"http:\/\/bantam-corpo.dev-bantam.ch\/wp-content\/uploads\/2024\/06\/news-24-w720h480.jpg","type":"image\/jpeg"}],"author":"gilles","twitter_card":"summary_large_image","twitter_misc":{"Written by":"gilles","Est. reading time":"3 Minuten"},"schema":{"@context":"https:\/\/schema.org","@graph":[{"@type":"Article","@id":"https:\/\/bantam-corpo.dev-bantam.ch\/de\/laika-und-honda-beim-dakar-2016\/#article","isPartOf":{"@id":"https:\/\/bantam-corpo.dev-bantam.ch\/de\/laika-und-honda-beim-dakar-2016\/"},"author":{"name":"gilles","@id":"https:\/\/bantam-corpo.dev-bantam.ch\/de\/#\/schema\/person\/5ec32dca0d907db9d0c67843d1e1b47f"},"headline":"Laika und Honda beim Dakar 2016","datePublished":"2016-02-10T11:12:00+00:00","dateModified":"2024-07-10T07:08:30+00:00","mainEntityOfPage":{"@id":"https:\/\/bantam-corpo.dev-bantam.ch\/de\/laika-und-honda-beim-dakar-2016\/"},"wordCount":366,"image":{"@id":"https:\/\/bantam-corpo.dev-bantam.ch\/de\/laika-und-honda-beim-dakar-2016\/#primaryimage"},"thumbnailUrl":"https:\/\/bantam-corpo.dev-bantam.ch\/wp-content\/uploads\/2024\/06\/news-24-w720h480.jpg","articleSection":["Informationen \/ Events","Reisemobile"],"inLanguage":"de-DE"},{"@type":"WebPage","@id":"https:\/\/bantam-corpo.dev-bantam.ch\/de\/laika-und-honda-beim-dakar-2016\/","url":"https:\/\/bantam-corpo.dev-bantam.ch\/de\/laika-und-honda-beim-dakar-2016\/","name":"Laika und Honda beim Dakar 2016 - Bantam","isPartOf":{"@id":"https:\/\/bantam-corpo.dev-bantam.ch\/de\/#website"},"primaryImageOfPage":{"@id":"https:\/\/bantam-corpo.dev-bantam.ch\/de\/laika-und-honda-beim-dakar-2016\/#primaryimage"},"image":{"@id":"https:\/\/bantam-corpo.dev-bantam.ch\/de\/laika-und-honda-beim-dakar-2016\/#primaryimage"},"thumbnailUrl":"https:\/\/bantam-corpo.dev-bantam.ch\/wp-content\/uploads\/2024\/06\/news-24-w720h480.jpg","datePublished":"2016-02-10T11:12:00+00:00","dateModified":"2024-07-10T07:08:30+00:00","author":{"@id":"https:\/\/bantam-corpo.dev-bantam.ch\/de\/#\/schema\/person\/5ec32dca0d907db9d0c67843d1e1b47f"},"breadcrumb":{"@id":"https:\/\/bantam-corpo.dev-bantam.ch\/de\/laika-und-honda-beim-dakar-2016\/#breadcrumb"},"inLanguage":"de-DE","potentialAction":[{"@type":"ReadAction","target":["https:\/\/bantam-corpo.dev-bantam.ch\/de\/laika-und-honda-beim-dakar-2016\/"]}]},{"@type":"ImageObject","inLanguage":"de-DE","@id":"https:\/\/bantam-corpo.dev-bantam.ch\/de\/laika-und-honda-beim-dakar-2016\/#primaryimage","url":"https:\/\/bantam-corpo.dev-bantam.ch\/wp-content\/uploads\/2024\/06\/news-24-w720h480.jpg","contentUrl":"https:\/\/bantam-corpo.dev-bantam.ch\/wp-content\/uploads\/2024\/06\/news-24-w720h480.jpg","width":720,"height":480},{"@type":"BreadcrumbList","@id":"https:\/\/bantam-corpo.dev-bantam.ch\/de\/laika-und-honda-beim-dakar-2016\/#breadcrumb","itemListElement":[{"@type":"ListItem","position":1,"name":"Home","item":"https:\/\/bantam-corpo.dev-bantam.ch\/de\/"},{"@type":"ListItem","position":2,"name":"Laika und Honda beim Dakar 2016"}]},{"@type":"WebSite","@id":"https:\/\/bantam-corpo.dev-bantam.ch\/de\/#website","url":"https:\/\/bantam-corpo.dev-bantam.ch\/de\/","name":"Bantam","description":"","potentialAction":[{"@type":"SearchAction","target":{"@type":"EntryPoint","urlTemplate":"https:\/\/bantam-corpo.dev-bantam.ch\/de\/?s={search_term_string}"},"query-input":{"@type":"PropertyValueSpecification","valueRequired":true,"valueName":"search_term_string"}}],"inLanguage":"de-DE"},{"@type":"Person","@id":"https:\/\/bantam-corpo.dev-bantam.ch\/de\/#\/schema\/person\/5ec32dca0d907db9d0c67843d1e1b47f","name":"gilles","image":{"@type":"ImageObject","inLanguage":"de-DE","@id":"https:\/\/secure.gravatar.com\/avatar\/df2d89d22fbd99c8419e05386f0ccb4a5cfc4584b3f8cf2ce5f94d300cc7c08e?s=96&d=mm&r=g","url":"https:\/\/secure.gravatar.com\/avatar\/df2d89d22fbd99c8419e05386f0ccb4a5cfc4584b3f8cf2ce5f94d300cc7c08e?s=96&d=mm&r=g","contentUrl":"https:\/\/secure.gravatar.com\/avatar\/df2d89d22fbd99c8419e05386f0ccb4a5cfc4584b3f8cf2ce5f94d300cc7c08e?s=96&d=mm&r=g","caption":"gilles"},"url":"https:\/\/bantam-corpo.dev-bantam.ch\/de\/author\/gilles\/"}]}},"publishpress_future_action":{"enabled":false,"date":"2026-05-06 15:48:51","action":"change-status","newStatus":"draft","terms":[],"taxonomy":"category","extraData":[]},"publishpress_future_workflow_manual_trigger":{"enabledWorkflows":[]},"featured_image_url":"https:\/\/bantam-corpo.dev-bantam.ch\/wp-content\/uploads\/2024\/06\/news-24-w720h480.jpg","permalink":"https:\/\/bantam-corpo.dev-bantam.ch\/de\/laika-und-honda-beim-dakar-2016\/","lang":"de","_links":{"self":[{"href":"https:\/\/bantam-corpo.dev-bantam.ch\/de\/wp-json\/wp\/v2\/posts\/2782","targetHints":{"allow":["GET"]}}],"collection":[{"href":"https:\/\/bantam-corpo.dev-bantam.ch\/de\/wp-json\/wp\/v2\/posts"}],"about":[{"href":"https:\/\/bantam-corpo.dev-bantam.ch\/de\/wp-json\/wp\/v2\/types\/post"}],"author":[{"embeddable":true,"href":"https:\/\/bantam-corpo.dev-bantam.ch\/de\/wp-json\/wp\/v2\/users\/5"}],"replies":[{"embeddable":true,"href":"https:\/\/bantam-corpo.dev-bantam.ch\/de\/wp-json\/wp\/v2\/comments?post=2782"}],"version-history":[{"count":1,"href":"https:\/\/bantam-corpo.dev-bantam.ch\/de\/wp-json\/wp\/v2\/posts\/2782\/revisions"}],"predecessor-version":[{"id":2806,"href":"https:\/\/bantam-corpo.dev-bantam.ch\/de\/wp-json\/wp\/v2\/posts\/2782\/revisions\/2806"}],"wp:featuredmedia":[{"embeddable":true,"href":"https:\/\/bantam-corpo.dev-bantam.ch\/de\/wp-json\/wp\/v2\/media\/1888"}],"wp:attachment":[{"href":"https:\/\/bantam-corpo.dev-bantam.ch\/de\/wp-json\/wp\/v2\/media?parent=2782"}],"wp:term":[{"taxonomy":"category","embeddable":true,"href":"https:\/\/bantam-corpo.dev-bantam.ch\/de\/wp-json\/wp\/v2\/categories?post=2782"},{"taxonomy":"post_tag","embeddable":true,"href":"https:\/\/bantam-corpo.dev-bantam.ch\/de\/wp-json\/wp\/v2\/tags?post=2782"}],"curies":[{"name":"wp","href":"https:\/\/api.w.org\/{rel}","templated":true}]}}