{"id":2778,"date":"2016-03-08T12:07:00","date_gmt":"2016-03-08T11:07:00","guid":{"rendered":"https:\/\/bantam-corpo.dev-bantam.ch\/expositions-de-printemps\/"},"modified":"2024-09-13T17:48:55","modified_gmt":"2024-09-13T15:48:55","slug":"fruehjahrs-ausstellungen-2016","status":"publish","type":"post","link":"https:\/\/bantam-corpo.dev-bantam.ch\/de\/fruehjahrs-ausstellungen-2016\/","title":{"rendered":"Fr\u00fchjahrs-Ausstellungen 2016"},"content":{"rendered":"\n<figure class=\"wp-block-image size-full\"><img loading=\"lazy\" decoding=\"async\" width=\"720\" height=\"480\" src=\"https:\/\/bantam-corpo.dev-bantam.ch\/wp-content\/uploads\/2024\/06\/news-26-w720h480.jpg\" alt=\"\" class=\"wp-image-1042\" srcset=\"https:\/\/bantam-corpo.dev-bantam.ch\/wp-content\/uploads\/2024\/06\/news-26-w720h480.jpg 720w, https:\/\/bantam-corpo.dev-bantam.ch\/wp-content\/uploads\/2024\/06\/news-26-w720h480-300x200.jpg 300w\" sizes=\"auto, (max-width: 720px) 100vw, 720px\" \/><\/figure>\n\n<p>Du vendredi 18 au lundi 21 mars 2016<\/p>\n\n<p>F\u00eatons l&#8217;arriv\u00e9e des beaux jours lors de nos expositions de printemps ! Venez d\u00e9couvrir\u00a0le plus grand choix de v\u00e9hicules et d\u2019accessoires de Suisse.<\/p>\n\n<p>Recevez un bon de Fr. 10.- par tranche de Fr. 100.- d\u2019achats*<br\/>*uniquement valable sur les accessoires, voir conditions en magasin.<\/p>\n\n<p>Visitez notre exposition de v\u00e9hicules\u00a0:\u00a0<\/p>\n\n<ul class=\"wp-block-list\">\n<li>Neun<\/li>\n\n\n\n<li>Occasion<\/li>\n\n\n\n<li>Location<\/li>\n<\/ul>\n\n<p>et laissez-vous s\u00e9duire par nos 5 mod\u00e8les de camping-cars et caravanes \u00ab\u00a0<a href=\"http:\/\/www.bantam-camping.ch\/blog\/post.php?lang=fr&amp;s=2015-11-03-nos-5-modeles-speciaux-avec-equipement-complet-\">offres sp\u00e9ciales 2016<\/a>\u00a0\u00bb avec \u00e9quipement complet \u00e0 un prix imbattable.<\/p>\n\n<p>Rendez-nous visite, nous nous r\u00e9jouissons vivement de vous accueillir dans une ambiance conviviale. Nos magasins et expositions seront \u00e9galement ouverts le dimanche et vous pourrez vous ravitailler sur place avec nos stands de grillades et boissons.<\/p>\n\n<p>Horaires d&#8217;ouverture:<\/p>\n\n<p>Vendredi: 9h &#8211; 19h<br\/>Samedi 9h &#8211; 17h<br\/>Dimanche: 10h &#8211; 17h<br\/>Lundi: 8h30 &#8211; 18h30<\/p>\n\n<p>Egalement\u00a0:<\/p>\n\n<p><a href=\"http:\/\/www.bantam-camping.ch\/blog\/post.php?lang=de&amp;s=2016-03-08-expositions-de-printemps\">Hindelbank\/BE<\/a>: du vendredi 18 au lundi 21 mars 2016<\/p>\n\n<p><a href=\"http:\/\/www.bantam-camping.ch\/blog\/post.php?lang=de&amp;s=2016-03-08-expositions-de-printemps\">Urdorf\/ZH<\/a>\u00a0: du vendredi 18 au lundi 21 mars 2016<\/p>\n","protected":false},"excerpt":{"rendered":"<p>Freitag bis Montag, 18. &#8211; 21. M\u00e4rz 2016<\/p>\n","protected":false},"author":5,"featured_media":1884,"comment_status":"closed","ping_status":"closed","sticky":false,"template":"","format":"standard","meta":{"_acf_changed":false,"footnotes":""},"categories":[18,19,20,21],"tags":[],"class_list":["post-2778","post","type-post","status-publish","format-standard","has-post-thumbnail","hentry","category-informationen-events","category-laden","category-reisemobile","category-wohnwagen"],"acf":[],"yoast_head":"<!-- This site is optimized with the Yoast SEO plugin v27.4 - https:\/\/yoast.com\/product\/yoast-seo-wordpress\/ -->\n<title>Fr\u00fchjahrs-Ausstellungen 2016 - Bantam<\/title>\n<meta name=\"robots\" content=\"index, follow, max-snippet:-1, max-image-preview:large, max-video-preview:-1\" \/>\n<link rel=\"canonical\" href=\"https:\/\/bantam-corpo.dev-bantam.ch\/de\/fruehjahrs-ausstellungen-2016\/\" \/>\n<meta property=\"og:locale\" content=\"de_DE\" \/>\n<meta property=\"og:type\" content=\"article\" \/>\n<meta property=\"og:title\" content=\"Fr\u00fchjahrs-Ausstellungen 2016 - Bantam\" \/>\n<meta property=\"og:description\" content=\"Freitag bis Montag, 18. - 21. M\u00e4rz 2016\" \/>\n<meta property=\"og:url\" content=\"https:\/\/bantam-corpo.dev-bantam.ch\/de\/fruehjahrs-ausstellungen-2016\/\" \/>\n<meta property=\"og:site_name\" content=\"Bantam\" \/>\n<meta property=\"article:published_time\" content=\"2016-03-08T11:07:00+00:00\" \/>\n<meta property=\"article:modified_time\" content=\"2024-09-13T15:48:55+00:00\" \/>\n<meta property=\"og:image\" content=\"http:\/\/bantam-corpo.dev-bantam.ch\/wp-content\/uploads\/2024\/06\/news-26-w720h480.jpg\" \/>\n\t<meta property=\"og:image:width\" content=\"720\" \/>\n\t<meta property=\"og:image:height\" content=\"480\" \/>\n\t<meta property=\"og:image:type\" content=\"image\/jpeg\" \/>\n<meta name=\"author\" content=\"gilles\" \/>\n<meta name=\"twitter:card\" content=\"summary_large_image\" \/>\n<meta name=\"twitter:label1\" content=\"Written by\" \/>\n\t<meta name=\"twitter:data1\" content=\"gilles\" \/>\n\t<meta name=\"twitter:label2\" content=\"Est. reading time\" \/>\n\t<meta name=\"twitter:data2\" content=\"2 Minuten\" \/>\n<script type=\"application\/ld+json\" class=\"yoast-schema-graph\">{\"@context\":\"https:\\\/\\\/schema.org\",\"@graph\":[{\"@type\":\"Article\",\"@id\":\"https:\\\/\\\/bantam-corpo.dev-bantam.ch\\\/de\\\/fruehjahrs-ausstellungen-2016\\\/#article\",\"isPartOf\":{\"@id\":\"https:\\\/\\\/bantam-corpo.dev-bantam.ch\\\/de\\\/fruehjahrs-ausstellungen-2016\\\/\"},\"author\":{\"name\":\"gilles\",\"@id\":\"https:\\\/\\\/bantam-corpo.dev-bantam.ch\\\/de\\\/#\\\/schema\\\/person\\\/5ec32dca0d907db9d0c67843d1e1b47f\"},\"headline\":\"Fr\u00fchjahrs-Ausstellungen 2016\",\"datePublished\":\"2016-03-08T11:07:00+00:00\",\"dateModified\":\"2024-09-13T15:48:55+00:00\",\"mainEntityOfPage\":{\"@id\":\"https:\\\/\\\/bantam-corpo.dev-bantam.ch\\\/de\\\/fruehjahrs-ausstellungen-2016\\\/\"},\"wordCount\":156,\"image\":{\"@id\":\"https:\\\/\\\/bantam-corpo.dev-bantam.ch\\\/de\\\/fruehjahrs-ausstellungen-2016\\\/#primaryimage\"},\"thumbnailUrl\":\"https:\\\/\\\/bantam-corpo.dev-bantam.ch\\\/wp-content\\\/uploads\\\/2024\\\/06\\\/news-26-w720h480.jpg\",\"articleSection\":[\"Informationen \\\/ Events\",\"Laden\",\"Reisemobile\",\"Wohnwagen\"],\"inLanguage\":\"de-DE\"},{\"@type\":\"WebPage\",\"@id\":\"https:\\\/\\\/bantam-corpo.dev-bantam.ch\\\/de\\\/fruehjahrs-ausstellungen-2016\\\/\",\"url\":\"https:\\\/\\\/bantam-corpo.dev-bantam.ch\\\/de\\\/fruehjahrs-ausstellungen-2016\\\/\",\"name\":\"Fr\u00fchjahrs-Ausstellungen 2016 - Bantam\",\"isPartOf\":{\"@id\":\"https:\\\/\\\/bantam-corpo.dev-bantam.ch\\\/de\\\/#website\"},\"primaryImageOfPage\":{\"@id\":\"https:\\\/\\\/bantam-corpo.dev-bantam.ch\\\/de\\\/fruehjahrs-ausstellungen-2016\\\/#primaryimage\"},\"image\":{\"@id\":\"https:\\\/\\\/bantam-corpo.dev-bantam.ch\\\/de\\\/fruehjahrs-ausstellungen-2016\\\/#primaryimage\"},\"thumbnailUrl\":\"https:\\\/\\\/bantam-corpo.dev-bantam.ch\\\/wp-content\\\/uploads\\\/2024\\\/06\\\/news-26-w720h480.jpg\",\"datePublished\":\"2016-03-08T11:07:00+00:00\",\"dateModified\":\"2024-09-13T15:48:55+00:00\",\"author\":{\"@id\":\"https:\\\/\\\/bantam-corpo.dev-bantam.ch\\\/de\\\/#\\\/schema\\\/person\\\/5ec32dca0d907db9d0c67843d1e1b47f\"},\"breadcrumb\":{\"@id\":\"https:\\\/\\\/bantam-corpo.dev-bantam.ch\\\/de\\\/fruehjahrs-ausstellungen-2016\\\/#breadcrumb\"},\"inLanguage\":\"de-DE\",\"potentialAction\":[{\"@type\":\"ReadAction\",\"target\":[\"https:\\\/\\\/bantam-corpo.dev-bantam.ch\\\/de\\\/fruehjahrs-ausstellungen-2016\\\/\"]}]},{\"@type\":\"ImageObject\",\"inLanguage\":\"de-DE\",\"@id\":\"https:\\\/\\\/bantam-corpo.dev-bantam.ch\\\/de\\\/fruehjahrs-ausstellungen-2016\\\/#primaryimage\",\"url\":\"https:\\\/\\\/bantam-corpo.dev-bantam.ch\\\/wp-content\\\/uploads\\\/2024\\\/06\\\/news-26-w720h480.jpg\",\"contentUrl\":\"https:\\\/\\\/bantam-corpo.dev-bantam.ch\\\/wp-content\\\/uploads\\\/2024\\\/06\\\/news-26-w720h480.jpg\",\"width\":720,\"height\":480},{\"@type\":\"BreadcrumbList\",\"@id\":\"https:\\\/\\\/bantam-corpo.dev-bantam.ch\\\/de\\\/fruehjahrs-ausstellungen-2016\\\/#breadcrumb\",\"itemListElement\":[{\"@type\":\"ListItem\",\"position\":1,\"name\":\"Home\",\"item\":\"https:\\\/\\\/bantam-corpo.dev-bantam.ch\\\/de\\\/\"},{\"@type\":\"ListItem\",\"position\":2,\"name\":\"Fr\u00fchjahrs-Ausstellungen 2016\"}]},{\"@type\":\"WebSite\",\"@id\":\"https:\\\/\\\/bantam-corpo.dev-bantam.ch\\\/de\\\/#website\",\"url\":\"https:\\\/\\\/bantam-corpo.dev-bantam.ch\\\/de\\\/\",\"name\":\"Bantam\",\"description\":\"\",\"potentialAction\":[{\"@type\":\"SearchAction\",\"target\":{\"@type\":\"EntryPoint\",\"urlTemplate\":\"https:\\\/\\\/bantam-corpo.dev-bantam.ch\\\/de\\\/?s={search_term_string}\"},\"query-input\":{\"@type\":\"PropertyValueSpecification\",\"valueRequired\":true,\"valueName\":\"search_term_string\"}}],\"inLanguage\":\"de-DE\"},{\"@type\":\"Person\",\"@id\":\"https:\\\/\\\/bantam-corpo.dev-bantam.ch\\\/de\\\/#\\\/schema\\\/person\\\/5ec32dca0d907db9d0c67843d1e1b47f\",\"name\":\"gilles\",\"image\":{\"@type\":\"ImageObject\",\"inLanguage\":\"de-DE\",\"@id\":\"https:\\\/\\\/secure.gravatar.com\\\/avatar\\\/df2d89d22fbd99c8419e05386f0ccb4a5cfc4584b3f8cf2ce5f94d300cc7c08e?s=96&d=mm&r=g\",\"url\":\"https:\\\/\\\/secure.gravatar.com\\\/avatar\\\/df2d89d22fbd99c8419e05386f0ccb4a5cfc4584b3f8cf2ce5f94d300cc7c08e?s=96&d=mm&r=g\",\"contentUrl\":\"https:\\\/\\\/secure.gravatar.com\\\/avatar\\\/df2d89d22fbd99c8419e05386f0ccb4a5cfc4584b3f8cf2ce5f94d300cc7c08e?s=96&d=mm&r=g\",\"caption\":\"gilles\"},\"url\":\"https:\\\/\\\/bantam-corpo.dev-bantam.ch\\\/de\\\/author\\\/gilles\\\/\"}]}<\/script>\n<!-- \/ Yoast SEO plugin. -->","yoast_head_json":{"title":"Fr\u00fchjahrs-Ausstellungen 2016 - Bantam","robots":{"index":"index","follow":"follow","max-snippet":"max-snippet:-1","max-image-preview":"max-image-preview:large","max-video-preview":"max-video-preview:-1"},"canonical":"https:\/\/bantam-corpo.dev-bantam.ch\/de\/fruehjahrs-ausstellungen-2016\/","og_locale":"de_DE","og_type":"article","og_title":"Fr\u00fchjahrs-Ausstellungen 2016 - Bantam","og_description":"Freitag bis Montag, 18. - 21. M\u00e4rz 2016","og_url":"https:\/\/bantam-corpo.dev-bantam.ch\/de\/fruehjahrs-ausstellungen-2016\/","og_site_name":"Bantam","article_published_time":"2016-03-08T11:07:00+00:00","article_modified_time":"2024-09-13T15:48:55+00:00","og_image":[{"width":720,"height":480,"url":"http:\/\/bantam-corpo.dev-bantam.ch\/wp-content\/uploads\/2024\/06\/news-26-w720h480.jpg","type":"image\/jpeg"}],"author":"gilles","twitter_card":"summary_large_image","twitter_misc":{"Written by":"gilles","Est. reading time":"2 Minuten"},"schema":{"@context":"https:\/\/schema.org","@graph":[{"@type":"Article","@id":"https:\/\/bantam-corpo.dev-bantam.ch\/de\/fruehjahrs-ausstellungen-2016\/#article","isPartOf":{"@id":"https:\/\/bantam-corpo.dev-bantam.ch\/de\/fruehjahrs-ausstellungen-2016\/"},"author":{"name":"gilles","@id":"https:\/\/bantam-corpo.dev-bantam.ch\/de\/#\/schema\/person\/5ec32dca0d907db9d0c67843d1e1b47f"},"headline":"Fr\u00fchjahrs-Ausstellungen 2016","datePublished":"2016-03-08T11:07:00+00:00","dateModified":"2024-09-13T15:48:55+00:00","mainEntityOfPage":{"@id":"https:\/\/bantam-corpo.dev-bantam.ch\/de\/fruehjahrs-ausstellungen-2016\/"},"wordCount":156,"image":{"@id":"https:\/\/bantam-corpo.dev-bantam.ch\/de\/fruehjahrs-ausstellungen-2016\/#primaryimage"},"thumbnailUrl":"https:\/\/bantam-corpo.dev-bantam.ch\/wp-content\/uploads\/2024\/06\/news-26-w720h480.jpg","articleSection":["Informationen \/ Events","Laden","Reisemobile","Wohnwagen"],"inLanguage":"de-DE"},{"@type":"WebPage","@id":"https:\/\/bantam-corpo.dev-bantam.ch\/de\/fruehjahrs-ausstellungen-2016\/","url":"https:\/\/bantam-corpo.dev-bantam.ch\/de\/fruehjahrs-ausstellungen-2016\/","name":"Fr\u00fchjahrs-Ausstellungen 2016 - Bantam","isPartOf":{"@id":"https:\/\/bantam-corpo.dev-bantam.ch\/de\/#website"},"primaryImageOfPage":{"@id":"https:\/\/bantam-corpo.dev-bantam.ch\/de\/fruehjahrs-ausstellungen-2016\/#primaryimage"},"image":{"@id":"https:\/\/bantam-corpo.dev-bantam.ch\/de\/fruehjahrs-ausstellungen-2016\/#primaryimage"},"thumbnailUrl":"https:\/\/bantam-corpo.dev-bantam.ch\/wp-content\/uploads\/2024\/06\/news-26-w720h480.jpg","datePublished":"2016-03-08T11:07:00+00:00","dateModified":"2024-09-13T15:48:55+00:00","author":{"@id":"https:\/\/bantam-corpo.dev-bantam.ch\/de\/#\/schema\/person\/5ec32dca0d907db9d0c67843d1e1b47f"},"breadcrumb":{"@id":"https:\/\/bantam-corpo.dev-bantam.ch\/de\/fruehjahrs-ausstellungen-2016\/#breadcrumb"},"inLanguage":"de-DE","potentialAction":[{"@type":"ReadAction","target":["https:\/\/bantam-corpo.dev-bantam.ch\/de\/fruehjahrs-ausstellungen-2016\/"]}]},{"@type":"ImageObject","inLanguage":"de-DE","@id":"https:\/\/bantam-corpo.dev-bantam.ch\/de\/fruehjahrs-ausstellungen-2016\/#primaryimage","url":"https:\/\/bantam-corpo.dev-bantam.ch\/wp-content\/uploads\/2024\/06\/news-26-w720h480.jpg","contentUrl":"https:\/\/bantam-corpo.dev-bantam.ch\/wp-content\/uploads\/2024\/06\/news-26-w720h480.jpg","width":720,"height":480},{"@type":"BreadcrumbList","@id":"https:\/\/bantam-corpo.dev-bantam.ch\/de\/fruehjahrs-ausstellungen-2016\/#breadcrumb","itemListElement":[{"@type":"ListItem","position":1,"name":"Home","item":"https:\/\/bantam-corpo.dev-bantam.ch\/de\/"},{"@type":"ListItem","position":2,"name":"Fr\u00fchjahrs-Ausstellungen 2016"}]},{"@type":"WebSite","@id":"https:\/\/bantam-corpo.dev-bantam.ch\/de\/#website","url":"https:\/\/bantam-corpo.dev-bantam.ch\/de\/","name":"Bantam","description":"","potentialAction":[{"@type":"SearchAction","target":{"@type":"EntryPoint","urlTemplate":"https:\/\/bantam-corpo.dev-bantam.ch\/de\/?s={search_term_string}"},"query-input":{"@type":"PropertyValueSpecification","valueRequired":true,"valueName":"search_term_string"}}],"inLanguage":"de-DE"},{"@type":"Person","@id":"https:\/\/bantam-corpo.dev-bantam.ch\/de\/#\/schema\/person\/5ec32dca0d907db9d0c67843d1e1b47f","name":"gilles","image":{"@type":"ImageObject","inLanguage":"de-DE","@id":"https:\/\/secure.gravatar.com\/avatar\/df2d89d22fbd99c8419e05386f0ccb4a5cfc4584b3f8cf2ce5f94d300cc7c08e?s=96&d=mm&r=g","url":"https:\/\/secure.gravatar.com\/avatar\/df2d89d22fbd99c8419e05386f0ccb4a5cfc4584b3f8cf2ce5f94d300cc7c08e?s=96&d=mm&r=g","contentUrl":"https:\/\/secure.gravatar.com\/avatar\/df2d89d22fbd99c8419e05386f0ccb4a5cfc4584b3f8cf2ce5f94d300cc7c08e?s=96&d=mm&r=g","caption":"gilles"},"url":"https:\/\/bantam-corpo.dev-bantam.ch\/de\/author\/gilles\/"}]}},"publishpress_future_action":{"enabled":false,"date":"2026-05-06 11:37:00","action":"change-status","newStatus":"draft","terms":[],"taxonomy":"category","extraData":[]},"publishpress_future_workflow_manual_trigger":{"enabledWorkflows":[]},"featured_image_url":"https:\/\/bantam-corpo.dev-bantam.ch\/wp-content\/uploads\/2024\/06\/news-26-w720h480.jpg","permalink":"https:\/\/bantam-corpo.dev-bantam.ch\/de\/fruehjahrs-ausstellungen-2016\/","lang":"de","_links":{"self":[{"href":"https:\/\/bantam-corpo.dev-bantam.ch\/de\/wp-json\/wp\/v2\/posts\/2778","targetHints":{"allow":["GET"]}}],"collection":[{"href":"https:\/\/bantam-corpo.dev-bantam.ch\/de\/wp-json\/wp\/v2\/posts"}],"about":[{"href":"https:\/\/bantam-corpo.dev-bantam.ch\/de\/wp-json\/wp\/v2\/types\/post"}],"author":[{"embeddable":true,"href":"https:\/\/bantam-corpo.dev-bantam.ch\/de\/wp-json\/wp\/v2\/users\/5"}],"replies":[{"embeddable":true,"href":"https:\/\/bantam-corpo.dev-bantam.ch\/de\/wp-json\/wp\/v2\/comments?post=2778"}],"version-history":[{"count":2,"href":"https:\/\/bantam-corpo.dev-bantam.ch\/de\/wp-json\/wp\/v2\/posts\/2778\/revisions"}],"predecessor-version":[{"id":4073,"href":"https:\/\/bantam-corpo.dev-bantam.ch\/de\/wp-json\/wp\/v2\/posts\/2778\/revisions\/4073"}],"wp:featuredmedia":[{"embeddable":true,"href":"https:\/\/bantam-corpo.dev-bantam.ch\/de\/wp-json\/wp\/v2\/media\/1884"}],"wp:attachment":[{"href":"https:\/\/bantam-corpo.dev-bantam.ch\/de\/wp-json\/wp\/v2\/media?parent=2778"}],"wp:term":[{"taxonomy":"category","embeddable":true,"href":"https:\/\/bantam-corpo.dev-bantam.ch\/de\/wp-json\/wp\/v2\/categories?post=2778"},{"taxonomy":"post_tag","embeddable":true,"href":"https:\/\/bantam-corpo.dev-bantam.ch\/de\/wp-json\/wp\/v2\/tags?post=2778"}],"curies":[{"name":"wp","href":"https:\/\/api.w.org\/{rel}","templated":true}]}}