{"id":2695,"date":"2017-05-18T11:04:00","date_gmt":"2017-05-18T09:04:00","guid":{"rendered":"https:\/\/bantam-corpo.dev-bantam.ch\/velo-electrique-pliable\/"},"modified":"2024-07-09T15:37:41","modified_gmt":"2024-07-09T13:37:41","slug":"elektro-klapprad-moove","status":"publish","type":"post","link":"https:\/\/bantam-corpo.dev-bantam.ch\/de\/elektro-klapprad-moove\/","title":{"rendered":"Elektro-Klapprad Moove"},"content":{"rendered":"\n<figure class=\"wp-block-image size-full\"><img loading=\"lazy\" decoding=\"async\" width=\"720\" height=\"480\" src=\"https:\/\/bantam-corpo.dev-bantam.ch\/wp-content\/uploads\/2024\/06\/veloelectr-w720h480.jpg\" alt=\"\" class=\"wp-image-912\" srcset=\"https:\/\/bantam-corpo.dev-bantam.ch\/wp-content\/uploads\/2024\/06\/veloelectr-w720h480.jpg 720w, https:\/\/bantam-corpo.dev-bantam.ch\/wp-content\/uploads\/2024\/06\/veloelectr-w720h480-300x200.jpg 300w\" sizes=\"auto, (max-width: 720px) 100vw, 720px\" \/><\/figure>\n\n\n\n<p>Wer mit dem Reisemobil unterwegs ist, der will mobil sein. Dies aber auch, wenn das Fahrzeug auf einem Camping- oder Stellplatz ist. Aus diesem Grund entscheiden sich die meisten Camper, f\u00fcr die Mitnahme eines Fahrrades. Fahrr\u00e4der in der Heckgarage nehmen leider viel Platz weg und E-Bikes auf einem Fahrradtr\u00e4ger zu transportieren ist wegen des Gewichts nicht immer sehr einfach.<\/p>\n\n\n\n<p>Wer dennoch auf ein E-Bike nicht verzichten m\u00f6chte, f\u00fcr den ist das Elektro-Klappfahrrad von Moove eine interessante L\u00f6sung. Das ohnehin schon kompakte Fahrrad l\u00e4sst sich mit wenigen Handgriffen platzsparend zusammenklappen und ben\u00f6tigt kaum noch Platz in der Heckgarage des Reisemobils.<\/p>\n\n\n\n<p>Mit einer Reichweite von 40-45km (abh\u00e4ngig von der Art des Gel\u00e4ndes und Gewicht) ist es ideal um vom Camping- oder Stellplatz in das nahegelegene Dorf zu fahren oder kleine Fahrradtouren zu unternehmen.<\/p>\n\n\n\n<figure class=\"wp-block-image size-full\"><img loading=\"lazy\" decoding=\"async\" width=\"300\" height=\"185\" src=\"https:\/\/bantam-corpo.dev-bantam.ch\/wp-content\/uploads\/2024\/06\/70905005-1-w300h300-1.jpg\" alt=\"\" class=\"wp-image-913\"\/><\/figure>\n\n\n\n<figure class=\"wp-block-image size-full\"><img loading=\"lazy\" decoding=\"async\" width=\"300\" height=\"200\" src=\"https:\/\/bantam-corpo.dev-bantam.ch\/wp-content\/uploads\/2024\/06\/veloelectr-2-w300h300-1.jpg\" alt=\"\" class=\"wp-image-914\"\/><\/figure>\n\n\n\n<p><strong>Spezifikationen<\/strong><\/p>\n\n\n\n<figure class=\"wp-block-table\"><table><tbody><tr><td>Abmessungen: &nbsp; &nbsp;&nbsp;<\/td><td>52 x 89 x 68 cm<\/td><\/tr><tr><td>Gewicht ohne Akku: &nbsp; &nbsp; &nbsp; &nbsp; &nbsp; &nbsp; &nbsp; &nbsp; &nbsp; &nbsp;<\/td><td>17kg (Akku 2,5kg)<\/td><\/tr><tr><td>Rahmen:<\/td><td>Aluminium<\/td><\/tr><tr><td>Schaltwerk:<\/td><td>Shimano 6 G\u00e4nge&nbsp;<\/td><\/tr><tr><td>H\u00f6chstlast:<\/td><td>120kg<\/td><\/tr><tr><td>Farbe:<\/td><td>grau<\/td><\/tr><tr><td>Reifen:<\/td><td>20&#8222;<\/td><\/tr><tr><td>Leistung:<\/td><td>250W DC<\/td><\/tr><tr><td>Unterst\u00fctzung:<\/td><td>bis 25 Km\/h<\/td><\/tr><tr><td>Akku:<\/td><td>Lithium Batterie 36V\/8,8Ah<\/td><\/tr><tr><td>Reichweite:<\/td><td>40-45 Km, abh\u00e4ngig von Gel\u00e4nde und Gewicht<\/td><\/tr><tr><td>Ladezeit:<\/td><td>4h<\/td><\/tr><tr><td>Anzahl Ladezyklus:<\/td><td>800mal<\/td><\/tr><tr><td>Fahrergr\u00f6sse:<\/td><td>1,60 m bis 1,80 m<\/td><\/tr><\/tbody><\/table><\/figure>\n\n\n\n<p><strong>Preis: CHF 1`290.00<\/strong><\/p>\n\n\n\n<p><strong>Art-Num :&nbsp;13016010<\/strong><\/p>\n\n\n\n<p>Wer also ein kompaktes Fahrrad sucht und auf ein E-Bike nicht verzichten m\u00f6chte, f\u00fcr den ist das Elektro-Klapprad von Moove das richtige Produkt.<\/p>\n\n\n\n<p>Das Fahrrad ist in unseren Filialen in Etagni\u00e8res, Hindelbank und Urdorf erh\u00e4ltlich.<\/p>\n\n\n\n<p>F\u00fcr mehr Informationen, besuchen Sie eine unserer Filialen und \u00fcberzeugen Sie sich selbst vom Elektro-Klapprad.<\/p>\n\n\n\n<p>Wir freuen uns auf Ihren Besuch. Bis bald.<\/p>\n\n\n\n<p>Etagni\u00e8res : 021 731 91 91<\/p>\n\n\n\n<p>Hindelbank : 034 411 90 90<\/p>\n\n\n\n<p>Urdorf : 044 777 00 00<em><br><\/em><\/p>\n","protected":false},"excerpt":{"rendered":"<p>Wer mit dem Reisemobil unterwegs ist, der will mobil sein.<\/p>\n","protected":false},"author":5,"featured_media":1818,"comment_status":"closed","ping_status":"closed","sticky":false,"template":"","format":"standard","meta":{"_acf_changed":false,"footnotes":""},"categories":[19],"tags":[],"class_list":["post-2695","post","type-post","status-publish","format-standard","has-post-thumbnail","hentry","category-laden"],"acf":[],"yoast_head":"<!-- This site is optimized with the Yoast SEO plugin v27.4 - https:\/\/yoast.com\/product\/yoast-seo-wordpress\/ -->\n<title>Elektro-Klapprad Moove - Bantam<\/title>\n<meta name=\"robots\" content=\"index, follow, max-snippet:-1, max-image-preview:large, max-video-preview:-1\" \/>\n<link rel=\"canonical\" href=\"https:\/\/bantam-corpo.dev-bantam.ch\/de\/elektro-klapprad-moove\/\" \/>\n<meta property=\"og:locale\" content=\"de_DE\" \/>\n<meta property=\"og:type\" content=\"article\" \/>\n<meta property=\"og:title\" content=\"Elektro-Klapprad Moove - Bantam\" \/>\n<meta property=\"og:description\" content=\"Wer mit dem Reisemobil unterwegs ist, der will mobil sein.\" \/>\n<meta property=\"og:url\" content=\"https:\/\/bantam-corpo.dev-bantam.ch\/de\/elektro-klapprad-moove\/\" \/>\n<meta property=\"og:site_name\" content=\"Bantam\" \/>\n<meta property=\"article:published_time\" content=\"2017-05-18T09:04:00+00:00\" \/>\n<meta property=\"article:modified_time\" content=\"2024-07-09T13:37:41+00:00\" \/>\n<meta property=\"og:image\" content=\"http:\/\/bantam-corpo.dev-bantam.ch\/wp-content\/uploads\/2024\/06\/veloelectr-2-w300h300-1.jpg\" \/>\n\t<meta property=\"og:image:width\" content=\"300\" \/>\n\t<meta property=\"og:image:height\" content=\"200\" \/>\n\t<meta property=\"og:image:type\" content=\"image\/jpeg\" \/>\n<meta name=\"author\" content=\"gilles\" \/>\n<meta name=\"twitter:card\" content=\"summary_large_image\" \/>\n<meta name=\"twitter:label1\" content=\"Written by\" \/>\n\t<meta name=\"twitter:data1\" content=\"gilles\" \/>\n\t<meta name=\"twitter:label2\" content=\"Est. reading time\" \/>\n\t<meta name=\"twitter:data2\" content=\"3 Minuten\" \/>\n<script type=\"application\/ld+json\" class=\"yoast-schema-graph\">{\"@context\":\"https:\\\/\\\/schema.org\",\"@graph\":[{\"@type\":\"Article\",\"@id\":\"https:\\\/\\\/bantam-corpo.dev-bantam.ch\\\/de\\\/elektro-klapprad-moove\\\/#article\",\"isPartOf\":{\"@id\":\"https:\\\/\\\/bantam-corpo.dev-bantam.ch\\\/de\\\/elektro-klapprad-moove\\\/\"},\"author\":{\"name\":\"gilles\",\"@id\":\"https:\\\/\\\/bantam-corpo.dev-bantam.ch\\\/de\\\/#\\\/schema\\\/person\\\/5ec32dca0d907db9d0c67843d1e1b47f\"},\"headline\":\"Elektro-Klapprad Moove\",\"datePublished\":\"2017-05-18T09:04:00+00:00\",\"dateModified\":\"2024-07-09T13:37:41+00:00\",\"mainEntityOfPage\":{\"@id\":\"https:\\\/\\\/bantam-corpo.dev-bantam.ch\\\/de\\\/elektro-klapprad-moove\\\/\"},\"wordCount\":285,\"image\":{\"@id\":\"https:\\\/\\\/bantam-corpo.dev-bantam.ch\\\/de\\\/elektro-klapprad-moove\\\/#primaryimage\"},\"thumbnailUrl\":\"https:\\\/\\\/bantam-corpo.dev-bantam.ch\\\/wp-content\\\/uploads\\\/2024\\\/06\\\/veloelectr-2-w300h300-1.jpg\",\"articleSection\":[\"Laden\"],\"inLanguage\":\"de-DE\"},{\"@type\":\"WebPage\",\"@id\":\"https:\\\/\\\/bantam-corpo.dev-bantam.ch\\\/de\\\/elektro-klapprad-moove\\\/\",\"url\":\"https:\\\/\\\/bantam-corpo.dev-bantam.ch\\\/de\\\/elektro-klapprad-moove\\\/\",\"name\":\"Elektro-Klapprad Moove - Bantam\",\"isPartOf\":{\"@id\":\"https:\\\/\\\/bantam-corpo.dev-bantam.ch\\\/de\\\/#website\"},\"primaryImageOfPage\":{\"@id\":\"https:\\\/\\\/bantam-corpo.dev-bantam.ch\\\/de\\\/elektro-klapprad-moove\\\/#primaryimage\"},\"image\":{\"@id\":\"https:\\\/\\\/bantam-corpo.dev-bantam.ch\\\/de\\\/elektro-klapprad-moove\\\/#primaryimage\"},\"thumbnailUrl\":\"https:\\\/\\\/bantam-corpo.dev-bantam.ch\\\/wp-content\\\/uploads\\\/2024\\\/06\\\/veloelectr-2-w300h300-1.jpg\",\"datePublished\":\"2017-05-18T09:04:00+00:00\",\"dateModified\":\"2024-07-09T13:37:41+00:00\",\"author\":{\"@id\":\"https:\\\/\\\/bantam-corpo.dev-bantam.ch\\\/de\\\/#\\\/schema\\\/person\\\/5ec32dca0d907db9d0c67843d1e1b47f\"},\"breadcrumb\":{\"@id\":\"https:\\\/\\\/bantam-corpo.dev-bantam.ch\\\/de\\\/elektro-klapprad-moove\\\/#breadcrumb\"},\"inLanguage\":\"de-DE\",\"potentialAction\":[{\"@type\":\"ReadAction\",\"target\":[\"https:\\\/\\\/bantam-corpo.dev-bantam.ch\\\/de\\\/elektro-klapprad-moove\\\/\"]}]},{\"@type\":\"ImageObject\",\"inLanguage\":\"de-DE\",\"@id\":\"https:\\\/\\\/bantam-corpo.dev-bantam.ch\\\/de\\\/elektro-klapprad-moove\\\/#primaryimage\",\"url\":\"https:\\\/\\\/bantam-corpo.dev-bantam.ch\\\/wp-content\\\/uploads\\\/2024\\\/06\\\/veloelectr-2-w300h300-1.jpg\",\"contentUrl\":\"https:\\\/\\\/bantam-corpo.dev-bantam.ch\\\/wp-content\\\/uploads\\\/2024\\\/06\\\/veloelectr-2-w300h300-1.jpg\",\"width\":300,\"height\":200},{\"@type\":\"BreadcrumbList\",\"@id\":\"https:\\\/\\\/bantam-corpo.dev-bantam.ch\\\/de\\\/elektro-klapprad-moove\\\/#breadcrumb\",\"itemListElement\":[{\"@type\":\"ListItem\",\"position\":1,\"name\":\"Home\",\"item\":\"https:\\\/\\\/bantam-corpo.dev-bantam.ch\\\/de\\\/\"},{\"@type\":\"ListItem\",\"position\":2,\"name\":\"Elektro-Klapprad Moove\"}]},{\"@type\":\"WebSite\",\"@id\":\"https:\\\/\\\/bantam-corpo.dev-bantam.ch\\\/de\\\/#website\",\"url\":\"https:\\\/\\\/bantam-corpo.dev-bantam.ch\\\/de\\\/\",\"name\":\"Bantam\",\"description\":\"\",\"potentialAction\":[{\"@type\":\"SearchAction\",\"target\":{\"@type\":\"EntryPoint\",\"urlTemplate\":\"https:\\\/\\\/bantam-corpo.dev-bantam.ch\\\/de\\\/?s={search_term_string}\"},\"query-input\":{\"@type\":\"PropertyValueSpecification\",\"valueRequired\":true,\"valueName\":\"search_term_string\"}}],\"inLanguage\":\"de-DE\"},{\"@type\":\"Person\",\"@id\":\"https:\\\/\\\/bantam-corpo.dev-bantam.ch\\\/de\\\/#\\\/schema\\\/person\\\/5ec32dca0d907db9d0c67843d1e1b47f\",\"name\":\"gilles\",\"image\":{\"@type\":\"ImageObject\",\"inLanguage\":\"de-DE\",\"@id\":\"https:\\\/\\\/secure.gravatar.com\\\/avatar\\\/df2d89d22fbd99c8419e05386f0ccb4a5cfc4584b3f8cf2ce5f94d300cc7c08e?s=96&d=mm&r=g\",\"url\":\"https:\\\/\\\/secure.gravatar.com\\\/avatar\\\/df2d89d22fbd99c8419e05386f0ccb4a5cfc4584b3f8cf2ce5f94d300cc7c08e?s=96&d=mm&r=g\",\"contentUrl\":\"https:\\\/\\\/secure.gravatar.com\\\/avatar\\\/df2d89d22fbd99c8419e05386f0ccb4a5cfc4584b3f8cf2ce5f94d300cc7c08e?s=96&d=mm&r=g\",\"caption\":\"gilles\"},\"url\":\"https:\\\/\\\/bantam-corpo.dev-bantam.ch\\\/de\\\/author\\\/gilles\\\/\"}]}<\/script>\n<!-- \/ Yoast SEO plugin. -->","yoast_head_json":{"title":"Elektro-Klapprad Moove - Bantam","robots":{"index":"index","follow":"follow","max-snippet":"max-snippet:-1","max-image-preview":"max-image-preview:large","max-video-preview":"max-video-preview:-1"},"canonical":"https:\/\/bantam-corpo.dev-bantam.ch\/de\/elektro-klapprad-moove\/","og_locale":"de_DE","og_type":"article","og_title":"Elektro-Klapprad Moove - Bantam","og_description":"Wer mit dem Reisemobil unterwegs ist, der will mobil sein.","og_url":"https:\/\/bantam-corpo.dev-bantam.ch\/de\/elektro-klapprad-moove\/","og_site_name":"Bantam","article_published_time":"2017-05-18T09:04:00+00:00","article_modified_time":"2024-07-09T13:37:41+00:00","og_image":[{"width":300,"height":200,"url":"http:\/\/bantam-corpo.dev-bantam.ch\/wp-content\/uploads\/2024\/06\/veloelectr-2-w300h300-1.jpg","type":"image\/jpeg"}],"author":"gilles","twitter_card":"summary_large_image","twitter_misc":{"Written by":"gilles","Est. reading time":"3 Minuten"},"schema":{"@context":"https:\/\/schema.org","@graph":[{"@type":"Article","@id":"https:\/\/bantam-corpo.dev-bantam.ch\/de\/elektro-klapprad-moove\/#article","isPartOf":{"@id":"https:\/\/bantam-corpo.dev-bantam.ch\/de\/elektro-klapprad-moove\/"},"author":{"name":"gilles","@id":"https:\/\/bantam-corpo.dev-bantam.ch\/de\/#\/schema\/person\/5ec32dca0d907db9d0c67843d1e1b47f"},"headline":"Elektro-Klapprad Moove","datePublished":"2017-05-18T09:04:00+00:00","dateModified":"2024-07-09T13:37:41+00:00","mainEntityOfPage":{"@id":"https:\/\/bantam-corpo.dev-bantam.ch\/de\/elektro-klapprad-moove\/"},"wordCount":285,"image":{"@id":"https:\/\/bantam-corpo.dev-bantam.ch\/de\/elektro-klapprad-moove\/#primaryimage"},"thumbnailUrl":"https:\/\/bantam-corpo.dev-bantam.ch\/wp-content\/uploads\/2024\/06\/veloelectr-2-w300h300-1.jpg","articleSection":["Laden"],"inLanguage":"de-DE"},{"@type":"WebPage","@id":"https:\/\/bantam-corpo.dev-bantam.ch\/de\/elektro-klapprad-moove\/","url":"https:\/\/bantam-corpo.dev-bantam.ch\/de\/elektro-klapprad-moove\/","name":"Elektro-Klapprad Moove - Bantam","isPartOf":{"@id":"https:\/\/bantam-corpo.dev-bantam.ch\/de\/#website"},"primaryImageOfPage":{"@id":"https:\/\/bantam-corpo.dev-bantam.ch\/de\/elektro-klapprad-moove\/#primaryimage"},"image":{"@id":"https:\/\/bantam-corpo.dev-bantam.ch\/de\/elektro-klapprad-moove\/#primaryimage"},"thumbnailUrl":"https:\/\/bantam-corpo.dev-bantam.ch\/wp-content\/uploads\/2024\/06\/veloelectr-2-w300h300-1.jpg","datePublished":"2017-05-18T09:04:00+00:00","dateModified":"2024-07-09T13:37:41+00:00","author":{"@id":"https:\/\/bantam-corpo.dev-bantam.ch\/de\/#\/schema\/person\/5ec32dca0d907db9d0c67843d1e1b47f"},"breadcrumb":{"@id":"https:\/\/bantam-corpo.dev-bantam.ch\/de\/elektro-klapprad-moove\/#breadcrumb"},"inLanguage":"de-DE","potentialAction":[{"@type":"ReadAction","target":["https:\/\/bantam-corpo.dev-bantam.ch\/de\/elektro-klapprad-moove\/"]}]},{"@type":"ImageObject","inLanguage":"de-DE","@id":"https:\/\/bantam-corpo.dev-bantam.ch\/de\/elektro-klapprad-moove\/#primaryimage","url":"https:\/\/bantam-corpo.dev-bantam.ch\/wp-content\/uploads\/2024\/06\/veloelectr-2-w300h300-1.jpg","contentUrl":"https:\/\/bantam-corpo.dev-bantam.ch\/wp-content\/uploads\/2024\/06\/veloelectr-2-w300h300-1.jpg","width":300,"height":200},{"@type":"BreadcrumbList","@id":"https:\/\/bantam-corpo.dev-bantam.ch\/de\/elektro-klapprad-moove\/#breadcrumb","itemListElement":[{"@type":"ListItem","position":1,"name":"Home","item":"https:\/\/bantam-corpo.dev-bantam.ch\/de\/"},{"@type":"ListItem","position":2,"name":"Elektro-Klapprad Moove"}]},{"@type":"WebSite","@id":"https:\/\/bantam-corpo.dev-bantam.ch\/de\/#website","url":"https:\/\/bantam-corpo.dev-bantam.ch\/de\/","name":"Bantam","description":"","potentialAction":[{"@type":"SearchAction","target":{"@type":"EntryPoint","urlTemplate":"https:\/\/bantam-corpo.dev-bantam.ch\/de\/?s={search_term_string}"},"query-input":{"@type":"PropertyValueSpecification","valueRequired":true,"valueName":"search_term_string"}}],"inLanguage":"de-DE"},{"@type":"Person","@id":"https:\/\/bantam-corpo.dev-bantam.ch\/de\/#\/schema\/person\/5ec32dca0d907db9d0c67843d1e1b47f","name":"gilles","image":{"@type":"ImageObject","inLanguage":"de-DE","@id":"https:\/\/secure.gravatar.com\/avatar\/df2d89d22fbd99c8419e05386f0ccb4a5cfc4584b3f8cf2ce5f94d300cc7c08e?s=96&d=mm&r=g","url":"https:\/\/secure.gravatar.com\/avatar\/df2d89d22fbd99c8419e05386f0ccb4a5cfc4584b3f8cf2ce5f94d300cc7c08e?s=96&d=mm&r=g","contentUrl":"https:\/\/secure.gravatar.com\/avatar\/df2d89d22fbd99c8419e05386f0ccb4a5cfc4584b3f8cf2ce5f94d300cc7c08e?s=96&d=mm&r=g","caption":"gilles"},"url":"https:\/\/bantam-corpo.dev-bantam.ch\/de\/author\/gilles\/"}]}},"publishpress_future_action":{"enabled":false,"date":"2026-05-06 15:26:35","action":"change-status","newStatus":"draft","terms":[],"taxonomy":"category","extraData":[]},"publishpress_future_workflow_manual_trigger":{"enabledWorkflows":[]},"featured_image_url":"https:\/\/bantam-corpo.dev-bantam.ch\/wp-content\/uploads\/2024\/06\/veloelectr-2-w300h300-1.jpg","permalink":"https:\/\/bantam-corpo.dev-bantam.ch\/de\/elektro-klapprad-moove\/","lang":"de","_links":{"self":[{"href":"https:\/\/bantam-corpo.dev-bantam.ch\/de\/wp-json\/wp\/v2\/posts\/2695","targetHints":{"allow":["GET"]}}],"collection":[{"href":"https:\/\/bantam-corpo.dev-bantam.ch\/de\/wp-json\/wp\/v2\/posts"}],"about":[{"href":"https:\/\/bantam-corpo.dev-bantam.ch\/de\/wp-json\/wp\/v2\/types\/post"}],"author":[{"embeddable":true,"href":"https:\/\/bantam-corpo.dev-bantam.ch\/de\/wp-json\/wp\/v2\/users\/5"}],"replies":[{"embeddable":true,"href":"https:\/\/bantam-corpo.dev-bantam.ch\/de\/wp-json\/wp\/v2\/comments?post=2695"}],"version-history":[{"count":1,"href":"https:\/\/bantam-corpo.dev-bantam.ch\/de\/wp-json\/wp\/v2\/posts\/2695\/revisions"}],"predecessor-version":[{"id":2726,"href":"https:\/\/bantam-corpo.dev-bantam.ch\/de\/wp-json\/wp\/v2\/posts\/2695\/revisions\/2726"}],"wp:featuredmedia":[{"embeddable":true,"href":"https:\/\/bantam-corpo.dev-bantam.ch\/de\/wp-json\/wp\/v2\/media\/1818"}],"wp:attachment":[{"href":"https:\/\/bantam-corpo.dev-bantam.ch\/de\/wp-json\/wp\/v2\/media?parent=2695"}],"wp:term":[{"taxonomy":"category","embeddable":true,"href":"https:\/\/bantam-corpo.dev-bantam.ch\/de\/wp-json\/wp\/v2\/categories?post=2695"},{"taxonomy":"post_tag","embeddable":true,"href":"https:\/\/bantam-corpo.dev-bantam.ch\/de\/wp-json\/wp\/v2\/tags?post=2695"}],"curies":[{"name":"wp","href":"https:\/\/api.w.org\/{rel}","templated":true}]}}