{"id":2653,"date":"2018-02-19T10:39:00","date_gmt":"2018-02-19T09:39:00","guid":{"rendered":"https:\/\/bantam-corpo.dev-bantam.ch\/essai-hivernal-sur-des-caravanes-par-18-c\/"},"modified":"2024-07-09T15:15:47","modified_gmt":"2024-07-09T13:15:47","slug":"caravan-wintertest-bei-minus-18-grad","status":"publish","type":"post","link":"https:\/\/bantam-corpo.dev-bantam.ch\/de\/caravan-wintertest-bei-minus-18-grad\/","title":{"rendered":"Caravan-Wintertest bei minus 18 Grad"},"content":{"rendered":"\n<figure class=\"wp-block-image size-full\"><img loading=\"lazy\" decoding=\"async\" width=\"720\" height=\"480\" src=\"https:\/\/bantam-corpo.dev-bantam.ch\/wp-content\/uploads\/2024\/06\/hobby-image-1-w720h480.jpg\" alt=\"\" class=\"wp-image-836\" srcset=\"https:\/\/bantam-corpo.dev-bantam.ch\/wp-content\/uploads\/2024\/06\/hobby-image-1-w720h480.jpg 720w, https:\/\/bantam-corpo.dev-bantam.ch\/wp-content\/uploads\/2024\/06\/hobby-image-1-w720h480-300x200.jpg 300w\" sizes=\"auto, (max-width: 720px) 100vw, 720px\" \/><\/figure>\n\n\n\n<p><strong>Keine K\u00e4ltekammer, kein Kunsteis, sondern klirrende K\u00e4lte, echter Schnee und Minusgrade im zweistelligen Bereich: Hobby hat zwei Caravans unter subarktischen Bedingungen am n\u00f6rdlichen Polarkreis getestet.<\/strong><\/p>\n\n\n\n<p><strong>Fockbek, Februar 2018<\/strong>&nbsp;\u2013 Jokkmokk, Nordschweden: Januar und Februar sind an diesem Ort die k\u00e4ltesten Monate des Jahres. Nicht selten sinken die Temperaturen in dieser Jahreszeit in Schwedisch-Lappland auf Werte unter minus 20 Grad Celsius. Dennoch ist die Hauptstadt der Samen gerade im Winter ein attraktives Ziel. Vor allem Anfang Februar, wenn in der 3000-Seelen-Gemeinde der Wintermarkt abgehalten wird und rund 40.000 Besucher zum dreit\u00e4gigen Event an den Polarkreis kommen, um das traditionelle Fest der Samen live mitzuerleben, einzukaufen, gemeinsam zu feiern und mit etwas Gl\u00fcck das farbenpr\u00e4chtige Nordlicht zu bewundern.<\/p>\n\n\n\n<p>Ganz im Sinne der jahrhundertealten nomadischen Tradition der Samen brachen die schwedischen Hobby-H\u00e4ndler in diesem Winter zu einer Rundreise durch ihr Land auf, um die neuen Hobby-Modelle zu pr\u00e4sentieren und unter winterlichen Bedingungen auf Herz und Nieren zu pr\u00fcfen. In Jokkmokk konnten sich die Besucher des Wintermarktes ein eigenes Bild von der hohen Wintertauglichkeit der neuen Caravan-Generation verschaffen, denn Hobby war dort mit einem 650 KFU und einem 720 KWFU der Baureihe Prestige vertreten.<\/p>\n\n\n\n<p>Beide Caravans waren neben der von Hobby als Option angebotenen ALDE-Warmwasserheizung zus\u00e4tzlich mit der seit dieser Saison erh\u00e4ltlichen Warmwasser-Fu\u00dfbodenheizung ausgestattet. Eine Kombination, die f\u00fcr jeden Wintercamper das Ma\u00df der Dinge ist. Dies stellten die beiden Testkandidaten bei Eisesk\u00e4lte am Polarkreis eindrucksvoll unter Beweis: Bei einer n\u00e4chtlichen Au\u00dfentemperatur von minus 18 Grad Celsius, erw\u00e4rmten sich die Prestige-Modelle in kurzer Zeit auf wohlige 24 Plus-Grade im Inneren. Dank gut isolierter Au\u00dfenw\u00e4nde, D\u00e4cher, Fu\u00dfb\u00f6den, Dachluken, Fenster und T\u00fcren mit hochwertiger Isolierverglasung \u2013 all diese Komponenten geh\u00f6ren bei Hobby seit Jahren zur Serienausstattung \u2013 l\u00e4sst sich die gew\u00fcnschte Innenraumtemperatur stets konstant halten. Dabei wurde beim aktuellen Praxistest in Nordschweden das Leistungsspektrum der 8500 Watt starken ALDE-Warmwasserheizung 3020 HE nicht einmal voll ausgesch\u00f6pft. Sie versorgt \u00fcbrigens nicht nur die Konvektoren im Caravan und die Rohrleitungen der Fu\u00dfbodenheizung mit Warmwasser, sondern sorgt auch daf\u00fcr, dass der integrierte 8,4-Liter-Boiler stets hei\u00dfes Wasser spenden kann.<\/p>\n\n\n\n<p>Die leistungsstarke ALDE-Heizung zeichnet sich au\u00dferdem durch ihre uneingeschr\u00e4nkte digitale Funktionalit\u00e4t aus. Sie ist beispielsweise mit der \u201eMyHobby\u201c-App auch aus der Ferne per Smartphone oder Tablet steuer- und kontrollierbar, sofern der Caravan oder das Reisemobil mit dem eigens von Hobby entwickelten System HobbyConnect versehen ist. So k\u00f6nnen Caravaner bereits von zu Hause aus oder auf dem R\u00fcckweg von einem Ausflug ihre Heizung in Betrieb nehmen bzw. auf die gew\u00fcnschte Temperatur programmieren. Ein Vorteil, den immer mehr Caravaner in ganz Europa sch\u00e4tzen und nutzen.<\/p>\n","protected":false},"excerpt":{"rendered":"<p>Keine K\u00e4ltekammer, kein Kunsteis, sondern klirrende K\u00e4lte, echter Schnee und Minusgrade im zweistelligen Bereich: Hobby hat zwei Caravans unter subarktischen Bedingungen am n\u00f6rdlichen Polarkreis getestet.<\/p>\n","protected":false},"author":5,"featured_media":1772,"comment_status":"closed","ping_status":"closed","sticky":false,"template":"","format":"standard","meta":{"_acf_changed":false,"footnotes":""},"categories":[18,21],"tags":[],"class_list":["post-2653","post","type-post","status-publish","format-standard","has-post-thumbnail","hentry","category-informationen-events","category-wohnwagen"],"acf":[],"yoast_head":"<!-- This site is optimized with the Yoast SEO plugin v27.4 - https:\/\/yoast.com\/product\/yoast-seo-wordpress\/ -->\n<title>Caravan-Wintertest bei minus 18 Grad - Bantam<\/title>\n<meta name=\"robots\" content=\"index, follow, max-snippet:-1, max-image-preview:large, max-video-preview:-1\" \/>\n<link rel=\"canonical\" href=\"https:\/\/bantam-corpo.dev-bantam.ch\/de\/caravan-wintertest-bei-minus-18-grad\/\" \/>\n<meta property=\"og:locale\" content=\"de_DE\" \/>\n<meta property=\"og:type\" content=\"article\" \/>\n<meta property=\"og:title\" content=\"Caravan-Wintertest bei minus 18 Grad - Bantam\" \/>\n<meta property=\"og:description\" content=\"Keine K\u00e4ltekammer, kein Kunsteis, sondern klirrende K\u00e4lte, echter Schnee und Minusgrade im zweistelligen Bereich: Hobby hat zwei Caravans unter subarktischen Bedingungen am n\u00f6rdlichen Polarkreis getestet.\" \/>\n<meta property=\"og:url\" content=\"https:\/\/bantam-corpo.dev-bantam.ch\/de\/caravan-wintertest-bei-minus-18-grad\/\" \/>\n<meta property=\"og:site_name\" content=\"Bantam\" \/>\n<meta property=\"article:published_time\" content=\"2018-02-19T09:39:00+00:00\" \/>\n<meta property=\"article:modified_time\" content=\"2024-07-09T13:15:47+00:00\" \/>\n<meta property=\"og:image\" content=\"http:\/\/bantam-corpo.dev-bantam.ch\/wp-content\/uploads\/2024\/06\/hobby-image-1-w720h480.jpg\" \/>\n\t<meta property=\"og:image:width\" content=\"720\" \/>\n\t<meta property=\"og:image:height\" content=\"480\" \/>\n\t<meta property=\"og:image:type\" content=\"image\/jpeg\" \/>\n<meta name=\"author\" content=\"gilles\" \/>\n<meta name=\"twitter:card\" content=\"summary_large_image\" \/>\n<meta name=\"twitter:label1\" content=\"Written by\" \/>\n\t<meta name=\"twitter:data1\" content=\"gilles\" \/>\n\t<meta name=\"twitter:label2\" content=\"Est. reading time\" \/>\n\t<meta name=\"twitter:data2\" content=\"3 Minuten\" \/>\n<script type=\"application\/ld+json\" class=\"yoast-schema-graph\">{\"@context\":\"https:\\\/\\\/schema.org\",\"@graph\":[{\"@type\":\"Article\",\"@id\":\"https:\\\/\\\/bantam-corpo.dev-bantam.ch\\\/de\\\/caravan-wintertest-bei-minus-18-grad\\\/#article\",\"isPartOf\":{\"@id\":\"https:\\\/\\\/bantam-corpo.dev-bantam.ch\\\/de\\\/caravan-wintertest-bei-minus-18-grad\\\/\"},\"author\":{\"name\":\"gilles\",\"@id\":\"https:\\\/\\\/bantam-corpo.dev-bantam.ch\\\/de\\\/#\\\/schema\\\/person\\\/5ec32dca0d907db9d0c67843d1e1b47f\"},\"headline\":\"Caravan-Wintertest bei minus 18 Grad\",\"datePublished\":\"2018-02-19T09:39:00+00:00\",\"dateModified\":\"2024-07-09T13:15:47+00:00\",\"mainEntityOfPage\":{\"@id\":\"https:\\\/\\\/bantam-corpo.dev-bantam.ch\\\/de\\\/caravan-wintertest-bei-minus-18-grad\\\/\"},\"wordCount\":452,\"image\":{\"@id\":\"https:\\\/\\\/bantam-corpo.dev-bantam.ch\\\/de\\\/caravan-wintertest-bei-minus-18-grad\\\/#primaryimage\"},\"thumbnailUrl\":\"https:\\\/\\\/bantam-corpo.dev-bantam.ch\\\/wp-content\\\/uploads\\\/2024\\\/06\\\/hobby-image-1-w720h480.jpg\",\"articleSection\":[\"Informationen \\\/ Events\",\"Wohnwagen\"],\"inLanguage\":\"de-DE\"},{\"@type\":\"WebPage\",\"@id\":\"https:\\\/\\\/bantam-corpo.dev-bantam.ch\\\/de\\\/caravan-wintertest-bei-minus-18-grad\\\/\",\"url\":\"https:\\\/\\\/bantam-corpo.dev-bantam.ch\\\/de\\\/caravan-wintertest-bei-minus-18-grad\\\/\",\"name\":\"Caravan-Wintertest bei minus 18 Grad - Bantam\",\"isPartOf\":{\"@id\":\"https:\\\/\\\/bantam-corpo.dev-bantam.ch\\\/de\\\/#website\"},\"primaryImageOfPage\":{\"@id\":\"https:\\\/\\\/bantam-corpo.dev-bantam.ch\\\/de\\\/caravan-wintertest-bei-minus-18-grad\\\/#primaryimage\"},\"image\":{\"@id\":\"https:\\\/\\\/bantam-corpo.dev-bantam.ch\\\/de\\\/caravan-wintertest-bei-minus-18-grad\\\/#primaryimage\"},\"thumbnailUrl\":\"https:\\\/\\\/bantam-corpo.dev-bantam.ch\\\/wp-content\\\/uploads\\\/2024\\\/06\\\/hobby-image-1-w720h480.jpg\",\"datePublished\":\"2018-02-19T09:39:00+00:00\",\"dateModified\":\"2024-07-09T13:15:47+00:00\",\"author\":{\"@id\":\"https:\\\/\\\/bantam-corpo.dev-bantam.ch\\\/de\\\/#\\\/schema\\\/person\\\/5ec32dca0d907db9d0c67843d1e1b47f\"},\"breadcrumb\":{\"@id\":\"https:\\\/\\\/bantam-corpo.dev-bantam.ch\\\/de\\\/caravan-wintertest-bei-minus-18-grad\\\/#breadcrumb\"},\"inLanguage\":\"de-DE\",\"potentialAction\":[{\"@type\":\"ReadAction\",\"target\":[\"https:\\\/\\\/bantam-corpo.dev-bantam.ch\\\/de\\\/caravan-wintertest-bei-minus-18-grad\\\/\"]}]},{\"@type\":\"ImageObject\",\"inLanguage\":\"de-DE\",\"@id\":\"https:\\\/\\\/bantam-corpo.dev-bantam.ch\\\/de\\\/caravan-wintertest-bei-minus-18-grad\\\/#primaryimage\",\"url\":\"https:\\\/\\\/bantam-corpo.dev-bantam.ch\\\/wp-content\\\/uploads\\\/2024\\\/06\\\/hobby-image-1-w720h480.jpg\",\"contentUrl\":\"https:\\\/\\\/bantam-corpo.dev-bantam.ch\\\/wp-content\\\/uploads\\\/2024\\\/06\\\/hobby-image-1-w720h480.jpg\",\"width\":720,\"height\":480},{\"@type\":\"BreadcrumbList\",\"@id\":\"https:\\\/\\\/bantam-corpo.dev-bantam.ch\\\/de\\\/caravan-wintertest-bei-minus-18-grad\\\/#breadcrumb\",\"itemListElement\":[{\"@type\":\"ListItem\",\"position\":1,\"name\":\"Home\",\"item\":\"https:\\\/\\\/bantam-corpo.dev-bantam.ch\\\/de\\\/\"},{\"@type\":\"ListItem\",\"position\":2,\"name\":\"Caravan-Wintertest bei minus 18 Grad\"}]},{\"@type\":\"WebSite\",\"@id\":\"https:\\\/\\\/bantam-corpo.dev-bantam.ch\\\/de\\\/#website\",\"url\":\"https:\\\/\\\/bantam-corpo.dev-bantam.ch\\\/de\\\/\",\"name\":\"Bantam\",\"description\":\"\",\"potentialAction\":[{\"@type\":\"SearchAction\",\"target\":{\"@type\":\"EntryPoint\",\"urlTemplate\":\"https:\\\/\\\/bantam-corpo.dev-bantam.ch\\\/de\\\/?s={search_term_string}\"},\"query-input\":{\"@type\":\"PropertyValueSpecification\",\"valueRequired\":true,\"valueName\":\"search_term_string\"}}],\"inLanguage\":\"de-DE\"},{\"@type\":\"Person\",\"@id\":\"https:\\\/\\\/bantam-corpo.dev-bantam.ch\\\/de\\\/#\\\/schema\\\/person\\\/5ec32dca0d907db9d0c67843d1e1b47f\",\"name\":\"gilles\",\"image\":{\"@type\":\"ImageObject\",\"inLanguage\":\"de-DE\",\"@id\":\"https:\\\/\\\/secure.gravatar.com\\\/avatar\\\/df2d89d22fbd99c8419e05386f0ccb4a5cfc4584b3f8cf2ce5f94d300cc7c08e?s=96&d=mm&r=g\",\"url\":\"https:\\\/\\\/secure.gravatar.com\\\/avatar\\\/df2d89d22fbd99c8419e05386f0ccb4a5cfc4584b3f8cf2ce5f94d300cc7c08e?s=96&d=mm&r=g\",\"contentUrl\":\"https:\\\/\\\/secure.gravatar.com\\\/avatar\\\/df2d89d22fbd99c8419e05386f0ccb4a5cfc4584b3f8cf2ce5f94d300cc7c08e?s=96&d=mm&r=g\",\"caption\":\"gilles\"},\"url\":\"https:\\\/\\\/bantam-corpo.dev-bantam.ch\\\/de\\\/author\\\/gilles\\\/\"}]}<\/script>\n<!-- \/ Yoast SEO plugin. -->","yoast_head_json":{"title":"Caravan-Wintertest bei minus 18 Grad - Bantam","robots":{"index":"index","follow":"follow","max-snippet":"max-snippet:-1","max-image-preview":"max-image-preview:large","max-video-preview":"max-video-preview:-1"},"canonical":"https:\/\/bantam-corpo.dev-bantam.ch\/de\/caravan-wintertest-bei-minus-18-grad\/","og_locale":"de_DE","og_type":"article","og_title":"Caravan-Wintertest bei minus 18 Grad - Bantam","og_description":"Keine K\u00e4ltekammer, kein Kunsteis, sondern klirrende K\u00e4lte, echter Schnee und Minusgrade im zweistelligen Bereich: Hobby hat zwei Caravans unter subarktischen Bedingungen am n\u00f6rdlichen Polarkreis getestet.","og_url":"https:\/\/bantam-corpo.dev-bantam.ch\/de\/caravan-wintertest-bei-minus-18-grad\/","og_site_name":"Bantam","article_published_time":"2018-02-19T09:39:00+00:00","article_modified_time":"2024-07-09T13:15:47+00:00","og_image":[{"width":720,"height":480,"url":"http:\/\/bantam-corpo.dev-bantam.ch\/wp-content\/uploads\/2024\/06\/hobby-image-1-w720h480.jpg","type":"image\/jpeg"}],"author":"gilles","twitter_card":"summary_large_image","twitter_misc":{"Written by":"gilles","Est. reading time":"3 Minuten"},"schema":{"@context":"https:\/\/schema.org","@graph":[{"@type":"Article","@id":"https:\/\/bantam-corpo.dev-bantam.ch\/de\/caravan-wintertest-bei-minus-18-grad\/#article","isPartOf":{"@id":"https:\/\/bantam-corpo.dev-bantam.ch\/de\/caravan-wintertest-bei-minus-18-grad\/"},"author":{"name":"gilles","@id":"https:\/\/bantam-corpo.dev-bantam.ch\/de\/#\/schema\/person\/5ec32dca0d907db9d0c67843d1e1b47f"},"headline":"Caravan-Wintertest bei minus 18 Grad","datePublished":"2018-02-19T09:39:00+00:00","dateModified":"2024-07-09T13:15:47+00:00","mainEntityOfPage":{"@id":"https:\/\/bantam-corpo.dev-bantam.ch\/de\/caravan-wintertest-bei-minus-18-grad\/"},"wordCount":452,"image":{"@id":"https:\/\/bantam-corpo.dev-bantam.ch\/de\/caravan-wintertest-bei-minus-18-grad\/#primaryimage"},"thumbnailUrl":"https:\/\/bantam-corpo.dev-bantam.ch\/wp-content\/uploads\/2024\/06\/hobby-image-1-w720h480.jpg","articleSection":["Informationen \/ Events","Wohnwagen"],"inLanguage":"de-DE"},{"@type":"WebPage","@id":"https:\/\/bantam-corpo.dev-bantam.ch\/de\/caravan-wintertest-bei-minus-18-grad\/","url":"https:\/\/bantam-corpo.dev-bantam.ch\/de\/caravan-wintertest-bei-minus-18-grad\/","name":"Caravan-Wintertest bei minus 18 Grad - Bantam","isPartOf":{"@id":"https:\/\/bantam-corpo.dev-bantam.ch\/de\/#website"},"primaryImageOfPage":{"@id":"https:\/\/bantam-corpo.dev-bantam.ch\/de\/caravan-wintertest-bei-minus-18-grad\/#primaryimage"},"image":{"@id":"https:\/\/bantam-corpo.dev-bantam.ch\/de\/caravan-wintertest-bei-minus-18-grad\/#primaryimage"},"thumbnailUrl":"https:\/\/bantam-corpo.dev-bantam.ch\/wp-content\/uploads\/2024\/06\/hobby-image-1-w720h480.jpg","datePublished":"2018-02-19T09:39:00+00:00","dateModified":"2024-07-09T13:15:47+00:00","author":{"@id":"https:\/\/bantam-corpo.dev-bantam.ch\/de\/#\/schema\/person\/5ec32dca0d907db9d0c67843d1e1b47f"},"breadcrumb":{"@id":"https:\/\/bantam-corpo.dev-bantam.ch\/de\/caravan-wintertest-bei-minus-18-grad\/#breadcrumb"},"inLanguage":"de-DE","potentialAction":[{"@type":"ReadAction","target":["https:\/\/bantam-corpo.dev-bantam.ch\/de\/caravan-wintertest-bei-minus-18-grad\/"]}]},{"@type":"ImageObject","inLanguage":"de-DE","@id":"https:\/\/bantam-corpo.dev-bantam.ch\/de\/caravan-wintertest-bei-minus-18-grad\/#primaryimage","url":"https:\/\/bantam-corpo.dev-bantam.ch\/wp-content\/uploads\/2024\/06\/hobby-image-1-w720h480.jpg","contentUrl":"https:\/\/bantam-corpo.dev-bantam.ch\/wp-content\/uploads\/2024\/06\/hobby-image-1-w720h480.jpg","width":720,"height":480},{"@type":"BreadcrumbList","@id":"https:\/\/bantam-corpo.dev-bantam.ch\/de\/caravan-wintertest-bei-minus-18-grad\/#breadcrumb","itemListElement":[{"@type":"ListItem","position":1,"name":"Home","item":"https:\/\/bantam-corpo.dev-bantam.ch\/de\/"},{"@type":"ListItem","position":2,"name":"Caravan-Wintertest bei minus 18 Grad"}]},{"@type":"WebSite","@id":"https:\/\/bantam-corpo.dev-bantam.ch\/de\/#website","url":"https:\/\/bantam-corpo.dev-bantam.ch\/de\/","name":"Bantam","description":"","potentialAction":[{"@type":"SearchAction","target":{"@type":"EntryPoint","urlTemplate":"https:\/\/bantam-corpo.dev-bantam.ch\/de\/?s={search_term_string}"},"query-input":{"@type":"PropertyValueSpecification","valueRequired":true,"valueName":"search_term_string"}}],"inLanguage":"de-DE"},{"@type":"Person","@id":"https:\/\/bantam-corpo.dev-bantam.ch\/de\/#\/schema\/person\/5ec32dca0d907db9d0c67843d1e1b47f","name":"gilles","image":{"@type":"ImageObject","inLanguage":"de-DE","@id":"https:\/\/secure.gravatar.com\/avatar\/df2d89d22fbd99c8419e05386f0ccb4a5cfc4584b3f8cf2ce5f94d300cc7c08e?s=96&d=mm&r=g","url":"https:\/\/secure.gravatar.com\/avatar\/df2d89d22fbd99c8419e05386f0ccb4a5cfc4584b3f8cf2ce5f94d300cc7c08e?s=96&d=mm&r=g","contentUrl":"https:\/\/secure.gravatar.com\/avatar\/df2d89d22fbd99c8419e05386f0ccb4a5cfc4584b3f8cf2ce5f94d300cc7c08e?s=96&d=mm&r=g","caption":"gilles"},"url":"https:\/\/bantam-corpo.dev-bantam.ch\/de\/author\/gilles\/"}]}},"publishpress_future_action":{"enabled":false,"date":"2026-05-06 11:37:12","action":"change-status","newStatus":"draft","terms":[],"taxonomy":"category","extraData":[]},"publishpress_future_workflow_manual_trigger":{"enabledWorkflows":[]},"featured_image_url":"https:\/\/bantam-corpo.dev-bantam.ch\/wp-content\/uploads\/2024\/06\/hobby-image-1-w720h480.jpg","permalink":"https:\/\/bantam-corpo.dev-bantam.ch\/de\/caravan-wintertest-bei-minus-18-grad\/","lang":"de","_links":{"self":[{"href":"https:\/\/bantam-corpo.dev-bantam.ch\/de\/wp-json\/wp\/v2\/posts\/2653","targetHints":{"allow":["GET"]}}],"collection":[{"href":"https:\/\/bantam-corpo.dev-bantam.ch\/de\/wp-json\/wp\/v2\/posts"}],"about":[{"href":"https:\/\/bantam-corpo.dev-bantam.ch\/de\/wp-json\/wp\/v2\/types\/post"}],"author":[{"embeddable":true,"href":"https:\/\/bantam-corpo.dev-bantam.ch\/de\/wp-json\/wp\/v2\/users\/5"}],"replies":[{"embeddable":true,"href":"https:\/\/bantam-corpo.dev-bantam.ch\/de\/wp-json\/wp\/v2\/comments?post=2653"}],"version-history":[{"count":1,"href":"https:\/\/bantam-corpo.dev-bantam.ch\/de\/wp-json\/wp\/v2\/posts\/2653\/revisions"}],"predecessor-version":[{"id":2679,"href":"https:\/\/bantam-corpo.dev-bantam.ch\/de\/wp-json\/wp\/v2\/posts\/2653\/revisions\/2679"}],"wp:featuredmedia":[{"embeddable":true,"href":"https:\/\/bantam-corpo.dev-bantam.ch\/de\/wp-json\/wp\/v2\/media\/1772"}],"wp:attachment":[{"href":"https:\/\/bantam-corpo.dev-bantam.ch\/de\/wp-json\/wp\/v2\/media?parent=2653"}],"wp:term":[{"taxonomy":"category","embeddable":true,"href":"https:\/\/bantam-corpo.dev-bantam.ch\/de\/wp-json\/wp\/v2\/categories?post=2653"},{"taxonomy":"post_tag","embeddable":true,"href":"https:\/\/bantam-corpo.dev-bantam.ch\/de\/wp-json\/wp\/v2\/tags?post=2653"}],"curies":[{"name":"wp","href":"https:\/\/api.w.org\/{rel}","templated":true}]}}