{"id":2649,"date":"2018-10-10T10:33:00","date_gmt":"2018-10-10T08:33:00","guid":{"rendered":"https:\/\/bantam-corpo.dev-bantam.ch\/suisse-caravan-salon-2018\/"},"modified":"2024-07-09T14:47:10","modified_gmt":"2024-07-09T12:47:10","slug":"suisse-caravan-salon-2018","status":"publish","type":"post","link":"https:\/\/bantam-corpo.dev-bantam.ch\/de\/suisse-caravan-salon-2018\/","title":{"rendered":"Suisse Caravan Salon 2018"},"content":{"rendered":"\n<figure class=\"wp-block-image size-full\"><img loading=\"lazy\" decoding=\"async\" width=\"720\" height=\"480\" src=\"https:\/\/bantam-corpo.dev-bantam.ch\/wp-content\/uploads\/2024\/06\/coussin720x480px-w720h480.jpg\" alt=\"\" class=\"wp-image-821\" srcset=\"https:\/\/bantam-corpo.dev-bantam.ch\/wp-content\/uploads\/2024\/06\/coussin720x480px-w720h480.jpg 720w, https:\/\/bantam-corpo.dev-bantam.ch\/wp-content\/uploads\/2024\/06\/coussin720x480px-w720h480-300x200.jpg 300w\" sizes=\"auto, (max-width: 720px) 100vw, 720px\" \/><\/figure>\n\n\n\n<p>SUISSE CARAVAN SALON, VOM 25. BIS 29. OKTOBER 2018<\/p>\n\n\n\n<p>Jedes Jahr gibt die gr\u00f6\u00dfte Camping- und Caravan Ausstellung den Reisegeschmack ihrer Besucher wieder.<\/p>\n\n\n\n<p>Zum 51. Mal vereint der Schweizer Caravan Salon alle n\u00fctzlichen Elemente f\u00fcr ein einmaliges und spannendes Caravan Abenteuer im Ausstellungspark der Bernexpo mitten im Zentrum von Bern vom 25.-29. Oktober 2018.<\/p>\n\n\n\n<p>Kommen Sie und lassen Sie sich f\u00fcr Ihren n\u00e4chsten Urlaub inspirieren. Treffen Sie uns an unseren verschieden Messest\u00e4nden, unsere Berater freuen sich Sie auf ein Abenteuer der Neuigkeiten und Exclusivit\u00e4ten mit zu nehmen.<\/p>\n\n\n\n<p>Sie finden uns an folgenden St\u00e4nden:<\/p>\n\n\n\n<p><strong>Bantam Van: Hall 2.2 Stand A010<br>Information \/ Accessoires Bantam: Halle 3.2, Stand A006<br>B\u00fcrstner: Halle 3.2, Stand A001<br>Carado: Halle 2.2, Stand B006<br>Carthago: Halle 3.2, Stand C001<br>Fendt: Halle 2.0, Stand A010<br>Hobby: Zelthalle 33, Stand 33 030<br>Hymer: Halle 3.2, Stand C002<br>Laika: Halle 3.2, Stand B002<br>Malibu: Zelthalle 33, Stand 33 020<br>Pilote: Halle 3.2, Stand C005<\/strong><\/p>\n\n\n\n<p>Welches Fahrzeug auch immer Sie suchen, Wohnmobil, Wohnwagen oder Camping Van, wir haben vor Ort alle Modelle und Ausf\u00fchrungen die 2018 im Trend sind.<\/p>\n\n\n\n<p>Des weiteren haben wir einen Stand f\u00fcr all unser Zubeh\u00f6r an dem Sie auch unsere Techniker finden, bereit alle Ihre Fragen zu beantworten. Z\u00f6gern Sie nicht!<\/p>\n\n\n\n<p>Profitieren Sie von einem Rabatt von 5,- &nbsp;auf Ihren Eintrittspreis mit dem Code&nbsp;<strong>\u201esc184xphqx\u201c&nbsp;<\/strong>beim Kauf der Karte auf der offiziellen Seite des \u201e<a href=\"http:\/\/www.suissecaravansalon.ch\/scs-de.aspx\" target=\"_blank\" rel=\"noreferrer noopener\">Suisse Caravan Salon<\/a>\u201c.<\/p>\n\n\n\n<p>Z\u00f6gern Sie nicht uns zu kontaktieren falls Sie weiter Informationen ben\u00f6tigen.<\/p>\n\n\n\n<p>Bantam Etagni\u00e8res&nbsp;:&nbsp;021 731 92 31<\/p>\n\n\n\n<p>Bantam Hindelbank&nbsp;:&nbsp;034 411 90 40<\/p>\n\n\n\n<p>Bantam Urdorf&nbsp;:&nbsp;044 777 00 07<\/p>\n","protected":false},"excerpt":{"rendered":"<p>SUISSE CARAVAN SALON, VOM 25. BIS 29. OKTOBER 2018<\/p>\n","protected":false},"author":5,"featured_media":1767,"comment_status":"closed","ping_status":"closed","sticky":false,"template":"","format":"standard","meta":{"_acf_changed":false,"footnotes":""},"categories":[18,20,21],"tags":[],"class_list":["post-2649","post","type-post","status-publish","format-standard","has-post-thumbnail","hentry","category-informationen-events","category-reisemobile","category-wohnwagen"],"acf":[],"yoast_head":"<!-- This site is optimized with the Yoast SEO plugin v27.4 - https:\/\/yoast.com\/product\/yoast-seo-wordpress\/ -->\n<title>Suisse Caravan Salon 2018 - Bantam<\/title>\n<meta name=\"robots\" content=\"index, follow, max-snippet:-1, max-image-preview:large, max-video-preview:-1\" \/>\n<link rel=\"canonical\" href=\"https:\/\/bantam-corpo.dev-bantam.ch\/de\/suisse-caravan-salon-2018\/\" \/>\n<meta property=\"og:locale\" content=\"de_DE\" \/>\n<meta property=\"og:type\" content=\"article\" \/>\n<meta property=\"og:title\" content=\"Suisse Caravan Salon 2018 - Bantam\" \/>\n<meta property=\"og:description\" content=\"SUISSE CARAVAN SALON, VOM 25. BIS 29. OKTOBER 2018\" \/>\n<meta property=\"og:url\" content=\"https:\/\/bantam-corpo.dev-bantam.ch\/de\/suisse-caravan-salon-2018\/\" \/>\n<meta property=\"og:site_name\" content=\"Bantam\" \/>\n<meta property=\"article:published_time\" content=\"2018-10-10T08:33:00+00:00\" \/>\n<meta property=\"article:modified_time\" content=\"2024-07-09T12:47:10+00:00\" \/>\n<meta property=\"og:image\" content=\"http:\/\/bantam-corpo.dev-bantam.ch\/wp-content\/uploads\/2024\/06\/coussin720x480px-w720h480.jpg\" \/>\n\t<meta property=\"og:image:width\" content=\"720\" \/>\n\t<meta property=\"og:image:height\" content=\"480\" \/>\n\t<meta property=\"og:image:type\" content=\"image\/jpeg\" \/>\n<meta name=\"author\" content=\"gilles\" \/>\n<meta name=\"twitter:card\" content=\"summary_large_image\" \/>\n<meta name=\"twitter:label1\" content=\"Written by\" \/>\n\t<meta name=\"twitter:data1\" content=\"gilles\" \/>\n\t<meta name=\"twitter:label2\" content=\"Est. reading time\" \/>\n\t<meta name=\"twitter:data2\" content=\"2 Minuten\" \/>\n<script type=\"application\/ld+json\" class=\"yoast-schema-graph\">{\"@context\":\"https:\\\/\\\/schema.org\",\"@graph\":[{\"@type\":\"Article\",\"@id\":\"https:\\\/\\\/bantam-corpo.dev-bantam.ch\\\/de\\\/suisse-caravan-salon-2018\\\/#article\",\"isPartOf\":{\"@id\":\"https:\\\/\\\/bantam-corpo.dev-bantam.ch\\\/de\\\/suisse-caravan-salon-2018\\\/\"},\"author\":{\"name\":\"gilles\",\"@id\":\"https:\\\/\\\/bantam-corpo.dev-bantam.ch\\\/de\\\/#\\\/schema\\\/person\\\/5ec32dca0d907db9d0c67843d1e1b47f\"},\"headline\":\"Suisse Caravan Salon 2018\",\"datePublished\":\"2018-10-10T08:33:00+00:00\",\"dateModified\":\"2024-07-09T12:47:10+00:00\",\"mainEntityOfPage\":{\"@id\":\"https:\\\/\\\/bantam-corpo.dev-bantam.ch\\\/de\\\/suisse-caravan-salon-2018\\\/\"},\"wordCount\":254,\"image\":{\"@id\":\"https:\\\/\\\/bantam-corpo.dev-bantam.ch\\\/de\\\/suisse-caravan-salon-2018\\\/#primaryimage\"},\"thumbnailUrl\":\"https:\\\/\\\/bantam-corpo.dev-bantam.ch\\\/wp-content\\\/uploads\\\/2024\\\/06\\\/coussin720x480px-w720h480.jpg\",\"articleSection\":[\"Informationen \\\/ Events\",\"Reisemobile\",\"Wohnwagen\"],\"inLanguage\":\"de-DE\"},{\"@type\":\"WebPage\",\"@id\":\"https:\\\/\\\/bantam-corpo.dev-bantam.ch\\\/de\\\/suisse-caravan-salon-2018\\\/\",\"url\":\"https:\\\/\\\/bantam-corpo.dev-bantam.ch\\\/de\\\/suisse-caravan-salon-2018\\\/\",\"name\":\"Suisse Caravan Salon 2018 - Bantam\",\"isPartOf\":{\"@id\":\"https:\\\/\\\/bantam-corpo.dev-bantam.ch\\\/de\\\/#website\"},\"primaryImageOfPage\":{\"@id\":\"https:\\\/\\\/bantam-corpo.dev-bantam.ch\\\/de\\\/suisse-caravan-salon-2018\\\/#primaryimage\"},\"image\":{\"@id\":\"https:\\\/\\\/bantam-corpo.dev-bantam.ch\\\/de\\\/suisse-caravan-salon-2018\\\/#primaryimage\"},\"thumbnailUrl\":\"https:\\\/\\\/bantam-corpo.dev-bantam.ch\\\/wp-content\\\/uploads\\\/2024\\\/06\\\/coussin720x480px-w720h480.jpg\",\"datePublished\":\"2018-10-10T08:33:00+00:00\",\"dateModified\":\"2024-07-09T12:47:10+00:00\",\"author\":{\"@id\":\"https:\\\/\\\/bantam-corpo.dev-bantam.ch\\\/de\\\/#\\\/schema\\\/person\\\/5ec32dca0d907db9d0c67843d1e1b47f\"},\"breadcrumb\":{\"@id\":\"https:\\\/\\\/bantam-corpo.dev-bantam.ch\\\/de\\\/suisse-caravan-salon-2018\\\/#breadcrumb\"},\"inLanguage\":\"de-DE\",\"potentialAction\":[{\"@type\":\"ReadAction\",\"target\":[\"https:\\\/\\\/bantam-corpo.dev-bantam.ch\\\/de\\\/suisse-caravan-salon-2018\\\/\"]}]},{\"@type\":\"ImageObject\",\"inLanguage\":\"de-DE\",\"@id\":\"https:\\\/\\\/bantam-corpo.dev-bantam.ch\\\/de\\\/suisse-caravan-salon-2018\\\/#primaryimage\",\"url\":\"https:\\\/\\\/bantam-corpo.dev-bantam.ch\\\/wp-content\\\/uploads\\\/2024\\\/06\\\/coussin720x480px-w720h480.jpg\",\"contentUrl\":\"https:\\\/\\\/bantam-corpo.dev-bantam.ch\\\/wp-content\\\/uploads\\\/2024\\\/06\\\/coussin720x480px-w720h480.jpg\",\"width\":720,\"height\":480},{\"@type\":\"BreadcrumbList\",\"@id\":\"https:\\\/\\\/bantam-corpo.dev-bantam.ch\\\/de\\\/suisse-caravan-salon-2018\\\/#breadcrumb\",\"itemListElement\":[{\"@type\":\"ListItem\",\"position\":1,\"name\":\"Home\",\"item\":\"https:\\\/\\\/bantam-corpo.dev-bantam.ch\\\/de\\\/\"},{\"@type\":\"ListItem\",\"position\":2,\"name\":\"Suisse Caravan Salon 2018\"}]},{\"@type\":\"WebSite\",\"@id\":\"https:\\\/\\\/bantam-corpo.dev-bantam.ch\\\/de\\\/#website\",\"url\":\"https:\\\/\\\/bantam-corpo.dev-bantam.ch\\\/de\\\/\",\"name\":\"Bantam\",\"description\":\"\",\"potentialAction\":[{\"@type\":\"SearchAction\",\"target\":{\"@type\":\"EntryPoint\",\"urlTemplate\":\"https:\\\/\\\/bantam-corpo.dev-bantam.ch\\\/de\\\/?s={search_term_string}\"},\"query-input\":{\"@type\":\"PropertyValueSpecification\",\"valueRequired\":true,\"valueName\":\"search_term_string\"}}],\"inLanguage\":\"de-DE\"},{\"@type\":\"Person\",\"@id\":\"https:\\\/\\\/bantam-corpo.dev-bantam.ch\\\/de\\\/#\\\/schema\\\/person\\\/5ec32dca0d907db9d0c67843d1e1b47f\",\"name\":\"gilles\",\"image\":{\"@type\":\"ImageObject\",\"inLanguage\":\"de-DE\",\"@id\":\"https:\\\/\\\/secure.gravatar.com\\\/avatar\\\/df2d89d22fbd99c8419e05386f0ccb4a5cfc4584b3f8cf2ce5f94d300cc7c08e?s=96&d=mm&r=g\",\"url\":\"https:\\\/\\\/secure.gravatar.com\\\/avatar\\\/df2d89d22fbd99c8419e05386f0ccb4a5cfc4584b3f8cf2ce5f94d300cc7c08e?s=96&d=mm&r=g\",\"contentUrl\":\"https:\\\/\\\/secure.gravatar.com\\\/avatar\\\/df2d89d22fbd99c8419e05386f0ccb4a5cfc4584b3f8cf2ce5f94d300cc7c08e?s=96&d=mm&r=g\",\"caption\":\"gilles\"},\"url\":\"https:\\\/\\\/bantam-corpo.dev-bantam.ch\\\/de\\\/author\\\/gilles\\\/\"}]}<\/script>\n<!-- \/ Yoast SEO plugin. -->","yoast_head_json":{"title":"Suisse Caravan Salon 2018 - Bantam","robots":{"index":"index","follow":"follow","max-snippet":"max-snippet:-1","max-image-preview":"max-image-preview:large","max-video-preview":"max-video-preview:-1"},"canonical":"https:\/\/bantam-corpo.dev-bantam.ch\/de\/suisse-caravan-salon-2018\/","og_locale":"de_DE","og_type":"article","og_title":"Suisse Caravan Salon 2018 - Bantam","og_description":"SUISSE CARAVAN SALON, VOM 25. BIS 29. OKTOBER 2018","og_url":"https:\/\/bantam-corpo.dev-bantam.ch\/de\/suisse-caravan-salon-2018\/","og_site_name":"Bantam","article_published_time":"2018-10-10T08:33:00+00:00","article_modified_time":"2024-07-09T12:47:10+00:00","og_image":[{"width":720,"height":480,"url":"http:\/\/bantam-corpo.dev-bantam.ch\/wp-content\/uploads\/2024\/06\/coussin720x480px-w720h480.jpg","type":"image\/jpeg"}],"author":"gilles","twitter_card":"summary_large_image","twitter_misc":{"Written by":"gilles","Est. reading time":"2 Minuten"},"schema":{"@context":"https:\/\/schema.org","@graph":[{"@type":"Article","@id":"https:\/\/bantam-corpo.dev-bantam.ch\/de\/suisse-caravan-salon-2018\/#article","isPartOf":{"@id":"https:\/\/bantam-corpo.dev-bantam.ch\/de\/suisse-caravan-salon-2018\/"},"author":{"name":"gilles","@id":"https:\/\/bantam-corpo.dev-bantam.ch\/de\/#\/schema\/person\/5ec32dca0d907db9d0c67843d1e1b47f"},"headline":"Suisse Caravan Salon 2018","datePublished":"2018-10-10T08:33:00+00:00","dateModified":"2024-07-09T12:47:10+00:00","mainEntityOfPage":{"@id":"https:\/\/bantam-corpo.dev-bantam.ch\/de\/suisse-caravan-salon-2018\/"},"wordCount":254,"image":{"@id":"https:\/\/bantam-corpo.dev-bantam.ch\/de\/suisse-caravan-salon-2018\/#primaryimage"},"thumbnailUrl":"https:\/\/bantam-corpo.dev-bantam.ch\/wp-content\/uploads\/2024\/06\/coussin720x480px-w720h480.jpg","articleSection":["Informationen \/ Events","Reisemobile","Wohnwagen"],"inLanguage":"de-DE"},{"@type":"WebPage","@id":"https:\/\/bantam-corpo.dev-bantam.ch\/de\/suisse-caravan-salon-2018\/","url":"https:\/\/bantam-corpo.dev-bantam.ch\/de\/suisse-caravan-salon-2018\/","name":"Suisse Caravan Salon 2018 - Bantam","isPartOf":{"@id":"https:\/\/bantam-corpo.dev-bantam.ch\/de\/#website"},"primaryImageOfPage":{"@id":"https:\/\/bantam-corpo.dev-bantam.ch\/de\/suisse-caravan-salon-2018\/#primaryimage"},"image":{"@id":"https:\/\/bantam-corpo.dev-bantam.ch\/de\/suisse-caravan-salon-2018\/#primaryimage"},"thumbnailUrl":"https:\/\/bantam-corpo.dev-bantam.ch\/wp-content\/uploads\/2024\/06\/coussin720x480px-w720h480.jpg","datePublished":"2018-10-10T08:33:00+00:00","dateModified":"2024-07-09T12:47:10+00:00","author":{"@id":"https:\/\/bantam-corpo.dev-bantam.ch\/de\/#\/schema\/person\/5ec32dca0d907db9d0c67843d1e1b47f"},"breadcrumb":{"@id":"https:\/\/bantam-corpo.dev-bantam.ch\/de\/suisse-caravan-salon-2018\/#breadcrumb"},"inLanguage":"de-DE","potentialAction":[{"@type":"ReadAction","target":["https:\/\/bantam-corpo.dev-bantam.ch\/de\/suisse-caravan-salon-2018\/"]}]},{"@type":"ImageObject","inLanguage":"de-DE","@id":"https:\/\/bantam-corpo.dev-bantam.ch\/de\/suisse-caravan-salon-2018\/#primaryimage","url":"https:\/\/bantam-corpo.dev-bantam.ch\/wp-content\/uploads\/2024\/06\/coussin720x480px-w720h480.jpg","contentUrl":"https:\/\/bantam-corpo.dev-bantam.ch\/wp-content\/uploads\/2024\/06\/coussin720x480px-w720h480.jpg","width":720,"height":480},{"@type":"BreadcrumbList","@id":"https:\/\/bantam-corpo.dev-bantam.ch\/de\/suisse-caravan-salon-2018\/#breadcrumb","itemListElement":[{"@type":"ListItem","position":1,"name":"Home","item":"https:\/\/bantam-corpo.dev-bantam.ch\/de\/"},{"@type":"ListItem","position":2,"name":"Suisse Caravan Salon 2018"}]},{"@type":"WebSite","@id":"https:\/\/bantam-corpo.dev-bantam.ch\/de\/#website","url":"https:\/\/bantam-corpo.dev-bantam.ch\/de\/","name":"Bantam","description":"","potentialAction":[{"@type":"SearchAction","target":{"@type":"EntryPoint","urlTemplate":"https:\/\/bantam-corpo.dev-bantam.ch\/de\/?s={search_term_string}"},"query-input":{"@type":"PropertyValueSpecification","valueRequired":true,"valueName":"search_term_string"}}],"inLanguage":"de-DE"},{"@type":"Person","@id":"https:\/\/bantam-corpo.dev-bantam.ch\/de\/#\/schema\/person\/5ec32dca0d907db9d0c67843d1e1b47f","name":"gilles","image":{"@type":"ImageObject","inLanguage":"de-DE","@id":"https:\/\/secure.gravatar.com\/avatar\/df2d89d22fbd99c8419e05386f0ccb4a5cfc4584b3f8cf2ce5f94d300cc7c08e?s=96&d=mm&r=g","url":"https:\/\/secure.gravatar.com\/avatar\/df2d89d22fbd99c8419e05386f0ccb4a5cfc4584b3f8cf2ce5f94d300cc7c08e?s=96&d=mm&r=g","contentUrl":"https:\/\/secure.gravatar.com\/avatar\/df2d89d22fbd99c8419e05386f0ccb4a5cfc4584b3f8cf2ce5f94d300cc7c08e?s=96&d=mm&r=g","caption":"gilles"},"url":"https:\/\/bantam-corpo.dev-bantam.ch\/de\/author\/gilles\/"}]}},"publishpress_future_action":{"enabled":false,"date":"2026-05-06 12:45:38","action":"change-status","newStatus":"draft","terms":[],"taxonomy":"category","extraData":[]},"publishpress_future_workflow_manual_trigger":{"enabledWorkflows":[]},"featured_image_url":"https:\/\/bantam-corpo.dev-bantam.ch\/wp-content\/uploads\/2024\/06\/coussin720x480px-w720h480.jpg","permalink":"https:\/\/bantam-corpo.dev-bantam.ch\/de\/suisse-caravan-salon-2018\/","lang":"de","_links":{"self":[{"href":"https:\/\/bantam-corpo.dev-bantam.ch\/de\/wp-json\/wp\/v2\/posts\/2649","targetHints":{"allow":["GET"]}}],"collection":[{"href":"https:\/\/bantam-corpo.dev-bantam.ch\/de\/wp-json\/wp\/v2\/posts"}],"about":[{"href":"https:\/\/bantam-corpo.dev-bantam.ch\/de\/wp-json\/wp\/v2\/types\/post"}],"author":[{"embeddable":true,"href":"https:\/\/bantam-corpo.dev-bantam.ch\/de\/wp-json\/wp\/v2\/users\/5"}],"replies":[{"embeddable":true,"href":"https:\/\/bantam-corpo.dev-bantam.ch\/de\/wp-json\/wp\/v2\/comments?post=2649"}],"version-history":[{"count":1,"href":"https:\/\/bantam-corpo.dev-bantam.ch\/de\/wp-json\/wp\/v2\/posts\/2649\/revisions"}],"predecessor-version":[{"id":2672,"href":"https:\/\/bantam-corpo.dev-bantam.ch\/de\/wp-json\/wp\/v2\/posts\/2649\/revisions\/2672"}],"wp:featuredmedia":[{"embeddable":true,"href":"https:\/\/bantam-corpo.dev-bantam.ch\/de\/wp-json\/wp\/v2\/media\/1767"}],"wp:attachment":[{"href":"https:\/\/bantam-corpo.dev-bantam.ch\/de\/wp-json\/wp\/v2\/media?parent=2649"}],"wp:term":[{"taxonomy":"category","embeddable":true,"href":"https:\/\/bantam-corpo.dev-bantam.ch\/de\/wp-json\/wp\/v2\/categories?post=2649"},{"taxonomy":"post_tag","embeddable":true,"href":"https:\/\/bantam-corpo.dev-bantam.ch\/de\/wp-json\/wp\/v2\/tags?post=2649"}],"curies":[{"name":"wp","href":"https:\/\/api.w.org\/{rel}","templated":true}]}}