{"id":2644,"date":"2018-10-17T10:27:00","date_gmt":"2018-10-17T08:27:00","guid":{"rendered":"https:\/\/bantam-corpo.dev-bantam.ch\/bantam-van-2019\/"},"modified":"2024-07-09T14:39:59","modified_gmt":"2024-07-09T12:39:59","slug":"bantam-van-2019","status":"publish","type":"post","link":"https:\/\/bantam-corpo.dev-bantam.ch\/de\/bantam-van-2019\/","title":{"rendered":"Bantam Van 2019"},"content":{"rendered":"\n<figure class=\"wp-block-image size-full\"><img loading=\"lazy\" decoding=\"async\" width=\"720\" height=\"480\" src=\"https:\/\/bantam-corpo.dev-bantam.ch\/wp-content\/uploads\/2024\/06\/102018van720x480px-4-w720h480.jpg\" alt=\"\" class=\"wp-image-805\" srcset=\"https:\/\/bantam-corpo.dev-bantam.ch\/wp-content\/uploads\/2024\/06\/102018van720x480px-4-w720h480.jpg 720w, https:\/\/bantam-corpo.dev-bantam.ch\/wp-content\/uploads\/2024\/06\/102018van720x480px-4-w720h480-300x200.jpg 300w\" sizes=\"auto, (max-width: 720px) 100vw, 720px\" \/><\/figure>\n\n\n\n<p>F\u00fcr das 2019 steht eine neue Serie der beliebten Bantam-Van`s bereit.<\/p>\n\n\n\n<p>Mit folgenden Neuheiten punktet das Fahrzeug:<\/p>\n\n\n\n<ul class=\"wp-block-list\">\n<li>Neue Modell V630G mit Querbett \u00fcber der Garage somit ergibt sich ein ger\u00e4umiger Aufenthaltsbereich mit Sitzbank in L-Form (Sitzplatz f\u00fcr 6 Personen, 4 Sitzpl\u00e4tze in Fahrtrichtung)<\/li>\n\n\n\n<li>Eine K\u00fcche mit ausziehbarer ger\u00e4umiger Arbeitsplatte f\u00fcr die Premium Modelle<\/li>\n\n\n\n<li>2 neuen Designs: Country f\u00fcr Classic Modelle und Merisier f\u00fcr Premium Modelle<\/li>\n\n\n\n<li>Vergr\u00f6sserte elektrische Trittstufe: 700 mm<\/li>\n\n\n\n<li>Eine grosse Schublade im Stauraum hinten auf allen Modellen (ausser 540)<\/li>\n\n\n\n<li>Serienm\u00e4ssig isolierter Frischwassertank<\/li>\n\n\n\n<li>Neue Winterpaket<\/li>\n\n\n\n<li>Tablet mit Xperience-Interface<\/li>\n<\/ul>\n\n\n\n<p>Dank des grossen Angebots der Bantam-Van`s bleiben keine W\u00fcnsche offen. 7 verschiedene Karosserie-Farben, 6 M\u00f6beldesign und knapp 50 Optionen stehen zur Verf\u00fcgung. Serienm\u00e4ssig ist sind die Fahrzeuge mit einem 130-PS-Dieselmotor ausgestattet.<\/p>\n\n\n\n<p><strong>Starke Punkte:<\/strong><\/p>\n\n\n\n<ul class=\"wp-block-list\">\n<li>Robuste und elegante Qualit\u00e4tssitze<\/li>\n\n\n\n<li>Lautlose K\u00fcchenschubladen<\/li>\n\n\n\n<li>K\u00fcche mit ausziehbarer, ger\u00e4umiger Arbeitspatte<\/li>\n\n\n\n<li>Viel Platz im Stauraum<\/li>\n\n\n\n<li>Eingelassene LED-Strahler<\/li>\n\n\n\n<li>Digitale und programmierbare Steuerzentrale<\/li>\n\n\n\n<li>Leselampe im Fahrerhaus<\/li>\n\n\n\n<li>Seitliches Badezimmer mit Schiebet\u00fcr<\/li>\n\n\n\n<li>Mehr Stauraum mit Querverkleidung<\/li>\n<\/ul>\n\n\n\n<p><strong>Beim Bantam-Van steht der Komfort an erster Stelle.<\/strong><\/p>\n\n\n\n<p>Die Wohnbereiche bieten reichlich Platz f\u00fcr 4 Personen und geh\u00f6ren zu den gr\u00f6ssten auf dem Markt. Die funktionelle und ergonomische K\u00fcche verf\u00fcgt \u00fcber eine grossz\u00fcgige Arbeitsplatte. Die Bequeme Sitzbank aus wiederstandf\u00e4higem Schaumstoff zeugt von hoher Qualit\u00e4t f\u00fcr eine unvergleichliche Langlebigkeit.<\/p>\n\n\n\n<p>Das 3-in-1-Badezimmer mit grosser Dusche und einklappbarem oder ausziehbarem Waschbecken praktisch f\u00fcr erlebnisreiche Campingtouren.<\/p>\n\n\n\n<p>Der mit 20mm dickem Styrofoam isolierte Boden und der serienm\u00e4ssig isolierte und beheizte Frischwassertank erm\u00f6glicht auch ein Campen in kalten Jahreszeiten.<\/p>\n\n\n\n<p><strong>Die Bantam-Van-Qualit\u00e4t:<\/strong><\/p>\n\n\n\n<ul class=\"wp-block-list\">\n<li>Fahrzeug f\u00fcr alle Jahreszeiten<\/li>\n\n\n\n<li>Personalisierbare Konfigurationen<\/li>\n\n\n\n<li>Getestet und zertifiziert<\/li>\n\n\n\n<li>Ergonomie und viel Stauraum<\/li>\n<\/ul>\n\n\n\n<p>Haben wir Sie neugierig gemacht? Die Bantam-Van`s sind in allen unserer 3 Filialen ausgestellt. Wir freuen uns, wenn wir Ihnen das Fahrzeug vorstellen d\u00fcrfen.<\/p>\n\n\n\n<p>F\u00fcr weitere Informationen oder einen pers\u00f6nlichen Termin stehen Ihnen unsere Fahrzeugverk\u00e4ufer gerne zur Verf\u00fcgung:<\/p>\n\n\n\n<p>Filiale Etagni\u00e8res: 021 731 91 91<\/p>\n\n\n\n<p>Filiale Hindelbank: 034 411 90 90<\/p>\n\n\n\n<p>Filiale Urdorf: 044 777 00 00<a href=\"https:\/\/www.bantam.ch\/hekla\/resources\/bantamvan2019-1.pdf\" target=\"_blank\" rel=\"noreferrer noopener\">Bantam Van 2019.pdf<\/a>&nbsp;(3MB)<\/p>\n","protected":false},"excerpt":{"rendered":"<p>F\u00fcr das 2019 steht eine neue Serie der beliebten Bantam-Van`s bereit.<\/p>\n","protected":false},"author":5,"featured_media":1762,"comment_status":"closed","ping_status":"closed","sticky":false,"template":"","format":"standard","meta":{"_acf_changed":false,"footnotes":""},"categories":[20],"tags":[],"class_list":["post-2644","post","type-post","status-publish","format-standard","has-post-thumbnail","hentry","category-reisemobile"],"acf":[],"yoast_head":"<!-- This site is optimized with the Yoast SEO plugin v27.4 - https:\/\/yoast.com\/product\/yoast-seo-wordpress\/ -->\n<title>Bantam Van 2019 - Bantam<\/title>\n<meta name=\"robots\" content=\"index, follow, max-snippet:-1, max-image-preview:large, max-video-preview:-1\" \/>\n<link rel=\"canonical\" href=\"https:\/\/bantam-corpo.dev-bantam.ch\/de\/bantam-van-2019\/\" \/>\n<meta property=\"og:locale\" content=\"de_DE\" \/>\n<meta property=\"og:type\" content=\"article\" \/>\n<meta property=\"og:title\" content=\"Bantam Van 2019 - Bantam\" \/>\n<meta property=\"og:description\" content=\"F\u00fcr das 2019 steht eine neue Serie der beliebten Bantam-Van`s bereit.\" \/>\n<meta property=\"og:url\" content=\"https:\/\/bantam-corpo.dev-bantam.ch\/de\/bantam-van-2019\/\" \/>\n<meta property=\"og:site_name\" content=\"Bantam\" \/>\n<meta property=\"article:published_time\" content=\"2018-10-17T08:27:00+00:00\" \/>\n<meta property=\"article:modified_time\" content=\"2024-07-09T12:39:59+00:00\" \/>\n<meta property=\"og:image\" content=\"http:\/\/bantam-corpo.dev-bantam.ch\/wp-content\/uploads\/2024\/06\/102018van720x480px-4-w720h480.jpg\" \/>\n\t<meta property=\"og:image:width\" content=\"720\" \/>\n\t<meta property=\"og:image:height\" content=\"480\" \/>\n\t<meta property=\"og:image:type\" content=\"image\/jpeg\" \/>\n<meta name=\"author\" content=\"gilles\" \/>\n<meta name=\"twitter:card\" content=\"summary_large_image\" \/>\n<meta name=\"twitter:label1\" content=\"Written by\" \/>\n\t<meta name=\"twitter:data1\" content=\"gilles\" \/>\n\t<meta name=\"twitter:label2\" content=\"Est. reading time\" \/>\n\t<meta name=\"twitter:data2\" content=\"2 Minuten\" \/>\n<script type=\"application\/ld+json\" class=\"yoast-schema-graph\">{\"@context\":\"https:\\\/\\\/schema.org\",\"@graph\":[{\"@type\":\"Article\",\"@id\":\"https:\\\/\\\/bantam-corpo.dev-bantam.ch\\\/de\\\/bantam-van-2019\\\/#article\",\"isPartOf\":{\"@id\":\"https:\\\/\\\/bantam-corpo.dev-bantam.ch\\\/de\\\/bantam-van-2019\\\/\"},\"author\":{\"name\":\"gilles\",\"@id\":\"https:\\\/\\\/bantam-corpo.dev-bantam.ch\\\/de\\\/#\\\/schema\\\/person\\\/5ec32dca0d907db9d0c67843d1e1b47f\"},\"headline\":\"Bantam Van 2019\",\"datePublished\":\"2018-10-17T08:27:00+00:00\",\"dateModified\":\"2024-07-09T12:39:59+00:00\",\"mainEntityOfPage\":{\"@id\":\"https:\\\/\\\/bantam-corpo.dev-bantam.ch\\\/de\\\/bantam-van-2019\\\/\"},\"wordCount\":337,\"image\":{\"@id\":\"https:\\\/\\\/bantam-corpo.dev-bantam.ch\\\/de\\\/bantam-van-2019\\\/#primaryimage\"},\"thumbnailUrl\":\"https:\\\/\\\/bantam-corpo.dev-bantam.ch\\\/wp-content\\\/uploads\\\/2024\\\/06\\\/102018van720x480px-4-w720h480.jpg\",\"articleSection\":[\"Reisemobile\"],\"inLanguage\":\"de-DE\"},{\"@type\":\"WebPage\",\"@id\":\"https:\\\/\\\/bantam-corpo.dev-bantam.ch\\\/de\\\/bantam-van-2019\\\/\",\"url\":\"https:\\\/\\\/bantam-corpo.dev-bantam.ch\\\/de\\\/bantam-van-2019\\\/\",\"name\":\"Bantam Van 2019 - Bantam\",\"isPartOf\":{\"@id\":\"https:\\\/\\\/bantam-corpo.dev-bantam.ch\\\/de\\\/#website\"},\"primaryImageOfPage\":{\"@id\":\"https:\\\/\\\/bantam-corpo.dev-bantam.ch\\\/de\\\/bantam-van-2019\\\/#primaryimage\"},\"image\":{\"@id\":\"https:\\\/\\\/bantam-corpo.dev-bantam.ch\\\/de\\\/bantam-van-2019\\\/#primaryimage\"},\"thumbnailUrl\":\"https:\\\/\\\/bantam-corpo.dev-bantam.ch\\\/wp-content\\\/uploads\\\/2024\\\/06\\\/102018van720x480px-4-w720h480.jpg\",\"datePublished\":\"2018-10-17T08:27:00+00:00\",\"dateModified\":\"2024-07-09T12:39:59+00:00\",\"author\":{\"@id\":\"https:\\\/\\\/bantam-corpo.dev-bantam.ch\\\/de\\\/#\\\/schema\\\/person\\\/5ec32dca0d907db9d0c67843d1e1b47f\"},\"breadcrumb\":{\"@id\":\"https:\\\/\\\/bantam-corpo.dev-bantam.ch\\\/de\\\/bantam-van-2019\\\/#breadcrumb\"},\"inLanguage\":\"de-DE\",\"potentialAction\":[{\"@type\":\"ReadAction\",\"target\":[\"https:\\\/\\\/bantam-corpo.dev-bantam.ch\\\/de\\\/bantam-van-2019\\\/\"]}]},{\"@type\":\"ImageObject\",\"inLanguage\":\"de-DE\",\"@id\":\"https:\\\/\\\/bantam-corpo.dev-bantam.ch\\\/de\\\/bantam-van-2019\\\/#primaryimage\",\"url\":\"https:\\\/\\\/bantam-corpo.dev-bantam.ch\\\/wp-content\\\/uploads\\\/2024\\\/06\\\/102018van720x480px-4-w720h480.jpg\",\"contentUrl\":\"https:\\\/\\\/bantam-corpo.dev-bantam.ch\\\/wp-content\\\/uploads\\\/2024\\\/06\\\/102018van720x480px-4-w720h480.jpg\",\"width\":720,\"height\":480},{\"@type\":\"BreadcrumbList\",\"@id\":\"https:\\\/\\\/bantam-corpo.dev-bantam.ch\\\/de\\\/bantam-van-2019\\\/#breadcrumb\",\"itemListElement\":[{\"@type\":\"ListItem\",\"position\":1,\"name\":\"Home\",\"item\":\"https:\\\/\\\/bantam-corpo.dev-bantam.ch\\\/de\\\/\"},{\"@type\":\"ListItem\",\"position\":2,\"name\":\"Bantam Van 2019\"}]},{\"@type\":\"WebSite\",\"@id\":\"https:\\\/\\\/bantam-corpo.dev-bantam.ch\\\/de\\\/#website\",\"url\":\"https:\\\/\\\/bantam-corpo.dev-bantam.ch\\\/de\\\/\",\"name\":\"Bantam\",\"description\":\"\",\"potentialAction\":[{\"@type\":\"SearchAction\",\"target\":{\"@type\":\"EntryPoint\",\"urlTemplate\":\"https:\\\/\\\/bantam-corpo.dev-bantam.ch\\\/de\\\/?s={search_term_string}\"},\"query-input\":{\"@type\":\"PropertyValueSpecification\",\"valueRequired\":true,\"valueName\":\"search_term_string\"}}],\"inLanguage\":\"de-DE\"},{\"@type\":\"Person\",\"@id\":\"https:\\\/\\\/bantam-corpo.dev-bantam.ch\\\/de\\\/#\\\/schema\\\/person\\\/5ec32dca0d907db9d0c67843d1e1b47f\",\"name\":\"gilles\",\"image\":{\"@type\":\"ImageObject\",\"inLanguage\":\"de-DE\",\"@id\":\"https:\\\/\\\/secure.gravatar.com\\\/avatar\\\/df2d89d22fbd99c8419e05386f0ccb4a5cfc4584b3f8cf2ce5f94d300cc7c08e?s=96&d=mm&r=g\",\"url\":\"https:\\\/\\\/secure.gravatar.com\\\/avatar\\\/df2d89d22fbd99c8419e05386f0ccb4a5cfc4584b3f8cf2ce5f94d300cc7c08e?s=96&d=mm&r=g\",\"contentUrl\":\"https:\\\/\\\/secure.gravatar.com\\\/avatar\\\/df2d89d22fbd99c8419e05386f0ccb4a5cfc4584b3f8cf2ce5f94d300cc7c08e?s=96&d=mm&r=g\",\"caption\":\"gilles\"},\"url\":\"https:\\\/\\\/bantam-corpo.dev-bantam.ch\\\/de\\\/author\\\/gilles\\\/\"}]}<\/script>\n<!-- \/ Yoast SEO plugin. -->","yoast_head_json":{"title":"Bantam Van 2019 - Bantam","robots":{"index":"index","follow":"follow","max-snippet":"max-snippet:-1","max-image-preview":"max-image-preview:large","max-video-preview":"max-video-preview:-1"},"canonical":"https:\/\/bantam-corpo.dev-bantam.ch\/de\/bantam-van-2019\/","og_locale":"de_DE","og_type":"article","og_title":"Bantam Van 2019 - Bantam","og_description":"F\u00fcr das 2019 steht eine neue Serie der beliebten Bantam-Van`s bereit.","og_url":"https:\/\/bantam-corpo.dev-bantam.ch\/de\/bantam-van-2019\/","og_site_name":"Bantam","article_published_time":"2018-10-17T08:27:00+00:00","article_modified_time":"2024-07-09T12:39:59+00:00","og_image":[{"width":720,"height":480,"url":"http:\/\/bantam-corpo.dev-bantam.ch\/wp-content\/uploads\/2024\/06\/102018van720x480px-4-w720h480.jpg","type":"image\/jpeg"}],"author":"gilles","twitter_card":"summary_large_image","twitter_misc":{"Written by":"gilles","Est. reading time":"2 Minuten"},"schema":{"@context":"https:\/\/schema.org","@graph":[{"@type":"Article","@id":"https:\/\/bantam-corpo.dev-bantam.ch\/de\/bantam-van-2019\/#article","isPartOf":{"@id":"https:\/\/bantam-corpo.dev-bantam.ch\/de\/bantam-van-2019\/"},"author":{"name":"gilles","@id":"https:\/\/bantam-corpo.dev-bantam.ch\/de\/#\/schema\/person\/5ec32dca0d907db9d0c67843d1e1b47f"},"headline":"Bantam Van 2019","datePublished":"2018-10-17T08:27:00+00:00","dateModified":"2024-07-09T12:39:59+00:00","mainEntityOfPage":{"@id":"https:\/\/bantam-corpo.dev-bantam.ch\/de\/bantam-van-2019\/"},"wordCount":337,"image":{"@id":"https:\/\/bantam-corpo.dev-bantam.ch\/de\/bantam-van-2019\/#primaryimage"},"thumbnailUrl":"https:\/\/bantam-corpo.dev-bantam.ch\/wp-content\/uploads\/2024\/06\/102018van720x480px-4-w720h480.jpg","articleSection":["Reisemobile"],"inLanguage":"de-DE"},{"@type":"WebPage","@id":"https:\/\/bantam-corpo.dev-bantam.ch\/de\/bantam-van-2019\/","url":"https:\/\/bantam-corpo.dev-bantam.ch\/de\/bantam-van-2019\/","name":"Bantam Van 2019 - Bantam","isPartOf":{"@id":"https:\/\/bantam-corpo.dev-bantam.ch\/de\/#website"},"primaryImageOfPage":{"@id":"https:\/\/bantam-corpo.dev-bantam.ch\/de\/bantam-van-2019\/#primaryimage"},"image":{"@id":"https:\/\/bantam-corpo.dev-bantam.ch\/de\/bantam-van-2019\/#primaryimage"},"thumbnailUrl":"https:\/\/bantam-corpo.dev-bantam.ch\/wp-content\/uploads\/2024\/06\/102018van720x480px-4-w720h480.jpg","datePublished":"2018-10-17T08:27:00+00:00","dateModified":"2024-07-09T12:39:59+00:00","author":{"@id":"https:\/\/bantam-corpo.dev-bantam.ch\/de\/#\/schema\/person\/5ec32dca0d907db9d0c67843d1e1b47f"},"breadcrumb":{"@id":"https:\/\/bantam-corpo.dev-bantam.ch\/de\/bantam-van-2019\/#breadcrumb"},"inLanguage":"de-DE","potentialAction":[{"@type":"ReadAction","target":["https:\/\/bantam-corpo.dev-bantam.ch\/de\/bantam-van-2019\/"]}]},{"@type":"ImageObject","inLanguage":"de-DE","@id":"https:\/\/bantam-corpo.dev-bantam.ch\/de\/bantam-van-2019\/#primaryimage","url":"https:\/\/bantam-corpo.dev-bantam.ch\/wp-content\/uploads\/2024\/06\/102018van720x480px-4-w720h480.jpg","contentUrl":"https:\/\/bantam-corpo.dev-bantam.ch\/wp-content\/uploads\/2024\/06\/102018van720x480px-4-w720h480.jpg","width":720,"height":480},{"@type":"BreadcrumbList","@id":"https:\/\/bantam-corpo.dev-bantam.ch\/de\/bantam-van-2019\/#breadcrumb","itemListElement":[{"@type":"ListItem","position":1,"name":"Home","item":"https:\/\/bantam-corpo.dev-bantam.ch\/de\/"},{"@type":"ListItem","position":2,"name":"Bantam Van 2019"}]},{"@type":"WebSite","@id":"https:\/\/bantam-corpo.dev-bantam.ch\/de\/#website","url":"https:\/\/bantam-corpo.dev-bantam.ch\/de\/","name":"Bantam","description":"","potentialAction":[{"@type":"SearchAction","target":{"@type":"EntryPoint","urlTemplate":"https:\/\/bantam-corpo.dev-bantam.ch\/de\/?s={search_term_string}"},"query-input":{"@type":"PropertyValueSpecification","valueRequired":true,"valueName":"search_term_string"}}],"inLanguage":"de-DE"},{"@type":"Person","@id":"https:\/\/bantam-corpo.dev-bantam.ch\/de\/#\/schema\/person\/5ec32dca0d907db9d0c67843d1e1b47f","name":"gilles","image":{"@type":"ImageObject","inLanguage":"de-DE","@id":"https:\/\/secure.gravatar.com\/avatar\/df2d89d22fbd99c8419e05386f0ccb4a5cfc4584b3f8cf2ce5f94d300cc7c08e?s=96&d=mm&r=g","url":"https:\/\/secure.gravatar.com\/avatar\/df2d89d22fbd99c8419e05386f0ccb4a5cfc4584b3f8cf2ce5f94d300cc7c08e?s=96&d=mm&r=g","contentUrl":"https:\/\/secure.gravatar.com\/avatar\/df2d89d22fbd99c8419e05386f0ccb4a5cfc4584b3f8cf2ce5f94d300cc7c08e?s=96&d=mm&r=g","caption":"gilles"},"url":"https:\/\/bantam-corpo.dev-bantam.ch\/de\/author\/gilles\/"}]}},"publishpress_future_action":{"enabled":false,"date":"2026-05-06 14:34:53","action":"change-status","newStatus":"draft","terms":[],"taxonomy":"category","extraData":[]},"publishpress_future_workflow_manual_trigger":{"enabledWorkflows":[]},"featured_image_url":"https:\/\/bantam-corpo.dev-bantam.ch\/wp-content\/uploads\/2024\/06\/102018van720x480px-4-w720h480.jpg","permalink":"https:\/\/bantam-corpo.dev-bantam.ch\/de\/bantam-van-2019\/","lang":"de","_links":{"self":[{"href":"https:\/\/bantam-corpo.dev-bantam.ch\/de\/wp-json\/wp\/v2\/posts\/2644","targetHints":{"allow":["GET"]}}],"collection":[{"href":"https:\/\/bantam-corpo.dev-bantam.ch\/de\/wp-json\/wp\/v2\/posts"}],"about":[{"href":"https:\/\/bantam-corpo.dev-bantam.ch\/de\/wp-json\/wp\/v2\/types\/post"}],"author":[{"embeddable":true,"href":"https:\/\/bantam-corpo.dev-bantam.ch\/de\/wp-json\/wp\/v2\/users\/5"}],"replies":[{"embeddable":true,"href":"https:\/\/bantam-corpo.dev-bantam.ch\/de\/wp-json\/wp\/v2\/comments?post=2644"}],"version-history":[{"count":1,"href":"https:\/\/bantam-corpo.dev-bantam.ch\/de\/wp-json\/wp\/v2\/posts\/2644\/revisions"}],"predecessor-version":[{"id":2667,"href":"https:\/\/bantam-corpo.dev-bantam.ch\/de\/wp-json\/wp\/v2\/posts\/2644\/revisions\/2667"}],"wp:featuredmedia":[{"embeddable":true,"href":"https:\/\/bantam-corpo.dev-bantam.ch\/de\/wp-json\/wp\/v2\/media\/1762"}],"wp:attachment":[{"href":"https:\/\/bantam-corpo.dev-bantam.ch\/de\/wp-json\/wp\/v2\/media?parent=2644"}],"wp:term":[{"taxonomy":"category","embeddable":true,"href":"https:\/\/bantam-corpo.dev-bantam.ch\/de\/wp-json\/wp\/v2\/categories?post=2644"},{"taxonomy":"post_tag","embeddable":true,"href":"https:\/\/bantam-corpo.dev-bantam.ch\/de\/wp-json\/wp\/v2\/tags?post=2644"}],"curies":[{"name":"wp","href":"https:\/\/api.w.org\/{rel}","templated":true}]}}