{"id":2599,"date":"2019-08-27T10:06:00","date_gmt":"2019-08-27T08:06:00","guid":{"rendered":"https:\/\/bantam-corpo.dev-bantam.ch\/salon-du-camping-car-de-dusseldorf-2019\/"},"modified":"2024-07-08T15:25:54","modified_gmt":"2024-07-08T13:25:54","slug":"caravan-salon-duesseldorf-2019","status":"publish","type":"post","link":"https:\/\/bantam-corpo.dev-bantam.ch\/de\/caravan-salon-duesseldorf-2019\/","title":{"rendered":"CARAVAN SALON D\u00dcSSELDORF 2019"},"content":{"rendered":"\n<figure class=\"wp-block-image size-full\"><img loading=\"lazy\" decoding=\"async\" width=\"609\" height=\"405\" src=\"https:\/\/bantam-corpo.dev-bantam.ch\/wp-content\/uploads\/2024\/06\/dsseldorf-2019-w720h480.jpg\" alt=\"\" class=\"wp-image-762\" srcset=\"https:\/\/bantam-corpo.dev-bantam.ch\/wp-content\/uploads\/2024\/06\/dsseldorf-2019-w720h480.jpg 609w, https:\/\/bantam-corpo.dev-bantam.ch\/wp-content\/uploads\/2024\/06\/dsseldorf-2019-w720h480-300x200.jpg 300w\" sizes=\"auto, (max-width: 609px) 100vw, 609px\" \/><\/figure>\n\n\n\n<p>Immer mehr Entdeckungen f\u00fcr Freizeit und Urlaub in v\u00f6lliger Freiheit !<\/p>\n\n\n\n<p><strong>Die gr\u00f6sste Fachmesse in Europa f\u00fcr<\/strong><\/p>\n\n\n\n<p><strong>Reisemobile, Vans, Wohnwagen und Camping!<\/strong><\/p>\n\n\n\n<p>Auf 214&#8217;000 m\u00b2 k\u00f6nnen Sie Neuigkeiten entdecken. Es sind \u00fcber 2&#8217;100 Freizeitfahrzeuge ausgestellt.<\/p>\n\n\n\n<p>Die Besucher haben die M\u00f6glichkeit, Innovationen und Neuheiten sowie die neuen Designs der neuesten Reisemobile, Vans und Wohnwagen kennen zu lernen. Entdecken Sie auch die neuen Funktionalit\u00e4ten und Technologien f\u00fcr das Wohlbefinden und den Komfort jedes Reiseenthusiasten!<\/p>\n\n\n\n<p>Fehlt Ihnen die Zeit nach D\u00fcsseldorf zu fahren? &#8211; Wir sind Ihre Botschafter!<\/p>\n\n\n\n<p>Gerne werden wir Ihnen die Neuheiten anl\u00e4sslich des&nbsp;<a href=\"https:\/\/www.suissecaravansalon.ch\/scs-de.aspx\" target=\"_blank\" rel=\"noreferrer noopener\">Suisse Caravan Salons in Bern<\/a>, welcher vom 24. \u2013 28. Oktober 2019 stattfindet, zeigen. Das ganze Bantam-Team freut sich, Sie Ende Oktober begr\u00fcssen zu d\u00fcrfen. Wir sind Ihnen gerne behilflich Ihren Traum von Freizeit und Urlaub in v\u00f6lliger Freiheit zu verwirklichen.<\/p>\n\n\n\n<p>Nat\u00fcrlich haben wir auch das Vergn\u00fcgen, diese Leidenschaft das ganze Jahr \u00fcber an einem unserer drei Standorte, Hindelbank (BE), Urdorf (ZH) und Etagni\u00e8res (VD) mit Ihnen zu teilen.<\/p>\n\n\n\n<p>Besuchen Sie uns, wo immer wir sind!<\/p>\n\n\n\n<p>Wir freuen uns, Sie bald bei uns begr\u00fcssen zu d\u00fcrfen.<\/p>\n\n\n\n<p>Mehr lesen:<\/p>\n\n\n\n<p>Caravan Salon D\u00fcsseldorf :&nbsp;<a href=\"https:\/\/www.caravan-salon.de\/\" target=\"_blank\" rel=\"noreferrer noopener\">www.caravan-salon.de<\/a><\/p>\n\n\n\n<p>Suisse Caravan Salon :&nbsp;<a href=\"https:\/\/www.suissecaravansalon.ch\/scs-de.aspx\" target=\"_blank\" rel=\"noreferrer noopener\">www.suissecaravansalon.ch<\/a><\/p>\n","protected":false},"excerpt":{"rendered":"<p>Immer mehr Entdeckungen f\u00fcr Freizeit und Urlaub in v\u00f6lliger Freiheit !<\/p>\n","protected":false},"author":5,"featured_media":1743,"comment_status":"closed","ping_status":"closed","sticky":false,"template":"","format":"standard","meta":{"_acf_changed":false,"footnotes":""},"categories":[18],"tags":[],"class_list":["post-2599","post","type-post","status-publish","format-standard","has-post-thumbnail","hentry","category-informationen-events"],"acf":[],"yoast_head":"<!-- This site is optimized with the Yoast SEO plugin v27.4 - https:\/\/yoast.com\/product\/yoast-seo-wordpress\/ -->\n<title>CARAVAN SALON D\u00dcSSELDORF 2019 - Bantam<\/title>\n<meta name=\"robots\" content=\"index, follow, max-snippet:-1, max-image-preview:large, max-video-preview:-1\" \/>\n<link rel=\"canonical\" href=\"https:\/\/bantam-corpo.dev-bantam.ch\/de\/caravan-salon-duesseldorf-2019\/\" \/>\n<meta property=\"og:locale\" content=\"de_DE\" \/>\n<meta property=\"og:type\" content=\"article\" \/>\n<meta property=\"og:title\" content=\"CARAVAN SALON D\u00dcSSELDORF 2019 - Bantam\" \/>\n<meta property=\"og:description\" content=\"Immer mehr Entdeckungen f\u00fcr Freizeit und Urlaub in v\u00f6lliger Freiheit !\" \/>\n<meta property=\"og:url\" content=\"https:\/\/bantam-corpo.dev-bantam.ch\/de\/caravan-salon-duesseldorf-2019\/\" \/>\n<meta property=\"og:site_name\" content=\"Bantam\" \/>\n<meta property=\"article:published_time\" content=\"2019-08-27T08:06:00+00:00\" \/>\n<meta property=\"article:modified_time\" content=\"2024-07-08T13:25:54+00:00\" \/>\n<meta property=\"og:image\" content=\"http:\/\/bantam-corpo.dev-bantam.ch\/wp-content\/uploads\/2024\/06\/dsseldorf-2019-w720h480.jpg\" \/>\n\t<meta property=\"og:image:width\" content=\"609\" \/>\n\t<meta property=\"og:image:height\" content=\"405\" \/>\n\t<meta property=\"og:image:type\" content=\"image\/jpeg\" \/>\n<meta name=\"author\" content=\"gilles\" \/>\n<meta name=\"twitter:card\" content=\"summary_large_image\" \/>\n<meta name=\"twitter:label1\" content=\"Written by\" \/>\n\t<meta name=\"twitter:data1\" content=\"gilles\" \/>\n\t<meta name=\"twitter:label2\" content=\"Est. reading time\" \/>\n\t<meta name=\"twitter:data2\" content=\"2 Minuten\" \/>\n<script type=\"application\/ld+json\" class=\"yoast-schema-graph\">{\"@context\":\"https:\\\/\\\/schema.org\",\"@graph\":[{\"@type\":\"Article\",\"@id\":\"https:\\\/\\\/bantam-corpo.dev-bantam.ch\\\/de\\\/caravan-salon-duesseldorf-2019\\\/#article\",\"isPartOf\":{\"@id\":\"https:\\\/\\\/bantam-corpo.dev-bantam.ch\\\/de\\\/caravan-salon-duesseldorf-2019\\\/\"},\"author\":{\"name\":\"gilles\",\"@id\":\"https:\\\/\\\/bantam-corpo.dev-bantam.ch\\\/de\\\/#\\\/schema\\\/person\\\/5ec32dca0d907db9d0c67843d1e1b47f\"},\"headline\":\"CARAVAN SALON D\u00dcSSELDORF 2019\",\"datePublished\":\"2019-08-27T08:06:00+00:00\",\"dateModified\":\"2024-07-08T13:25:54+00:00\",\"mainEntityOfPage\":{\"@id\":\"https:\\\/\\\/bantam-corpo.dev-bantam.ch\\\/de\\\/caravan-salon-duesseldorf-2019\\\/\"},\"wordCount\":212,\"image\":{\"@id\":\"https:\\\/\\\/bantam-corpo.dev-bantam.ch\\\/de\\\/caravan-salon-duesseldorf-2019\\\/#primaryimage\"},\"thumbnailUrl\":\"https:\\\/\\\/bantam-corpo.dev-bantam.ch\\\/wp-content\\\/uploads\\\/2024\\\/06\\\/dsseldorf-2019-w720h480.jpg\",\"articleSection\":[\"Informationen \\\/ Events\"],\"inLanguage\":\"de-DE\"},{\"@type\":\"WebPage\",\"@id\":\"https:\\\/\\\/bantam-corpo.dev-bantam.ch\\\/de\\\/caravan-salon-duesseldorf-2019\\\/\",\"url\":\"https:\\\/\\\/bantam-corpo.dev-bantam.ch\\\/de\\\/caravan-salon-duesseldorf-2019\\\/\",\"name\":\"CARAVAN SALON D\u00dcSSELDORF 2019 - Bantam\",\"isPartOf\":{\"@id\":\"https:\\\/\\\/bantam-corpo.dev-bantam.ch\\\/de\\\/#website\"},\"primaryImageOfPage\":{\"@id\":\"https:\\\/\\\/bantam-corpo.dev-bantam.ch\\\/de\\\/caravan-salon-duesseldorf-2019\\\/#primaryimage\"},\"image\":{\"@id\":\"https:\\\/\\\/bantam-corpo.dev-bantam.ch\\\/de\\\/caravan-salon-duesseldorf-2019\\\/#primaryimage\"},\"thumbnailUrl\":\"https:\\\/\\\/bantam-corpo.dev-bantam.ch\\\/wp-content\\\/uploads\\\/2024\\\/06\\\/dsseldorf-2019-w720h480.jpg\",\"datePublished\":\"2019-08-27T08:06:00+00:00\",\"dateModified\":\"2024-07-08T13:25:54+00:00\",\"author\":{\"@id\":\"https:\\\/\\\/bantam-corpo.dev-bantam.ch\\\/de\\\/#\\\/schema\\\/person\\\/5ec32dca0d907db9d0c67843d1e1b47f\"},\"breadcrumb\":{\"@id\":\"https:\\\/\\\/bantam-corpo.dev-bantam.ch\\\/de\\\/caravan-salon-duesseldorf-2019\\\/#breadcrumb\"},\"inLanguage\":\"de-DE\",\"potentialAction\":[{\"@type\":\"ReadAction\",\"target\":[\"https:\\\/\\\/bantam-corpo.dev-bantam.ch\\\/de\\\/caravan-salon-duesseldorf-2019\\\/\"]}]},{\"@type\":\"ImageObject\",\"inLanguage\":\"de-DE\",\"@id\":\"https:\\\/\\\/bantam-corpo.dev-bantam.ch\\\/de\\\/caravan-salon-duesseldorf-2019\\\/#primaryimage\",\"url\":\"https:\\\/\\\/bantam-corpo.dev-bantam.ch\\\/wp-content\\\/uploads\\\/2024\\\/06\\\/dsseldorf-2019-w720h480.jpg\",\"contentUrl\":\"https:\\\/\\\/bantam-corpo.dev-bantam.ch\\\/wp-content\\\/uploads\\\/2024\\\/06\\\/dsseldorf-2019-w720h480.jpg\",\"width\":609,\"height\":405},{\"@type\":\"BreadcrumbList\",\"@id\":\"https:\\\/\\\/bantam-corpo.dev-bantam.ch\\\/de\\\/caravan-salon-duesseldorf-2019\\\/#breadcrumb\",\"itemListElement\":[{\"@type\":\"ListItem\",\"position\":1,\"name\":\"Home\",\"item\":\"https:\\\/\\\/bantam-corpo.dev-bantam.ch\\\/de\\\/\"},{\"@type\":\"ListItem\",\"position\":2,\"name\":\"CARAVAN SALON D\u00dcSSELDORF 2019\"}]},{\"@type\":\"WebSite\",\"@id\":\"https:\\\/\\\/bantam-corpo.dev-bantam.ch\\\/de\\\/#website\",\"url\":\"https:\\\/\\\/bantam-corpo.dev-bantam.ch\\\/de\\\/\",\"name\":\"Bantam\",\"description\":\"\",\"potentialAction\":[{\"@type\":\"SearchAction\",\"target\":{\"@type\":\"EntryPoint\",\"urlTemplate\":\"https:\\\/\\\/bantam-corpo.dev-bantam.ch\\\/de\\\/?s={search_term_string}\"},\"query-input\":{\"@type\":\"PropertyValueSpecification\",\"valueRequired\":true,\"valueName\":\"search_term_string\"}}],\"inLanguage\":\"de-DE\"},{\"@type\":\"Person\",\"@id\":\"https:\\\/\\\/bantam-corpo.dev-bantam.ch\\\/de\\\/#\\\/schema\\\/person\\\/5ec32dca0d907db9d0c67843d1e1b47f\",\"name\":\"gilles\",\"image\":{\"@type\":\"ImageObject\",\"inLanguage\":\"de-DE\",\"@id\":\"https:\\\/\\\/secure.gravatar.com\\\/avatar\\\/df2d89d22fbd99c8419e05386f0ccb4a5cfc4584b3f8cf2ce5f94d300cc7c08e?s=96&d=mm&r=g\",\"url\":\"https:\\\/\\\/secure.gravatar.com\\\/avatar\\\/df2d89d22fbd99c8419e05386f0ccb4a5cfc4584b3f8cf2ce5f94d300cc7c08e?s=96&d=mm&r=g\",\"contentUrl\":\"https:\\\/\\\/secure.gravatar.com\\\/avatar\\\/df2d89d22fbd99c8419e05386f0ccb4a5cfc4584b3f8cf2ce5f94d300cc7c08e?s=96&d=mm&r=g\",\"caption\":\"gilles\"},\"url\":\"https:\\\/\\\/bantam-corpo.dev-bantam.ch\\\/de\\\/author\\\/gilles\\\/\"}]}<\/script>\n<!-- \/ Yoast SEO plugin. -->","yoast_head_json":{"title":"CARAVAN SALON D\u00dcSSELDORF 2019 - Bantam","robots":{"index":"index","follow":"follow","max-snippet":"max-snippet:-1","max-image-preview":"max-image-preview:large","max-video-preview":"max-video-preview:-1"},"canonical":"https:\/\/bantam-corpo.dev-bantam.ch\/de\/caravan-salon-duesseldorf-2019\/","og_locale":"de_DE","og_type":"article","og_title":"CARAVAN SALON D\u00dcSSELDORF 2019 - Bantam","og_description":"Immer mehr Entdeckungen f\u00fcr Freizeit und Urlaub in v\u00f6lliger Freiheit !","og_url":"https:\/\/bantam-corpo.dev-bantam.ch\/de\/caravan-salon-duesseldorf-2019\/","og_site_name":"Bantam","article_published_time":"2019-08-27T08:06:00+00:00","article_modified_time":"2024-07-08T13:25:54+00:00","og_image":[{"width":609,"height":405,"url":"http:\/\/bantam-corpo.dev-bantam.ch\/wp-content\/uploads\/2024\/06\/dsseldorf-2019-w720h480.jpg","type":"image\/jpeg"}],"author":"gilles","twitter_card":"summary_large_image","twitter_misc":{"Written by":"gilles","Est. reading time":"2 Minuten"},"schema":{"@context":"https:\/\/schema.org","@graph":[{"@type":"Article","@id":"https:\/\/bantam-corpo.dev-bantam.ch\/de\/caravan-salon-duesseldorf-2019\/#article","isPartOf":{"@id":"https:\/\/bantam-corpo.dev-bantam.ch\/de\/caravan-salon-duesseldorf-2019\/"},"author":{"name":"gilles","@id":"https:\/\/bantam-corpo.dev-bantam.ch\/de\/#\/schema\/person\/5ec32dca0d907db9d0c67843d1e1b47f"},"headline":"CARAVAN SALON D\u00dcSSELDORF 2019","datePublished":"2019-08-27T08:06:00+00:00","dateModified":"2024-07-08T13:25:54+00:00","mainEntityOfPage":{"@id":"https:\/\/bantam-corpo.dev-bantam.ch\/de\/caravan-salon-duesseldorf-2019\/"},"wordCount":212,"image":{"@id":"https:\/\/bantam-corpo.dev-bantam.ch\/de\/caravan-salon-duesseldorf-2019\/#primaryimage"},"thumbnailUrl":"https:\/\/bantam-corpo.dev-bantam.ch\/wp-content\/uploads\/2024\/06\/dsseldorf-2019-w720h480.jpg","articleSection":["Informationen \/ Events"],"inLanguage":"de-DE"},{"@type":"WebPage","@id":"https:\/\/bantam-corpo.dev-bantam.ch\/de\/caravan-salon-duesseldorf-2019\/","url":"https:\/\/bantam-corpo.dev-bantam.ch\/de\/caravan-salon-duesseldorf-2019\/","name":"CARAVAN SALON D\u00dcSSELDORF 2019 - Bantam","isPartOf":{"@id":"https:\/\/bantam-corpo.dev-bantam.ch\/de\/#website"},"primaryImageOfPage":{"@id":"https:\/\/bantam-corpo.dev-bantam.ch\/de\/caravan-salon-duesseldorf-2019\/#primaryimage"},"image":{"@id":"https:\/\/bantam-corpo.dev-bantam.ch\/de\/caravan-salon-duesseldorf-2019\/#primaryimage"},"thumbnailUrl":"https:\/\/bantam-corpo.dev-bantam.ch\/wp-content\/uploads\/2024\/06\/dsseldorf-2019-w720h480.jpg","datePublished":"2019-08-27T08:06:00+00:00","dateModified":"2024-07-08T13:25:54+00:00","author":{"@id":"https:\/\/bantam-corpo.dev-bantam.ch\/de\/#\/schema\/person\/5ec32dca0d907db9d0c67843d1e1b47f"},"breadcrumb":{"@id":"https:\/\/bantam-corpo.dev-bantam.ch\/de\/caravan-salon-duesseldorf-2019\/#breadcrumb"},"inLanguage":"de-DE","potentialAction":[{"@type":"ReadAction","target":["https:\/\/bantam-corpo.dev-bantam.ch\/de\/caravan-salon-duesseldorf-2019\/"]}]},{"@type":"ImageObject","inLanguage":"de-DE","@id":"https:\/\/bantam-corpo.dev-bantam.ch\/de\/caravan-salon-duesseldorf-2019\/#primaryimage","url":"https:\/\/bantam-corpo.dev-bantam.ch\/wp-content\/uploads\/2024\/06\/dsseldorf-2019-w720h480.jpg","contentUrl":"https:\/\/bantam-corpo.dev-bantam.ch\/wp-content\/uploads\/2024\/06\/dsseldorf-2019-w720h480.jpg","width":609,"height":405},{"@type":"BreadcrumbList","@id":"https:\/\/bantam-corpo.dev-bantam.ch\/de\/caravan-salon-duesseldorf-2019\/#breadcrumb","itemListElement":[{"@type":"ListItem","position":1,"name":"Home","item":"https:\/\/bantam-corpo.dev-bantam.ch\/de\/"},{"@type":"ListItem","position":2,"name":"CARAVAN SALON D\u00dcSSELDORF 2019"}]},{"@type":"WebSite","@id":"https:\/\/bantam-corpo.dev-bantam.ch\/de\/#website","url":"https:\/\/bantam-corpo.dev-bantam.ch\/de\/","name":"Bantam","description":"","potentialAction":[{"@type":"SearchAction","target":{"@type":"EntryPoint","urlTemplate":"https:\/\/bantam-corpo.dev-bantam.ch\/de\/?s={search_term_string}"},"query-input":{"@type":"PropertyValueSpecification","valueRequired":true,"valueName":"search_term_string"}}],"inLanguage":"de-DE"},{"@type":"Person","@id":"https:\/\/bantam-corpo.dev-bantam.ch\/de\/#\/schema\/person\/5ec32dca0d907db9d0c67843d1e1b47f","name":"gilles","image":{"@type":"ImageObject","inLanguage":"de-DE","@id":"https:\/\/secure.gravatar.com\/avatar\/df2d89d22fbd99c8419e05386f0ccb4a5cfc4584b3f8cf2ce5f94d300cc7c08e?s=96&d=mm&r=g","url":"https:\/\/secure.gravatar.com\/avatar\/df2d89d22fbd99c8419e05386f0ccb4a5cfc4584b3f8cf2ce5f94d300cc7c08e?s=96&d=mm&r=g","contentUrl":"https:\/\/secure.gravatar.com\/avatar\/df2d89d22fbd99c8419e05386f0ccb4a5cfc4584b3f8cf2ce5f94d300cc7c08e?s=96&d=mm&r=g","caption":"gilles"},"url":"https:\/\/bantam-corpo.dev-bantam.ch\/de\/author\/gilles\/"}]}},"publishpress_future_action":{"enabled":false,"date":"2026-05-06 16:37:40","action":"change-status","newStatus":"draft","terms":[],"taxonomy":"category","extraData":[]},"publishpress_future_workflow_manual_trigger":{"enabledWorkflows":[]},"featured_image_url":"https:\/\/bantam-corpo.dev-bantam.ch\/wp-content\/uploads\/2024\/06\/dsseldorf-2019-w720h480.jpg","permalink":"https:\/\/bantam-corpo.dev-bantam.ch\/de\/caravan-salon-duesseldorf-2019\/","lang":"de","_links":{"self":[{"href":"https:\/\/bantam-corpo.dev-bantam.ch\/de\/wp-json\/wp\/v2\/posts\/2599","targetHints":{"allow":["GET"]}}],"collection":[{"href":"https:\/\/bantam-corpo.dev-bantam.ch\/de\/wp-json\/wp\/v2\/posts"}],"about":[{"href":"https:\/\/bantam-corpo.dev-bantam.ch\/de\/wp-json\/wp\/v2\/types\/post"}],"author":[{"embeddable":true,"href":"https:\/\/bantam-corpo.dev-bantam.ch\/de\/wp-json\/wp\/v2\/users\/5"}],"replies":[{"embeddable":true,"href":"https:\/\/bantam-corpo.dev-bantam.ch\/de\/wp-json\/wp\/v2\/comments?post=2599"}],"version-history":[{"count":1,"href":"https:\/\/bantam-corpo.dev-bantam.ch\/de\/wp-json\/wp\/v2\/posts\/2599\/revisions"}],"predecessor-version":[{"id":2623,"href":"https:\/\/bantam-corpo.dev-bantam.ch\/de\/wp-json\/wp\/v2\/posts\/2599\/revisions\/2623"}],"wp:featuredmedia":[{"embeddable":true,"href":"https:\/\/bantam-corpo.dev-bantam.ch\/de\/wp-json\/wp\/v2\/media\/1743"}],"wp:attachment":[{"href":"https:\/\/bantam-corpo.dev-bantam.ch\/de\/wp-json\/wp\/v2\/media?parent=2599"}],"wp:term":[{"taxonomy":"category","embeddable":true,"href":"https:\/\/bantam-corpo.dev-bantam.ch\/de\/wp-json\/wp\/v2\/categories?post=2599"},{"taxonomy":"post_tag","embeddable":true,"href":"https:\/\/bantam-corpo.dev-bantam.ch\/de\/wp-json\/wp\/v2\/tags?post=2599"}],"curies":[{"name":"wp","href":"https:\/\/api.w.org\/{rel}","templated":true}]}}