{"id":2551,"date":"2020-04-29T15:35:00","date_gmt":"2020-04-29T13:35:00","guid":{"rendered":"https:\/\/bantam-corpo.dev-bantam.ch\/votre-liberte-en-toute-securite\/"},"modified":"2024-07-08T14:50:51","modified_gmt":"2024-07-08T12:50:51","slug":"ihre-freiheit-und-sicherheit","status":"publish","type":"post","link":"https:\/\/bantam-corpo.dev-bantam.ch\/de\/ihre-freiheit-und-sicherheit\/","title":{"rendered":"Ihre Freiheit und Sicherheit"},"content":{"rendered":"\n<figure class=\"wp-block-image size-full\"><img loading=\"lazy\" decoding=\"async\" width=\"720\" height=\"480\" src=\"https:\/\/bantam-corpo.dev-bantam.ch\/wp-content\/uploads\/2024\/06\/carado-partnership-843x562-w720h480.jpg\" alt=\"\" class=\"wp-image-663\" srcset=\"https:\/\/bantam-corpo.dev-bantam.ch\/wp-content\/uploads\/2024\/06\/carado-partnership-843x562-w720h480.jpg 720w, https:\/\/bantam-corpo.dev-bantam.ch\/wp-content\/uploads\/2024\/06\/carado-partnership-843x562-w720h480-300x200.jpg 300w\" sizes=\"auto, (max-width: 720px) 100vw, 720px\" \/><\/figure>\n\n\n\n<p>M\u00f6chten Sie dem Alltag entfliehen? Durchqueren Sie die Schweiz mit dem Wohnmobil.<\/p>\n\n\n\n<p>Unser&nbsp;<strong>Fahrzeugverkauf<\/strong>&nbsp;startet mit vielen attraktiven Angeboten. Es gibt&nbsp;f\u00fcr jedes Lager-Fahrzeug einen Nachlass. Damit kommen Sie in den Genuss zahlreicher Vorteile. \u00dcber 500 Fahrzeuge stehen Ihnen in unseren Filialen zum sofortigen Verkauf zur Verf\u00fcgung.&nbsp;<\/p>\n\n\n\n<p>Das Wohnmobil ist eine wirtschaftliche, \u00f6kologische Reisealternative und bietet ein unvergleichliches Gef\u00fchl der Freiheit. Die Camper sind sich einig: Die Fahrten mit dem Wohnmobil, Van und Wohnwagen sind eine einzigartige, einfache und sichere Erfahrung.<\/p>\n\n\n\n<p>Entfliehen Sie dem Alltag und seien Sie gelassen: In einem Wohnmobil ist immer alles dabei. Schlafzimmer, Bad, WC, K\u00fcche, Wohnzimmer und sogar ein Garten! Sie und Ihre Familie k\u00f6nnen in v\u00f6lliger Freiheit und Sicherheit reisen, ohne sich Gedanken \u00fcber die Organisation von \u00dcbernachtungen oder Mahlzeiten machen zu m\u00fcssen. Stellen Sie einfach den Motor in der Wildnis oder auf einem Campingplatz ab, nehmen Sie den Grill heraus und geniessen Sie diese magischen Momente.<\/p>\n\n\n\n<p>Die Schweiz ist ein Teil der Welt, ideal f\u00fcr Reisende in Reisemobilen. Sie ist voller Postkartenlandschaften und die 26 Kantone, aus denen sie besteht, bieten einen pluralistischen Charakter in ihrem kulturellen Reichtum: majest\u00e4tische Berge, friedliche Landschaften, historische St\u00e4dte, riesige Seen oder einfache Teiche, Wanderwege, verschiedene M\u00f6glichkeiten und verschiedene Sprachregionen.<\/p>\n\n\n\n<p>Bantam bietet Ihnen Ideen f\u00fcr Reiserouten. Es liegt an Ihnen, sich inspirieren zu lassen. Probieren Sie das Abenteuer jetzt aus!<\/p>\n\n\n\n<p>Nichts k\u00f6nnte einfacher sein, als den Ort zu finden, an dem Sie \u00fcbernachten werden! Es gibt verschiedene L\u00f6sungen, wie die&nbsp;<a href=\"https:\/\/www.park4night.com\/?langage=de\" target=\"_blank\" rel=\"noreferrer noopener\">Park4night<\/a>&nbsp;App oder sogar&nbsp;<a href=\"https:\/\/swissterroir.ch\/de\/home\/\" target=\"_blank\" rel=\"noreferrer noopener\">Swissterroir<\/a>.<\/p>\n\n\n\n<p><a href=\"https:\/\/www.park4night.com\/?langage=de\" target=\"_blank\" rel=\"noreferrer noopener\">Park4night<\/a>&nbsp;ist eine App (auch online verf\u00fcgbar), die alle Parkpl\u00e4tze, Stellpl\u00e4tze f\u00fcr Wohnmobile und Campingpl\u00e4tze auflistet. Geben Sie einfach das Ziel ein und w\u00e4hlen Sie Ihre Route. Sie k\u00f6nnen auch nach Standorttyp suchen; Camping, Gratis Parken usw. Einfach kostenlos und effizient erhalten Sie alle n\u00fctzlichen Informationen, um Ihre Reise zu planen.<\/p>\n\n\n\n<p><a href=\"https:\/\/swissterroir.ch\/de\/home\/\" target=\"_blank\" rel=\"noreferrer noopener\">Swissterroir<\/a>&nbsp;ist eine Vereinigung von, Landwirten, Winzern und Kunsthandwerkern zusammenbringt und ihren Grundst\u00fccken f\u00fcr Camper zur Verf\u00fcgung stellen. Ziel dieser Initiative ist es, eine Verbindung zwischen Campern und der Schweizer Region herzustellen. Nichts ist besser, um mehr \u00fcber Schweizer Traditionen zu erfahren.<\/p>\n\n\n\n<p>F\u00fcr alle vorgeschlagenen Ziele verweisen wir auf Erfahrungsberichte von Kunden und touristischen Webseiten. Wir sind daher nicht verantwortlich f\u00fcr die Richtigkeit der Angaben. Die vorgeschlagenen Standorte sind touristische Ziele und keine Campingpl\u00e4tze.<\/p>\n\n\n\n<h2 class=\"wp-block-heading\">Die Berge<\/h2>\n\n\n\n<p><strong>Crans Montana, Wallis<\/strong><\/p>\n\n\n\n<p><\/p>\n\n\n\n<figure class=\"wp-block-image size-full\"><img loading=\"lazy\" decoding=\"async\" width=\"300\" height=\"199\" src=\"https:\/\/bantam-corpo.dev-bantam.ch\/wp-content\/uploads\/2024\/06\/b943f303a26b66c0a90e3086bd462e44grandeurnature51198x798-2-w300h300.jpg\" alt=\"\" class=\"wp-image-664\"\/><\/figure>\n\n\n\n<figure class=\"wp-block-image size-full\"><img loading=\"lazy\" decoding=\"async\" width=\"300\" height=\"199\" src=\"https:\/\/bantam-corpo.dev-bantam.ch\/wp-content\/uploads\/2024\/06\/be8c760a5340882bf4c2e4e9ade8e3a6grandeurnature101198x798-3-w300h300.jpg\" alt=\"\" class=\"wp-image-665\"\/><\/figure>\n\n\n\n<p>Im Sommer und Winter bietet Crans Montana eine breite Palette an Aktivit\u00e4ten.<\/p>\n\n\n\n<p>Auf der Fussseite k\u00f6nnen Sie vom Stadtzentrum aus zum Gletscher der toten Ebene hinaufsteigen. Sie k\u00f6nnen den Gletschersee auf dem Hochplateau auch mit der Seilbahn und dem Funitel erreichen. Ein Spaziergang auf den Gipfeln ist ein Muss: Es gibt in der Tat einen atemberaubenden Blick auf das Rh\u00f4ne-Tal und die Seitent\u00e4ler des Wallis. Mit den Mischabels, dem Matterhorn und dem Mont Blanc nehmen die Hoch Alpen vor Ihren Augen Gestalt an.<\/p>\n\n\n\n<p>In der Stadt gibt es auch viele Aktivit\u00e4ten zur Auswahl: kulinarische Vielfalten, Familienaktivit\u00e4ten, verschiedene Sportarten, Radfahren, Golf usw. In dieser Ecke des Wallis k\u00f6nnen Sie sich ausgiebig erholen.<\/p>\n\n\n\n<p><strong>Trub,&nbsp;Bern&nbsp;&nbsp;&nbsp;&nbsp;<\/strong><\/p>\n\n\n\n<figure class=\"wp-block-image size-full\"><img loading=\"lazy\" decoding=\"async\" width=\"300\" height=\"168\" src=\"https:\/\/bantam-corpo.dev-bantam.ch\/wp-content\/uploads\/2024\/06\/csmwanderungemmentalhoehenroutenapfimg301464c7fd8b3-1-w300h300.jpg\" alt=\"\" class=\"wp-image-666\"\/><\/figure>\n\n\n\n<figure class=\"wp-block-image size-full\"><img loading=\"lazy\" decoding=\"async\" width=\"300\" height=\"170\" src=\"https:\/\/bantam-corpo.dev-bantam.ch\/wp-content\/uploads\/2024\/06\/csmaktivitaeten-naturgebiete-napf-staecheleggflue-davidkurth-eigengebrauch-1bfd9dfe69e-w300h300.jpg\" alt=\"\" class=\"wp-image-667\"\/><\/figure>\n\n\n\n<p>Von der Stadt Trub aus k\u00f6nnen Sie die Spitze von Napf erreichen. Mit einer H\u00f6he von 1406 m ist Napf der h\u00f6chste Punkt zwischen dem Emmentaler und dem Entlebuch. Keine Strasse oder Skilift f\u00fchrt nach oben, also hol deine Turnschuhe! Dort oben ist das Panorama unvergleichlich: der Jura im Norden, die Berner Alpen im S\u00fcden und im S\u00fcdosten die Alpen der Zentralschweiz. Die Felsw\u00e4nde vom Entlebuch sind grossartig und atemberaubend sch\u00f6n.<\/p>\n\n\n\n<h2 class=\"wp-block-heading\">Die Seen<\/h2>\n\n\n\n<p><strong>Thun und sein See,&nbsp;Berner Oberland<\/strong><\/p>\n\n\n\n<figure class=\"wp-block-image size-full\"><img loading=\"lazy\" decoding=\"async\" width=\"300\" height=\"200\" src=\"https:\/\/bantam-corpo.dev-bantam.ch\/wp-content\/uploads\/2024\/06\/csmringgenberg-burgseeli-fruehling-spiegelung-kraftorte-spazieruferwege75f125d900-1-w300h300.jpg\" alt=\"\" class=\"wp-image-668\"\/><\/figure>\n\n\n\n<figure class=\"wp-block-image size-full\"><img loading=\"lazy\" decoding=\"async\" width=\"300\" height=\"225\" src=\"https:\/\/bantam-corpo.dev-bantam.ch\/wp-content\/uploads\/2024\/06\/csmmorgenberghorn-wandern-herbst-panorama-thunersee-bergepanorama407ad6113e-1-w300h300.jpg\" alt=\"\" class=\"wp-image-669\"\/><\/figure>\n\n\n\n<p>Der tiefblaue Thunersee, der im Norden von den Alpen begrenzt wird, liegt zwischen den St\u00e4dten Thun und Interlaken im Berner Oberland. Dieser See wird besonders von Seglern und Windsurfern gesch\u00e4tzt, die die leichte Brise geniessen k\u00f6nnen, die hier ununterbrochen weht. An vielen Str\u00e4nde k\u00f6nnen Sie sich abk\u00fchlen.<\/p>\n\n\n\n<p>In der N\u00e4he sind auch die Gipfel des pyramidenf\u00f6rmigen Niesens, des Stockhorns und des Niederhorns einen Besuch wert. Ein aussergew\u00f6hnliches Panorama auf den See und die Alpen erwartet die Besucher. Am \u00f6stlichen Ende des Sees ist die Stadt Interlaken Ausgangspunkt f\u00fcr angenehme Ausfl\u00fcge in die Jungfrau Region und ins \u00f6stliche Berner Oberland.<\/p>\n\n\n\n<p>Die historische Stadt Thun, in deren Zentrum sich die Burg aus dem 12. Jahrhundert mit ihrem Museum befindet, liegt am Ufer der Aare, etwa einen Kilometer vom See entfernt.<\/p>\n\n\n\n<p>Verpassen Sie nicht das Thun-Panorama. Dieses Werk ist das erste Schweizer Werk seiner Art und eines der letzten weltweit erhaltenen Exemplare seiner Kategorie. Der K\u00fcnstler Marquard Wocher skizzierte dieses 360 \u00b0 -Panorama auf einem Dach im Herzen der Altstadt.<\/p>\n\n\n\n<p><strong>Palpuognasee, Graub\u00fcnden&nbsp;<\/strong><\/p>\n\n\n\n<figure class=\"wp-block-image size-full\"><img loading=\"lazy\" decoding=\"async\" width=\"300\" height=\"200\" src=\"https:\/\/bantam-corpo.dev-bantam.ch\/wp-content\/uploads\/2024\/06\/39911130761e7ef367bfb-1-w300h300.jpg\" alt=\"\" class=\"wp-image-670\"\/><\/figure>\n\n\n\n<figure class=\"wp-block-image size-full\"><img loading=\"lazy\" decoding=\"async\" width=\"300\" height=\"199\" src=\"https:\/\/bantam-corpo.dev-bantam.ch\/wp-content\/uploads\/2024\/06\/7345702-w300h300.jpg\" alt=\"\" class=\"wp-image-671\"\/><\/figure>\n\n\n\n<p>In einer Umfrage unter Wanderern wurde der Palpuognasee zur &#8222;sch\u00f6nsten Ecke der Schweiz&#8220; gew\u00e4hlt. Dieser See liegt oberhalb von Preda in Berg\u00fcn und ist haupts\u00e4chlich \u00fcber die Albula-Pass-Strasse erreichbar. Kulturell: Das Wasser im See wurde bereits 1898 zur Stromerzeugung genutzt.<\/p>\n\n\n\n<p>Dank der umliegenden L\u00e4rchen, die im Herbst gelb werden, bringt Sie dieser Ort in eine magische Ecke.<\/p>\n\n\n\n<p>Der Ausgangspunkt f\u00fcr diesen Spaziergang ist die Preda Station; auf der Albula-Linie der Rh\u00e4tischen Eisenbahnen. 1h30 Spaziergang, der mit einem unglaublichen kristallklaren Wasser und einem Wald von L\u00e4rchen belohnt wird. Dieses Reiseziel bleibt eine Ihrer sch\u00f6nsten Reiseerinnerungen.<\/p>\n\n\n\n<p><strong>Blausee, Region Bern&nbsp;&nbsp;&nbsp;&nbsp;<\/strong><\/p>\n\n\n\n<figure class=\"wp-block-image size-full\"><img loading=\"lazy\" decoding=\"async\" width=\"300\" height=\"224\" src=\"https:\/\/bantam-corpo.dev-bantam.ch\/wp-content\/uploads\/2024\/06\/sizel-1-2-w300h300.jpg\" alt=\"\" class=\"wp-image-672\"\/><\/figure>\n\n\n\n<figure class=\"wp-block-image size-full\"><img loading=\"lazy\" decoding=\"async\" width=\"263\" height=\"300\" src=\"https:\/\/bantam-corpo.dev-bantam.ch\/wp-content\/uploads\/2024\/06\/sizel-6-w300h300.jpg\" alt=\"\" class=\"wp-image-673\"\/><\/figure>\n\n\n\n<p>Der Blausee in der Stadt Kandergrund ist dank seiner besonderen Farbe und seines kristallklaren Wassers aus einer unterirdischen Quelle einer der bekanntesten Bergseen der Schweiz. Es ist von einem 20 Hektar grossen Naturpark umgeben, einer von einem Erdrutsch gepr\u00e4gten Landschaft, die auch den Ursprung der Seebildung bildet.<\/p>\n\n\n\n<p><strong>Val di Campo, Graub\u00fcnden&nbsp;&nbsp;<\/strong><\/p>\n\n\n\n<figure class=\"wp-block-image size-full\"><img loading=\"lazy\" decoding=\"async\" width=\"300\" height=\"206\" src=\"https:\/\/bantam-corpo.dev-bantam.ch\/wp-content\/uploads\/2024\/06\/20180729144047-03f75d931d6678ag5580cd4cdf55df012x-1-w300h300.jpg\" alt=\"\" class=\"wp-image-674\"\/><\/figure>\n\n\n\n<p>Diese Route ist ideal f\u00fcr Mountainbiker und Wanderer, die einen Cocktail aus herrlichen Panoramen und abgelegenen Naturpfaden sch\u00e4tzen, die leicht befahrbar sind. Aufgrund seiner riesigen L\u00e4rchen- und Arollaw\u00e4lder und seiner aus einem Erdrutsch entstandenen Mor\u00e4nenseen Lagh da Saoseo und Lagh da Val Viola wurde das Val di Campo 1977 in das Bundesinventar von Landschaften, St\u00e4tten und Denkm\u00e4ler von nationaler Bedeutung aufgenommen. Kulturinteressierte werden in der kleinen Stadt Poschiavo mit ihrem historischen Zentrum ihren Wissensdurst stillen.<\/p>\n\n\n\n<h2 class=\"wp-block-heading\">Die Parks<\/h2>\n\n\n\n<p><strong>Argovian Jura Park&nbsp;&nbsp;&nbsp;&nbsp;<\/strong><\/p>\n\n\n\n<figure class=\"wp-block-image size-full\"><img loading=\"lazy\" decoding=\"async\" width=\"300\" height=\"200\" src=\"https:\/\/bantam-corpo.dev-bantam.ch\/wp-content\/uploads\/2024\/06\/st001485737677-w300h300.jpg\" alt=\"\" class=\"wp-image-675\"\/><\/figure>\n\n\n\n<figure class=\"wp-block-image size-full\"><img loading=\"lazy\" decoding=\"async\" width=\"300\" height=\"223\" src=\"https:\/\/bantam-corpo.dev-bantam.ch\/wp-content\/uploads\/2024\/06\/aargau004318637677-w300h300-2.jpg\" alt=\"\" class=\"wp-image-676\"\/><\/figure>\n\n\n\n<p>Die h\u00fcgelige Region des Aargauer Jura erstreckt sich zwischen der Aare und dem Rhein. Diese sehr abwechslungsreiche Landschaft aus T\u00e4lern, dem Jura und den Bergen bildet das gr\u00f6sste Natur- und Entspannungsgebiet zwischen Basel und Z\u00fcrich.<\/p>\n\n\n\n<p>So entdecken Sie den Park:<\/p>\n\n\n\n<p>Visuell: der Cheisacher Turm, der Zeiher Homberg und der Wasserflue<\/p>\n\n\n\n<p>Geschmacklich: Weinprobe in einem Gebiet der Flavour Route oder Landschaftsmedizin (Pfl\u00fccken und Kochen von Wildkr\u00e4utern)<\/p>\n\n\n\n<p>Ger\u00fcche: der sp\u00e4rliche Kiefernwald und seine mediterranen D\u00fcfte<\/p>\n\n\n\n<p>Akustisch: die Strickmaschine oder die Nagelschmiede in der Kultur Werk-Stadt in Sulz, die Hebammenkr\u00f6ten<\/p>\n\n\n\n<p>Anfassen: die Rinde der pr\u00e4chtigen Linde aus der Linn- und Kneipp-Hydrotherapie im Fricktal<\/p>\n\n\n\n<p>\u00dcbernat\u00fcrlich: die energiereichen Orte der Linden von Linn und die Kapelle von Buschberg auf den H\u00f6hen von Wittnau<\/p>\n\n\n\n<p><strong>UNESCO Entlebuch Biosph\u00e4re, Luzern<\/strong><\/p>\n\n\n\n<figure class=\"wp-block-image size-full\"><img loading=\"lazy\" decoding=\"async\" width=\"300\" height=\"225\" src=\"https:\/\/bantam-corpo.dev-bantam.ch\/wp-content\/uploads\/2024\/06\/kalkrippbeichleescholzmattgn36514-w300h300.jpg\" alt=\"\" class=\"wp-image-677\"\/><\/figure>\n\n\n\n<figure class=\"wp-block-image size-full\"><img loading=\"lazy\" decoding=\"async\" width=\"300\" height=\"199\" src=\"https:\/\/bantam-corpo.dev-bantam.ch\/wp-content\/uploads\/2024\/06\/wasserfallchessilochfluhlicp36514-w300h300.jpg\" alt=\"\" class=\"wp-image-678\"\/><\/figure>\n\n\n\n<p>Endlose Sumpflandschaften, schroffe Lapiaz und wilde Gebirgsb\u00e4che, das Aussehen und die Perspektive sind un\u00fcbertroffen. Das erste Schweizer Biosph\u00e4renreservat beherbergt erstklassige Naturwunder. Nur wenige andere Regionen haben Natursch\u00e4tze, die mit denen des Luzerner &#8222;Wilden Westens&#8220; vergleichbar sind. Hier befinden sich die gr\u00f6ssten und zahlreichsten S\u00fcmpfe der Schweiz sowie Flora und Fauna von (inter) nationaler Bedeutung. Es ist daher nicht verwunderlich, dass das Entlebuch von der UNESCO als erstes Biosph\u00e4renreservat der Schweiz ausgewiesen wurde.<\/p>\n\n\n\n<p>400 Quadratkilometer mystische, ruhige Landschaft, die Inspiration und Entspannung bietet: intakte S\u00fcmpfe und idyllische Weiden.<\/p>\n\n\n\n<p>Die Entlebuch UNESCO Biosph\u00e4re bietet aber nicht nur Ruhe und Entspannung in unber\u00fchrter Natur. Sie bietet auch eine Vielzahl abwechslungsreicher Freizeitaktivit\u00e4ten: Lehrpfade f\u00fcr Energie oder Geschichtenerz\u00e4hlen, Kneipp-Installationen oder Schlammb\u00e4der, GPS-gef\u00fchrte Wanderungen oder gef\u00fchrte Ausfl\u00fcge &#8211; die Auswahl ist enorm. Historisch und kulturell ist die Region auch sehr reichhaltig: Das alte Holzkohlehandwerk in Romoos oder der Wallfahrtsort Heiligkreuz sind H\u00f6hepunkte ihres Besuches.<\/p>\n\n\n\n<p><strong>Schweizer National Park Zernez,&nbsp;Graub\u00fcnden&nbsp;&nbsp;<\/strong><\/p>\n\n\n\n<figure class=\"wp-block-image size-full\"><img loading=\"lazy\" decoding=\"async\" width=\"240\" height=\"300\" src=\"https:\/\/bantam-corpo.dev-bantam.ch\/wp-content\/uploads\/2024\/06\/sizel-1-1-w300h300.jpg\" alt=\"\" class=\"wp-image-682\"\/><\/figure>\n\n\n\n<figure class=\"wp-block-image size-full\"><img loading=\"lazy\" decoding=\"async\" width=\"300\" height=\"187\" src=\"https:\/\/bantam-corpo.dev-bantam.ch\/wp-content\/uploads\/2024\/06\/151029nationalparkslider08-w300h300.jpg\" alt=\"\" class=\"wp-image-683\"\/><\/figure>\n\n\n\n<p>Endlose Sumpflandschaften, schroffe Lapiaz und wilde Gebirgsb\u00e4che, das Aussehen und die Perspektive sind un\u00fcbertroffen. Das erste Schweizer Biosph\u00e4renreservat beherbergt erstklassige Naturwunder. Nur wenige andere Regionen haben Natursch\u00e4tze, die mit denen des Luzerner &#8222;Wilden Westens&#8220; vergleichbar sind. Hier befinden sich die gr\u00f6ssten und zahlreichsten S\u00fcmpfe der Schweiz sowie Flora und Fauna von (inter) nationaler Bedeutung. Es ist daher nicht verwunderlich, dass das Entlebuch von der UNESCO als erstes Biosph\u00e4renreservat der Schweiz ausgewiesen wurde.<\/p>\n\n\n\n<p>400 Quadratkilometer mystische, ruhige Landschaft, die Inspiration und Entspannung bietet: intakte S\u00fcmpfe und idyllische Weiden.<\/p>\n\n\n\n<p>Die Entlebuch UNESCO Biosph\u00e4re bietet aber nicht nur Ruhe und Entspannung in unber\u00fchrter Natur. Sie bietet auch eine Vielzahl abwechslungsreicher Freizeitaktivit\u00e4ten: Lehrpfade f\u00fcr Energie oder Geschichtenerz\u00e4hlen, Kneipp-Installationen oder Schlammb\u00e4der, GPS-gef\u00fchrte Wanderungen oder gef\u00fchrte Ausfl\u00fcge &#8211; die Auswahl ist enorm. Historisch und kulturell ist die Region auch sehr reichhaltig: Das alte Holzkohlehandwerk in Romoos oder der Wallfahrtsort Heiligkreuz sind H\u00f6hepunkte ihres Besuches.<\/p>\n\n\n\n<p><strong>Schweizer National Park Zernez,&nbsp;Graub\u00fcnden&nbsp;&nbsp;<\/strong><\/p>\n\n\n\n<figure class=\"wp-block-image size-full\"><img loading=\"lazy\" decoding=\"async\" width=\"300\" height=\"200\" src=\"https:\/\/bantam-corpo.dev-bantam.ch\/wp-content\/uploads\/2024\/06\/stn357837660-w300h300.jpg\" alt=\"\" class=\"wp-image-684\"\/><\/figure>\n\n\n\n<figure class=\"wp-block-image size-full\"><img loading=\"lazy\" decoding=\"async\" width=\"275\" height=\"184\" src=\"https:\/\/bantam-corpo.dev-bantam.ch\/wp-content\/uploads\/2024\/06\/telechargement-1-w300h300.jpg\" alt=\"\" class=\"wp-image-685\"\/><\/figure>\n\n\n\n<p>Eine authentische und einzigartige Natur. Zw\u00f6lf Gemeinden in der Region wurden f\u00fcr ihre au\u00dfergew\u00f6hnlichen Natur- und Landschaftswerte als regionaler Naturpark von nationaler Bedeutung ausgezeichnet. Sie wollen traditionelle Kultur- und Naturlandschaften erhalten und verbessern, die nachhaltige Entwicklung der Wirtschaft f\u00f6rdern und aufrechterhalten, das Bewusstsein sch\u00e4rfen und ihre Bewohner schulen.<\/p>\n\n\n\n<p>Pfyn-Finges erstreckt sich von Gampel bis Sierre und von den terrassierten Weinbergen bei Salgesch bis Bishorn. Das zentrale Wallis beherbergt dank seines hei\u00dfen und trockenen Klimas eine gro\u00dfe Artenvielfalt, die an die Mittelmeerregionen erinnert. Neben dem Klima beeinflussen verschiedene dynamische Prozesse die Natur: rei\u00dfende Laven, Erdrutsche, Br\u00e4nde und nat\u00fcrlich die wilde Rh\u00f4ne mit ihrer Schwemmzone.<\/p>\n\n\n\n<p>Um die Region durch Geschmack zu entdecken, organisieren einige Gemeinden Food Trails.<\/p>\n\n\n\n<h2 class=\"wp-block-heading\">Die Sensationen<\/h2>\n\n\n\n<p><strong>Der Creux du Van, Neuenburg<\/strong><\/p>\n\n\n\n<figure class=\"wp-block-image size-full\"><img loading=\"lazy\" decoding=\"async\" width=\"300\" height=\"200\" src=\"https:\/\/bantam-corpo.dev-bantam.ch\/wp-content\/uploads\/2024\/06\/creux-du-van-05-1-w300h300.jpg\" alt=\"\" class=\"wp-image-686\"\/><\/figure>\n\n\n\n<p>Die Kalksteinschichten, die den aussergew\u00f6hnlichen Felskreis von Creux-du-Van bilden, wurden vor fast 200 Millionen Jahren von einem primitiven Meer abgelagert. Der Gletscher gefriert und taut abwechselnd auf, dadurch bilden dann die B\u00e4che dieses spektakul\u00e4re Amphitheater, ein geologisches Merkmal, das typisch f\u00fcr die Faltung der Jurakette ist.<\/p>\n\n\n\n<p>Am Fusse des Creux du Van begr\u00fcsst Sie das Dorf Couvet mit einer grossen Auswahl an Aktivit\u00e4ten, darunter ein Sportzentrum mit Innenpool, Sauna, Hamam, Fitness, Kletterwand usw.<\/p>\n\n\n\n<p>Die Flora und Fauna, die rund um den Creux-du-Van-Zirkus gedeiht und von einem einzigartigen Klima gepr\u00e4gt ist, ist den arktiko-alpinen Arten n\u00e4her als dem Jura. Das Reservat beherbergt G\u00e4msen und Steinb\u00f6cke &#8211; eine alpine Art! &#8211; aber auch die einzige Katze in den Schweizer Bergen: der scheue Luchs und das Auerhuhn, beide sind ernsthaft vom Aussterben bedroht.<\/p>\n\n\n\n<p><strong>Engstliger Wasserf\u00e4lle, Bern<\/strong><\/p>\n\n\n\n<figure class=\"wp-block-image size-full\"><img loading=\"lazy\" decoding=\"async\" width=\"300\" height=\"202\" src=\"https:\/\/bantam-corpo.dev-bantam.ch\/wp-content\/uploads\/2024\/06\/st0016363engstligenfall38302-1-w300h300.jpg\" alt=\"\" class=\"wp-image-687\"\/><\/figure>\n\n\n\n<p>Die Engstliger Wasserf\u00e4lle m\u00fcnden in das 600 Meter hohe Tal und bieten ein Naturschauspiel von wahrer Pracht. Sie wurden seit 1948 durch kantonale Verordnung zum Schutzgebiet erkl\u00e4rt.<\/p>\n\n\n\n<p>Diese Wasserf\u00e4lle erreichen Sie von Adelboden aus in 1,5 Stunden zu Fu\u00df. Im Sommer verl\u00e4uft entlang dieser sprudelnden Wasserf\u00e4lle ein Wanderweg, der von Unter dem Birg zur Engstligenalp f\u00fchrt.<\/p>\n\n\n\n<p>In dieser Saison k\u00f6nnen Sie diese Wasserspiele auch auf einem einfachen Rundgang und das ganze Jahr \u00fcber aus der Seilbahn bewundern.<\/p>\n\n\n\n<p>Der mittelschwere Kletterkurs Ch\u00e4ligang, der direkt neben dem imposanten Wasserfall liegt, ist bei Jung und Alt sehr beliebt.<\/p>\n\n\n\n<h2 class=\"wp-block-heading\">Kurz gesagt<\/h2>\n\n\n\n<p>Die Liste k\u00f6nnte so lange weitergehen, wie es wilde und magische Orte in der Schweiz gibt. Wenn Sie mit Ihrem Wohnmobil, Van oder Wohnwagen auf der Strasse unterwegs sind, werden unvergessliche Notizen und Erinnerungen in Ihr Reisebuch aufgenommen.<\/p>\n\n\n\n<p>Sie m\u00fcssen nicht um die Welt reisen, sondern finden das N\u00f6tigste in Ihrer N\u00e4he. Diese Erfahrung erfordert wenig Organisation und bleibt die Sicherste und Freieste, die es gibt.<\/p>\n\n\n\n<p>Wir stehen Ihnen gerne zur Verf\u00fcgung, um Sie zu begleiten und Ihnen Antworten auf Ihre Fragen zu geben.<\/p>\n\n\n\n<p>Machen Sie den Schritt, den Sie nicht bereuen werden!<\/p>\n\n\n\n<p>Das Ganze Bantam Team freut sich Sie zu bedienen!&nbsp;<\/p>\n\n\n\n<p>F\u00fcr&nbsp;<strong>Hindelbank\/BE<\/strong>&nbsp; Tel. 034 411 9090 oder&nbsp;<a href=\"http:\/\/info-hindelbank@bantam.ch\/\">info-hindelbank@bantam.ch<\/a><br>F\u00fcr&nbsp;<strong>Urdorf\/ZH<\/strong>&nbsp;Tel. 044 777 0000 oder&nbsp;<a href=\"http:\/\/info-urdorf@bantam.ch\/\">info-urdorf@bantam.ch<\/a><\/p>\n","protected":false},"excerpt":{"rendered":"<p>M\u00f6chten Sie dem Alltag entfliehen? Durchqueren Sie die Schweiz mit dem Wohnmobil.<\/p>\n","protected":false},"author":5,"featured_media":1692,"comment_status":"closed","ping_status":"closed","sticky":false,"template":"","format":"standard","meta":{"_acf_changed":false,"footnotes":""},"categories":[18,19],"tags":[],"class_list":["post-2551","post","type-post","status-publish","format-standard","has-post-thumbnail","hentry","category-informationen-events","category-laden"],"acf":[],"yoast_head":"<!-- This site is optimized with the Yoast SEO plugin v27.4 - https:\/\/yoast.com\/product\/yoast-seo-wordpress\/ -->\n<title>Ihre Freiheit und Sicherheit - Bantam<\/title>\n<meta name=\"robots\" content=\"index, follow, max-snippet:-1, max-image-preview:large, max-video-preview:-1\" \/>\n<link rel=\"canonical\" href=\"https:\/\/bantam-corpo.dev-bantam.ch\/de\/ihre-freiheit-und-sicherheit\/\" \/>\n<meta property=\"og:locale\" content=\"de_DE\" \/>\n<meta property=\"og:type\" content=\"article\" \/>\n<meta property=\"og:title\" content=\"Ihre Freiheit und Sicherheit - Bantam\" \/>\n<meta property=\"og:description\" content=\"M\u00f6chten Sie dem Alltag entfliehen? Durchqueren Sie die Schweiz mit dem Wohnmobil.\" \/>\n<meta property=\"og:url\" content=\"https:\/\/bantam-corpo.dev-bantam.ch\/de\/ihre-freiheit-und-sicherheit\/\" \/>\n<meta property=\"og:site_name\" content=\"Bantam\" \/>\n<meta property=\"article:published_time\" content=\"2020-04-29T13:35:00+00:00\" \/>\n<meta property=\"article:modified_time\" content=\"2024-07-08T12:50:51+00:00\" \/>\n<meta property=\"og:image\" content=\"http:\/\/bantam-corpo.dev-bantam.ch\/wp-content\/uploads\/2024\/06\/carado-partnership-843x562-w720h480.jpg\" \/>\n\t<meta property=\"og:image:width\" content=\"720\" \/>\n\t<meta property=\"og:image:height\" content=\"480\" \/>\n\t<meta property=\"og:image:type\" content=\"image\/jpeg\" \/>\n<meta name=\"author\" content=\"gilles\" \/>\n<meta name=\"twitter:card\" content=\"summary_large_image\" \/>\n<meta name=\"twitter:label1\" content=\"Written by\" \/>\n\t<meta name=\"twitter:data1\" content=\"gilles\" \/>\n\t<meta name=\"twitter:label2\" content=\"Est. reading time\" \/>\n\t<meta name=\"twitter:data2\" content=\"15 Minuten\" \/>\n<script type=\"application\/ld+json\" class=\"yoast-schema-graph\">{\"@context\":\"https:\\\/\\\/schema.org\",\"@graph\":[{\"@type\":\"Article\",\"@id\":\"https:\\\/\\\/bantam-corpo.dev-bantam.ch\\\/de\\\/ihre-freiheit-und-sicherheit\\\/#article\",\"isPartOf\":{\"@id\":\"https:\\\/\\\/bantam-corpo.dev-bantam.ch\\\/de\\\/ihre-freiheit-und-sicherheit\\\/\"},\"author\":{\"name\":\"gilles\",\"@id\":\"https:\\\/\\\/bantam-corpo.dev-bantam.ch\\\/de\\\/#\\\/schema\\\/person\\\/5ec32dca0d907db9d0c67843d1e1b47f\"},\"headline\":\"Ihre Freiheit und Sicherheit\",\"datePublished\":\"2020-04-29T13:35:00+00:00\",\"dateModified\":\"2024-07-08T12:50:51+00:00\",\"mainEntityOfPage\":{\"@id\":\"https:\\\/\\\/bantam-corpo.dev-bantam.ch\\\/de\\\/ihre-freiheit-und-sicherheit\\\/\"},\"wordCount\":2061,\"image\":{\"@id\":\"https:\\\/\\\/bantam-corpo.dev-bantam.ch\\\/de\\\/ihre-freiheit-und-sicherheit\\\/#primaryimage\"},\"thumbnailUrl\":\"https:\\\/\\\/bantam-corpo.dev-bantam.ch\\\/wp-content\\\/uploads\\\/2024\\\/06\\\/carado-partnership-843x562-w720h480.jpg\",\"articleSection\":[\"Informationen \\\/ Events\",\"Laden\"],\"inLanguage\":\"de-DE\"},{\"@type\":\"WebPage\",\"@id\":\"https:\\\/\\\/bantam-corpo.dev-bantam.ch\\\/de\\\/ihre-freiheit-und-sicherheit\\\/\",\"url\":\"https:\\\/\\\/bantam-corpo.dev-bantam.ch\\\/de\\\/ihre-freiheit-und-sicherheit\\\/\",\"name\":\"Ihre Freiheit und Sicherheit - Bantam\",\"isPartOf\":{\"@id\":\"https:\\\/\\\/bantam-corpo.dev-bantam.ch\\\/de\\\/#website\"},\"primaryImageOfPage\":{\"@id\":\"https:\\\/\\\/bantam-corpo.dev-bantam.ch\\\/de\\\/ihre-freiheit-und-sicherheit\\\/#primaryimage\"},\"image\":{\"@id\":\"https:\\\/\\\/bantam-corpo.dev-bantam.ch\\\/de\\\/ihre-freiheit-und-sicherheit\\\/#primaryimage\"},\"thumbnailUrl\":\"https:\\\/\\\/bantam-corpo.dev-bantam.ch\\\/wp-content\\\/uploads\\\/2024\\\/06\\\/carado-partnership-843x562-w720h480.jpg\",\"datePublished\":\"2020-04-29T13:35:00+00:00\",\"dateModified\":\"2024-07-08T12:50:51+00:00\",\"author\":{\"@id\":\"https:\\\/\\\/bantam-corpo.dev-bantam.ch\\\/de\\\/#\\\/schema\\\/person\\\/5ec32dca0d907db9d0c67843d1e1b47f\"},\"breadcrumb\":{\"@id\":\"https:\\\/\\\/bantam-corpo.dev-bantam.ch\\\/de\\\/ihre-freiheit-und-sicherheit\\\/#breadcrumb\"},\"inLanguage\":\"de-DE\",\"potentialAction\":[{\"@type\":\"ReadAction\",\"target\":[\"https:\\\/\\\/bantam-corpo.dev-bantam.ch\\\/de\\\/ihre-freiheit-und-sicherheit\\\/\"]}]},{\"@type\":\"ImageObject\",\"inLanguage\":\"de-DE\",\"@id\":\"https:\\\/\\\/bantam-corpo.dev-bantam.ch\\\/de\\\/ihre-freiheit-und-sicherheit\\\/#primaryimage\",\"url\":\"https:\\\/\\\/bantam-corpo.dev-bantam.ch\\\/wp-content\\\/uploads\\\/2024\\\/06\\\/carado-partnership-843x562-w720h480.jpg\",\"contentUrl\":\"https:\\\/\\\/bantam-corpo.dev-bantam.ch\\\/wp-content\\\/uploads\\\/2024\\\/06\\\/carado-partnership-843x562-w720h480.jpg\",\"width\":720,\"height\":480},{\"@type\":\"BreadcrumbList\",\"@id\":\"https:\\\/\\\/bantam-corpo.dev-bantam.ch\\\/de\\\/ihre-freiheit-und-sicherheit\\\/#breadcrumb\",\"itemListElement\":[{\"@type\":\"ListItem\",\"position\":1,\"name\":\"Home\",\"item\":\"https:\\\/\\\/bantam-corpo.dev-bantam.ch\\\/de\\\/\"},{\"@type\":\"ListItem\",\"position\":2,\"name\":\"Ihre Freiheit und Sicherheit\"}]},{\"@type\":\"WebSite\",\"@id\":\"https:\\\/\\\/bantam-corpo.dev-bantam.ch\\\/de\\\/#website\",\"url\":\"https:\\\/\\\/bantam-corpo.dev-bantam.ch\\\/de\\\/\",\"name\":\"Bantam\",\"description\":\"\",\"potentialAction\":[{\"@type\":\"SearchAction\",\"target\":{\"@type\":\"EntryPoint\",\"urlTemplate\":\"https:\\\/\\\/bantam-corpo.dev-bantam.ch\\\/de\\\/?s={search_term_string}\"},\"query-input\":{\"@type\":\"PropertyValueSpecification\",\"valueRequired\":true,\"valueName\":\"search_term_string\"}}],\"inLanguage\":\"de-DE\"},{\"@type\":\"Person\",\"@id\":\"https:\\\/\\\/bantam-corpo.dev-bantam.ch\\\/de\\\/#\\\/schema\\\/person\\\/5ec32dca0d907db9d0c67843d1e1b47f\",\"name\":\"gilles\",\"image\":{\"@type\":\"ImageObject\",\"inLanguage\":\"de-DE\",\"@id\":\"https:\\\/\\\/secure.gravatar.com\\\/avatar\\\/df2d89d22fbd99c8419e05386f0ccb4a5cfc4584b3f8cf2ce5f94d300cc7c08e?s=96&d=mm&r=g\",\"url\":\"https:\\\/\\\/secure.gravatar.com\\\/avatar\\\/df2d89d22fbd99c8419e05386f0ccb4a5cfc4584b3f8cf2ce5f94d300cc7c08e?s=96&d=mm&r=g\",\"contentUrl\":\"https:\\\/\\\/secure.gravatar.com\\\/avatar\\\/df2d89d22fbd99c8419e05386f0ccb4a5cfc4584b3f8cf2ce5f94d300cc7c08e?s=96&d=mm&r=g\",\"caption\":\"gilles\"},\"url\":\"https:\\\/\\\/bantam-corpo.dev-bantam.ch\\\/de\\\/author\\\/gilles\\\/\"}]}<\/script>\n<!-- \/ Yoast SEO plugin. -->","yoast_head_json":{"title":"Ihre Freiheit und Sicherheit - Bantam","robots":{"index":"index","follow":"follow","max-snippet":"max-snippet:-1","max-image-preview":"max-image-preview:large","max-video-preview":"max-video-preview:-1"},"canonical":"https:\/\/bantam-corpo.dev-bantam.ch\/de\/ihre-freiheit-und-sicherheit\/","og_locale":"de_DE","og_type":"article","og_title":"Ihre Freiheit und Sicherheit - Bantam","og_description":"M\u00f6chten Sie dem Alltag entfliehen? Durchqueren Sie die Schweiz mit dem Wohnmobil.","og_url":"https:\/\/bantam-corpo.dev-bantam.ch\/de\/ihre-freiheit-und-sicherheit\/","og_site_name":"Bantam","article_published_time":"2020-04-29T13:35:00+00:00","article_modified_time":"2024-07-08T12:50:51+00:00","og_image":[{"width":720,"height":480,"url":"http:\/\/bantam-corpo.dev-bantam.ch\/wp-content\/uploads\/2024\/06\/carado-partnership-843x562-w720h480.jpg","type":"image\/jpeg"}],"author":"gilles","twitter_card":"summary_large_image","twitter_misc":{"Written by":"gilles","Est. reading time":"15 Minuten"},"schema":{"@context":"https:\/\/schema.org","@graph":[{"@type":"Article","@id":"https:\/\/bantam-corpo.dev-bantam.ch\/de\/ihre-freiheit-und-sicherheit\/#article","isPartOf":{"@id":"https:\/\/bantam-corpo.dev-bantam.ch\/de\/ihre-freiheit-und-sicherheit\/"},"author":{"name":"gilles","@id":"https:\/\/bantam-corpo.dev-bantam.ch\/de\/#\/schema\/person\/5ec32dca0d907db9d0c67843d1e1b47f"},"headline":"Ihre Freiheit und Sicherheit","datePublished":"2020-04-29T13:35:00+00:00","dateModified":"2024-07-08T12:50:51+00:00","mainEntityOfPage":{"@id":"https:\/\/bantam-corpo.dev-bantam.ch\/de\/ihre-freiheit-und-sicherheit\/"},"wordCount":2061,"image":{"@id":"https:\/\/bantam-corpo.dev-bantam.ch\/de\/ihre-freiheit-und-sicherheit\/#primaryimage"},"thumbnailUrl":"https:\/\/bantam-corpo.dev-bantam.ch\/wp-content\/uploads\/2024\/06\/carado-partnership-843x562-w720h480.jpg","articleSection":["Informationen \/ Events","Laden"],"inLanguage":"de-DE"},{"@type":"WebPage","@id":"https:\/\/bantam-corpo.dev-bantam.ch\/de\/ihre-freiheit-und-sicherheit\/","url":"https:\/\/bantam-corpo.dev-bantam.ch\/de\/ihre-freiheit-und-sicherheit\/","name":"Ihre Freiheit und Sicherheit - Bantam","isPartOf":{"@id":"https:\/\/bantam-corpo.dev-bantam.ch\/de\/#website"},"primaryImageOfPage":{"@id":"https:\/\/bantam-corpo.dev-bantam.ch\/de\/ihre-freiheit-und-sicherheit\/#primaryimage"},"image":{"@id":"https:\/\/bantam-corpo.dev-bantam.ch\/de\/ihre-freiheit-und-sicherheit\/#primaryimage"},"thumbnailUrl":"https:\/\/bantam-corpo.dev-bantam.ch\/wp-content\/uploads\/2024\/06\/carado-partnership-843x562-w720h480.jpg","datePublished":"2020-04-29T13:35:00+00:00","dateModified":"2024-07-08T12:50:51+00:00","author":{"@id":"https:\/\/bantam-corpo.dev-bantam.ch\/de\/#\/schema\/person\/5ec32dca0d907db9d0c67843d1e1b47f"},"breadcrumb":{"@id":"https:\/\/bantam-corpo.dev-bantam.ch\/de\/ihre-freiheit-und-sicherheit\/#breadcrumb"},"inLanguage":"de-DE","potentialAction":[{"@type":"ReadAction","target":["https:\/\/bantam-corpo.dev-bantam.ch\/de\/ihre-freiheit-und-sicherheit\/"]}]},{"@type":"ImageObject","inLanguage":"de-DE","@id":"https:\/\/bantam-corpo.dev-bantam.ch\/de\/ihre-freiheit-und-sicherheit\/#primaryimage","url":"https:\/\/bantam-corpo.dev-bantam.ch\/wp-content\/uploads\/2024\/06\/carado-partnership-843x562-w720h480.jpg","contentUrl":"https:\/\/bantam-corpo.dev-bantam.ch\/wp-content\/uploads\/2024\/06\/carado-partnership-843x562-w720h480.jpg","width":720,"height":480},{"@type":"BreadcrumbList","@id":"https:\/\/bantam-corpo.dev-bantam.ch\/de\/ihre-freiheit-und-sicherheit\/#breadcrumb","itemListElement":[{"@type":"ListItem","position":1,"name":"Home","item":"https:\/\/bantam-corpo.dev-bantam.ch\/de\/"},{"@type":"ListItem","position":2,"name":"Ihre Freiheit und Sicherheit"}]},{"@type":"WebSite","@id":"https:\/\/bantam-corpo.dev-bantam.ch\/de\/#website","url":"https:\/\/bantam-corpo.dev-bantam.ch\/de\/","name":"Bantam","description":"","potentialAction":[{"@type":"SearchAction","target":{"@type":"EntryPoint","urlTemplate":"https:\/\/bantam-corpo.dev-bantam.ch\/de\/?s={search_term_string}"},"query-input":{"@type":"PropertyValueSpecification","valueRequired":true,"valueName":"search_term_string"}}],"inLanguage":"de-DE"},{"@type":"Person","@id":"https:\/\/bantam-corpo.dev-bantam.ch\/de\/#\/schema\/person\/5ec32dca0d907db9d0c67843d1e1b47f","name":"gilles","image":{"@type":"ImageObject","inLanguage":"de-DE","@id":"https:\/\/secure.gravatar.com\/avatar\/df2d89d22fbd99c8419e05386f0ccb4a5cfc4584b3f8cf2ce5f94d300cc7c08e?s=96&d=mm&r=g","url":"https:\/\/secure.gravatar.com\/avatar\/df2d89d22fbd99c8419e05386f0ccb4a5cfc4584b3f8cf2ce5f94d300cc7c08e?s=96&d=mm&r=g","contentUrl":"https:\/\/secure.gravatar.com\/avatar\/df2d89d22fbd99c8419e05386f0ccb4a5cfc4584b3f8cf2ce5f94d300cc7c08e?s=96&d=mm&r=g","caption":"gilles"},"url":"https:\/\/bantam-corpo.dev-bantam.ch\/de\/author\/gilles\/"}]}},"publishpress_future_action":{"enabled":false,"date":"2026-05-06 12:55:40","action":"change-status","newStatus":"draft","terms":[],"taxonomy":"category","extraData":[]},"publishpress_future_workflow_manual_trigger":{"enabledWorkflows":[]},"featured_image_url":"https:\/\/bantam-corpo.dev-bantam.ch\/wp-content\/uploads\/2024\/06\/carado-partnership-843x562-w720h480.jpg","permalink":"https:\/\/bantam-corpo.dev-bantam.ch\/de\/ihre-freiheit-und-sicherheit\/","lang":"de","_links":{"self":[{"href":"https:\/\/bantam-corpo.dev-bantam.ch\/de\/wp-json\/wp\/v2\/posts\/2551","targetHints":{"allow":["GET"]}}],"collection":[{"href":"https:\/\/bantam-corpo.dev-bantam.ch\/de\/wp-json\/wp\/v2\/posts"}],"about":[{"href":"https:\/\/bantam-corpo.dev-bantam.ch\/de\/wp-json\/wp\/v2\/types\/post"}],"author":[{"embeddable":true,"href":"https:\/\/bantam-corpo.dev-bantam.ch\/de\/wp-json\/wp\/v2\/users\/5"}],"replies":[{"embeddable":true,"href":"https:\/\/bantam-corpo.dev-bantam.ch\/de\/wp-json\/wp\/v2\/comments?post=2551"}],"version-history":[{"count":1,"href":"https:\/\/bantam-corpo.dev-bantam.ch\/de\/wp-json\/wp\/v2\/posts\/2551\/revisions"}],"predecessor-version":[{"id":2580,"href":"https:\/\/bantam-corpo.dev-bantam.ch\/de\/wp-json\/wp\/v2\/posts\/2551\/revisions\/2580"}],"wp:featuredmedia":[{"embeddable":true,"href":"https:\/\/bantam-corpo.dev-bantam.ch\/de\/wp-json\/wp\/v2\/media\/1692"}],"wp:attachment":[{"href":"https:\/\/bantam-corpo.dev-bantam.ch\/de\/wp-json\/wp\/v2\/media?parent=2551"}],"wp:term":[{"taxonomy":"category","embeddable":true,"href":"https:\/\/bantam-corpo.dev-bantam.ch\/de\/wp-json\/wp\/v2\/categories?post=2551"},{"taxonomy":"post_tag","embeddable":true,"href":"https:\/\/bantam-corpo.dev-bantam.ch\/de\/wp-json\/wp\/v2\/tags?post=2551"}],"curies":[{"name":"wp","href":"https:\/\/api.w.org\/{rel}","templated":true}]}}