{"id":2540,"date":"2020-07-31T13:47:00","date_gmt":"2020-07-31T11:47:00","guid":{"rendered":"https:\/\/bantam-corpo.dev-bantam.ch\/portes-ouvertes-dete-2020\/"},"modified":"2024-07-08T14:18:57","modified_gmt":"2024-07-08T12:18:57","slug":"sommerausstellung-2020","status":"publish","type":"post","link":"https:\/\/bantam-corpo.dev-bantam.ch\/de\/sommerausstellung-2020\/","title":{"rendered":"Sommerausstellung 2020"},"content":{"rendered":"\n<figure class=\"wp-block-image size-full\"><img loading=\"lazy\" decoding=\"async\" width=\"720\" height=\"480\" src=\"https:\/\/bantam-corpo.dev-bantam.ch\/wp-content\/uploads\/2024\/06\/2020aoutnews-w720h480.jpg\" alt=\"\" class=\"wp-image-619\" srcset=\"https:\/\/bantam-corpo.dev-bantam.ch\/wp-content\/uploads\/2024\/06\/2020aoutnews-w720h480.jpg 720w, https:\/\/bantam-corpo.dev-bantam.ch\/wp-content\/uploads\/2024\/06\/2020aoutnews-w720h480-300x200.jpg 300w\" sizes=\"auto, (max-width: 720px) 100vw, 720px\" \/><\/figure>\n\n\n\n<p>Es lebe der Sommer und mit interessanten Sonder-Angeboten!<\/p>\n\n\n\n<p>Gerne pr\u00e4sentieren wir Ihnen anl\u00e4sslich unserer Sommerausstellung viele interessante<strong>&nbsp;Sonder-Angebote<\/strong>: Aus einer Vielzahl an Bantam Sondermodellen und interessanten Ausstellungsfahrzeugen, finden Sie bestimmt ein passendes Campingfahrzeug, um Ihre Tr\u00e4ume zu erf\u00fcllen!<\/p>\n\n\n\n<p>Ob Camper-Van, Reisemobil oder Wohnwagen, das f\u00fcr sie passende Modell werden sie bestimmt bei uns finden. Unsere \u00ab<strong>T\u00fcren<\/strong>\u00bb stehen f\u00fcr sie offen!<\/p>\n\n\n\n<p>Wir haben unsere regul\u00e4ren Verkaufspreise bereits an den g\u00fcnstigen Euro-Kurs angepasst und bieten Ihnen noch zus\u00e4tzlichen einen \u20ac Rabatt auf unsere Ausstellungsfahrzeuge an.<\/p>\n\n\n\n<p>Es erwarten sie in Bezug auf Vielfalt und Preise viel interessante \u00dcberraschungen. Unser Verkaufs-Team freut sich auf ihren Besuch und steht ihnen gerne beratend zur Verf\u00fcgung.<\/p>\n\n\n\n<p>In unserem Camping-Shop finden sie eine grosse Auswahl an interessantem Zubeh\u00f6r und Sie erhalten&nbsp;<strong>10% Rabatt<\/strong>&nbsp;(ausgenommen Sonderangebote und bereits reduzierte Verkaufsartikel).<\/p>\n\n\n\n<p>Angesichts der aktuellen Situation werden wir unsere traditionelle Grill- und Verpflegungsstation und unser Festzelt nicht \u00f6ffnen. Getr\u00e4nke und Sandwiches werden wir ihnen jedoch gerne offerieren.<\/p>\n\n\n\n<p><strong>Ausstellungstermine:<\/strong><\/p>\n\n\n\n<p>Hindelbank\/BE: vom Freitag 07. bis Montag 10. August 2020&nbsp;<\/p>\n\n\n\n<p>Etagni\u00e8res\/VD: vom Freitag 14. bis Montag 17. August 2020&nbsp;<\/p>\n\n\n\n<p>Urdorf\/ZH: vom Freitag 14. bis Montag 17. August 2020&nbsp;<\/p>\n\n\n\n<p><strong>\u00d6ffnungszeiten: &nbsp;Etagni\u00e8res\/VD,&nbsp;Hindelbank\/BE und Urdorf\/ZH :<\/strong><\/p>\n\n\n\n<p>Freitag: 9h &#8211; 20h<\/p>\n\n\n\n<p>Samstag: 9h &#8211; 17h<\/p>\n\n\n\n<p>Sonntag: 10h &#8211; 17h<\/p>\n\n\n\n<p>Montag: 8h30 &#8211; 18h30<\/p>\n\n\n\n<p>Das gesamte Bantam-Team freut sich auf Ihren Besuch.<\/p>\n","protected":false},"excerpt":{"rendered":"<p>Es lebe der Sommer und mit interessanten Sonder-Angeboten!<\/p>\n","protected":false},"author":5,"featured_media":1670,"comment_status":"closed","ping_status":"closed","sticky":false,"template":"","format":"standard","meta":{"_acf_changed":false,"footnotes":""},"categories":[18],"tags":[],"class_list":["post-2540","post","type-post","status-publish","format-standard","has-post-thumbnail","hentry","category-informationen-events"],"acf":[],"yoast_head":"<!-- This site is optimized with the Yoast SEO plugin v27.4 - https:\/\/yoast.com\/product\/yoast-seo-wordpress\/ -->\n<title>Sommerausstellung 2020 - Bantam<\/title>\n<meta name=\"robots\" content=\"index, follow, max-snippet:-1, max-image-preview:large, max-video-preview:-1\" \/>\n<link rel=\"canonical\" href=\"https:\/\/bantam-corpo.dev-bantam.ch\/de\/sommerausstellung-2020\/\" \/>\n<meta property=\"og:locale\" content=\"de_DE\" \/>\n<meta property=\"og:type\" content=\"article\" \/>\n<meta property=\"og:title\" content=\"Sommerausstellung 2020 - Bantam\" \/>\n<meta property=\"og:description\" content=\"Es lebe der Sommer und mit interessanten Sonder-Angeboten!\" \/>\n<meta property=\"og:url\" content=\"https:\/\/bantam-corpo.dev-bantam.ch\/de\/sommerausstellung-2020\/\" \/>\n<meta property=\"og:site_name\" content=\"Bantam\" \/>\n<meta property=\"article:published_time\" content=\"2020-07-31T11:47:00+00:00\" \/>\n<meta property=\"article:modified_time\" content=\"2024-07-08T12:18:57+00:00\" \/>\n<meta property=\"og:image\" content=\"http:\/\/bantam-corpo.dev-bantam.ch\/wp-content\/uploads\/2024\/06\/2020aoutnews-w720h480.jpg\" \/>\n\t<meta property=\"og:image:width\" content=\"720\" \/>\n\t<meta property=\"og:image:height\" content=\"480\" \/>\n\t<meta property=\"og:image:type\" content=\"image\/jpeg\" \/>\n<meta name=\"author\" content=\"gilles\" \/>\n<meta name=\"twitter:card\" content=\"summary_large_image\" \/>\n<meta name=\"twitter:label1\" content=\"Written by\" \/>\n\t<meta name=\"twitter:data1\" content=\"gilles\" \/>\n\t<meta name=\"twitter:label2\" content=\"Est. reading time\" \/>\n\t<meta name=\"twitter:data2\" content=\"2 Minuten\" \/>\n<script type=\"application\/ld+json\" class=\"yoast-schema-graph\">{\"@context\":\"https:\\\/\\\/schema.org\",\"@graph\":[{\"@type\":\"Article\",\"@id\":\"https:\\\/\\\/bantam-corpo.dev-bantam.ch\\\/de\\\/sommerausstellung-2020\\\/#article\",\"isPartOf\":{\"@id\":\"https:\\\/\\\/bantam-corpo.dev-bantam.ch\\\/de\\\/sommerausstellung-2020\\\/\"},\"author\":{\"name\":\"gilles\",\"@id\":\"https:\\\/\\\/bantam-corpo.dev-bantam.ch\\\/de\\\/#\\\/schema\\\/person\\\/5ec32dca0d907db9d0c67843d1e1b47f\"},\"headline\":\"Sommerausstellung 2020\",\"datePublished\":\"2020-07-31T11:47:00+00:00\",\"dateModified\":\"2024-07-08T12:18:57+00:00\",\"mainEntityOfPage\":{\"@id\":\"https:\\\/\\\/bantam-corpo.dev-bantam.ch\\\/de\\\/sommerausstellung-2020\\\/\"},\"wordCount\":232,\"image\":{\"@id\":\"https:\\\/\\\/bantam-corpo.dev-bantam.ch\\\/de\\\/sommerausstellung-2020\\\/#primaryimage\"},\"thumbnailUrl\":\"https:\\\/\\\/bantam-corpo.dev-bantam.ch\\\/wp-content\\\/uploads\\\/2024\\\/06\\\/2020aoutnews-w720h480.jpg\",\"articleSection\":[\"Informationen \\\/ Events\"],\"inLanguage\":\"de-DE\"},{\"@type\":\"WebPage\",\"@id\":\"https:\\\/\\\/bantam-corpo.dev-bantam.ch\\\/de\\\/sommerausstellung-2020\\\/\",\"url\":\"https:\\\/\\\/bantam-corpo.dev-bantam.ch\\\/de\\\/sommerausstellung-2020\\\/\",\"name\":\"Sommerausstellung 2020 - Bantam\",\"isPartOf\":{\"@id\":\"https:\\\/\\\/bantam-corpo.dev-bantam.ch\\\/de\\\/#website\"},\"primaryImageOfPage\":{\"@id\":\"https:\\\/\\\/bantam-corpo.dev-bantam.ch\\\/de\\\/sommerausstellung-2020\\\/#primaryimage\"},\"image\":{\"@id\":\"https:\\\/\\\/bantam-corpo.dev-bantam.ch\\\/de\\\/sommerausstellung-2020\\\/#primaryimage\"},\"thumbnailUrl\":\"https:\\\/\\\/bantam-corpo.dev-bantam.ch\\\/wp-content\\\/uploads\\\/2024\\\/06\\\/2020aoutnews-w720h480.jpg\",\"datePublished\":\"2020-07-31T11:47:00+00:00\",\"dateModified\":\"2024-07-08T12:18:57+00:00\",\"author\":{\"@id\":\"https:\\\/\\\/bantam-corpo.dev-bantam.ch\\\/de\\\/#\\\/schema\\\/person\\\/5ec32dca0d907db9d0c67843d1e1b47f\"},\"breadcrumb\":{\"@id\":\"https:\\\/\\\/bantam-corpo.dev-bantam.ch\\\/de\\\/sommerausstellung-2020\\\/#breadcrumb\"},\"inLanguage\":\"de-DE\",\"potentialAction\":[{\"@type\":\"ReadAction\",\"target\":[\"https:\\\/\\\/bantam-corpo.dev-bantam.ch\\\/de\\\/sommerausstellung-2020\\\/\"]}]},{\"@type\":\"ImageObject\",\"inLanguage\":\"de-DE\",\"@id\":\"https:\\\/\\\/bantam-corpo.dev-bantam.ch\\\/de\\\/sommerausstellung-2020\\\/#primaryimage\",\"url\":\"https:\\\/\\\/bantam-corpo.dev-bantam.ch\\\/wp-content\\\/uploads\\\/2024\\\/06\\\/2020aoutnews-w720h480.jpg\",\"contentUrl\":\"https:\\\/\\\/bantam-corpo.dev-bantam.ch\\\/wp-content\\\/uploads\\\/2024\\\/06\\\/2020aoutnews-w720h480.jpg\",\"width\":720,\"height\":480},{\"@type\":\"BreadcrumbList\",\"@id\":\"https:\\\/\\\/bantam-corpo.dev-bantam.ch\\\/de\\\/sommerausstellung-2020\\\/#breadcrumb\",\"itemListElement\":[{\"@type\":\"ListItem\",\"position\":1,\"name\":\"Home\",\"item\":\"https:\\\/\\\/bantam-corpo.dev-bantam.ch\\\/de\\\/\"},{\"@type\":\"ListItem\",\"position\":2,\"name\":\"Sommerausstellung 2020\"}]},{\"@type\":\"WebSite\",\"@id\":\"https:\\\/\\\/bantam-corpo.dev-bantam.ch\\\/de\\\/#website\",\"url\":\"https:\\\/\\\/bantam-corpo.dev-bantam.ch\\\/de\\\/\",\"name\":\"Bantam\",\"description\":\"\",\"potentialAction\":[{\"@type\":\"SearchAction\",\"target\":{\"@type\":\"EntryPoint\",\"urlTemplate\":\"https:\\\/\\\/bantam-corpo.dev-bantam.ch\\\/de\\\/?s={search_term_string}\"},\"query-input\":{\"@type\":\"PropertyValueSpecification\",\"valueRequired\":true,\"valueName\":\"search_term_string\"}}],\"inLanguage\":\"de-DE\"},{\"@type\":\"Person\",\"@id\":\"https:\\\/\\\/bantam-corpo.dev-bantam.ch\\\/de\\\/#\\\/schema\\\/person\\\/5ec32dca0d907db9d0c67843d1e1b47f\",\"name\":\"gilles\",\"image\":{\"@type\":\"ImageObject\",\"inLanguage\":\"de-DE\",\"@id\":\"https:\\\/\\\/secure.gravatar.com\\\/avatar\\\/df2d89d22fbd99c8419e05386f0ccb4a5cfc4584b3f8cf2ce5f94d300cc7c08e?s=96&d=mm&r=g\",\"url\":\"https:\\\/\\\/secure.gravatar.com\\\/avatar\\\/df2d89d22fbd99c8419e05386f0ccb4a5cfc4584b3f8cf2ce5f94d300cc7c08e?s=96&d=mm&r=g\",\"contentUrl\":\"https:\\\/\\\/secure.gravatar.com\\\/avatar\\\/df2d89d22fbd99c8419e05386f0ccb4a5cfc4584b3f8cf2ce5f94d300cc7c08e?s=96&d=mm&r=g\",\"caption\":\"gilles\"},\"url\":\"https:\\\/\\\/bantam-corpo.dev-bantam.ch\\\/de\\\/author\\\/gilles\\\/\"}]}<\/script>\n<!-- \/ Yoast SEO plugin. -->","yoast_head_json":{"title":"Sommerausstellung 2020 - Bantam","robots":{"index":"index","follow":"follow","max-snippet":"max-snippet:-1","max-image-preview":"max-image-preview:large","max-video-preview":"max-video-preview:-1"},"canonical":"https:\/\/bantam-corpo.dev-bantam.ch\/de\/sommerausstellung-2020\/","og_locale":"de_DE","og_type":"article","og_title":"Sommerausstellung 2020 - Bantam","og_description":"Es lebe der Sommer und mit interessanten Sonder-Angeboten!","og_url":"https:\/\/bantam-corpo.dev-bantam.ch\/de\/sommerausstellung-2020\/","og_site_name":"Bantam","article_published_time":"2020-07-31T11:47:00+00:00","article_modified_time":"2024-07-08T12:18:57+00:00","og_image":[{"width":720,"height":480,"url":"http:\/\/bantam-corpo.dev-bantam.ch\/wp-content\/uploads\/2024\/06\/2020aoutnews-w720h480.jpg","type":"image\/jpeg"}],"author":"gilles","twitter_card":"summary_large_image","twitter_misc":{"Written by":"gilles","Est. reading time":"2 Minuten"},"schema":{"@context":"https:\/\/schema.org","@graph":[{"@type":"Article","@id":"https:\/\/bantam-corpo.dev-bantam.ch\/de\/sommerausstellung-2020\/#article","isPartOf":{"@id":"https:\/\/bantam-corpo.dev-bantam.ch\/de\/sommerausstellung-2020\/"},"author":{"name":"gilles","@id":"https:\/\/bantam-corpo.dev-bantam.ch\/de\/#\/schema\/person\/5ec32dca0d907db9d0c67843d1e1b47f"},"headline":"Sommerausstellung 2020","datePublished":"2020-07-31T11:47:00+00:00","dateModified":"2024-07-08T12:18:57+00:00","mainEntityOfPage":{"@id":"https:\/\/bantam-corpo.dev-bantam.ch\/de\/sommerausstellung-2020\/"},"wordCount":232,"image":{"@id":"https:\/\/bantam-corpo.dev-bantam.ch\/de\/sommerausstellung-2020\/#primaryimage"},"thumbnailUrl":"https:\/\/bantam-corpo.dev-bantam.ch\/wp-content\/uploads\/2024\/06\/2020aoutnews-w720h480.jpg","articleSection":["Informationen \/ Events"],"inLanguage":"de-DE"},{"@type":"WebPage","@id":"https:\/\/bantam-corpo.dev-bantam.ch\/de\/sommerausstellung-2020\/","url":"https:\/\/bantam-corpo.dev-bantam.ch\/de\/sommerausstellung-2020\/","name":"Sommerausstellung 2020 - Bantam","isPartOf":{"@id":"https:\/\/bantam-corpo.dev-bantam.ch\/de\/#website"},"primaryImageOfPage":{"@id":"https:\/\/bantam-corpo.dev-bantam.ch\/de\/sommerausstellung-2020\/#primaryimage"},"image":{"@id":"https:\/\/bantam-corpo.dev-bantam.ch\/de\/sommerausstellung-2020\/#primaryimage"},"thumbnailUrl":"https:\/\/bantam-corpo.dev-bantam.ch\/wp-content\/uploads\/2024\/06\/2020aoutnews-w720h480.jpg","datePublished":"2020-07-31T11:47:00+00:00","dateModified":"2024-07-08T12:18:57+00:00","author":{"@id":"https:\/\/bantam-corpo.dev-bantam.ch\/de\/#\/schema\/person\/5ec32dca0d907db9d0c67843d1e1b47f"},"breadcrumb":{"@id":"https:\/\/bantam-corpo.dev-bantam.ch\/de\/sommerausstellung-2020\/#breadcrumb"},"inLanguage":"de-DE","potentialAction":[{"@type":"ReadAction","target":["https:\/\/bantam-corpo.dev-bantam.ch\/de\/sommerausstellung-2020\/"]}]},{"@type":"ImageObject","inLanguage":"de-DE","@id":"https:\/\/bantam-corpo.dev-bantam.ch\/de\/sommerausstellung-2020\/#primaryimage","url":"https:\/\/bantam-corpo.dev-bantam.ch\/wp-content\/uploads\/2024\/06\/2020aoutnews-w720h480.jpg","contentUrl":"https:\/\/bantam-corpo.dev-bantam.ch\/wp-content\/uploads\/2024\/06\/2020aoutnews-w720h480.jpg","width":720,"height":480},{"@type":"BreadcrumbList","@id":"https:\/\/bantam-corpo.dev-bantam.ch\/de\/sommerausstellung-2020\/#breadcrumb","itemListElement":[{"@type":"ListItem","position":1,"name":"Home","item":"https:\/\/bantam-corpo.dev-bantam.ch\/de\/"},{"@type":"ListItem","position":2,"name":"Sommerausstellung 2020"}]},{"@type":"WebSite","@id":"https:\/\/bantam-corpo.dev-bantam.ch\/de\/#website","url":"https:\/\/bantam-corpo.dev-bantam.ch\/de\/","name":"Bantam","description":"","potentialAction":[{"@type":"SearchAction","target":{"@type":"EntryPoint","urlTemplate":"https:\/\/bantam-corpo.dev-bantam.ch\/de\/?s={search_term_string}"},"query-input":{"@type":"PropertyValueSpecification","valueRequired":true,"valueName":"search_term_string"}}],"inLanguage":"de-DE"},{"@type":"Person","@id":"https:\/\/bantam-corpo.dev-bantam.ch\/de\/#\/schema\/person\/5ec32dca0d907db9d0c67843d1e1b47f","name":"gilles","image":{"@type":"ImageObject","inLanguage":"de-DE","@id":"https:\/\/secure.gravatar.com\/avatar\/df2d89d22fbd99c8419e05386f0ccb4a5cfc4584b3f8cf2ce5f94d300cc7c08e?s=96&d=mm&r=g","url":"https:\/\/secure.gravatar.com\/avatar\/df2d89d22fbd99c8419e05386f0ccb4a5cfc4584b3f8cf2ce5f94d300cc7c08e?s=96&d=mm&r=g","contentUrl":"https:\/\/secure.gravatar.com\/avatar\/df2d89d22fbd99c8419e05386f0ccb4a5cfc4584b3f8cf2ce5f94d300cc7c08e?s=96&d=mm&r=g","caption":"gilles"},"url":"https:\/\/bantam-corpo.dev-bantam.ch\/de\/author\/gilles\/"}]}},"publishpress_future_action":{"enabled":false,"date":"2026-05-06 15:25:28","action":"change-status","newStatus":"draft","terms":[],"taxonomy":"category","extraData":[]},"publishpress_future_workflow_manual_trigger":{"enabledWorkflows":[]},"featured_image_url":"https:\/\/bantam-corpo.dev-bantam.ch\/wp-content\/uploads\/2024\/06\/2020aoutnews-w720h480.jpg","permalink":"https:\/\/bantam-corpo.dev-bantam.ch\/de\/sommerausstellung-2020\/","lang":"de","_links":{"self":[{"href":"https:\/\/bantam-corpo.dev-bantam.ch\/de\/wp-json\/wp\/v2\/posts\/2540","targetHints":{"allow":["GET"]}}],"collection":[{"href":"https:\/\/bantam-corpo.dev-bantam.ch\/de\/wp-json\/wp\/v2\/posts"}],"about":[{"href":"https:\/\/bantam-corpo.dev-bantam.ch\/de\/wp-json\/wp\/v2\/types\/post"}],"author":[{"embeddable":true,"href":"https:\/\/bantam-corpo.dev-bantam.ch\/de\/wp-json\/wp\/v2\/users\/5"}],"replies":[{"embeddable":true,"href":"https:\/\/bantam-corpo.dev-bantam.ch\/de\/wp-json\/wp\/v2\/comments?post=2540"}],"version-history":[{"count":1,"href":"https:\/\/bantam-corpo.dev-bantam.ch\/de\/wp-json\/wp\/v2\/posts\/2540\/revisions"}],"predecessor-version":[{"id":2565,"href":"https:\/\/bantam-corpo.dev-bantam.ch\/de\/wp-json\/wp\/v2\/posts\/2540\/revisions\/2565"}],"wp:featuredmedia":[{"embeddable":true,"href":"https:\/\/bantam-corpo.dev-bantam.ch\/de\/wp-json\/wp\/v2\/media\/1670"}],"wp:attachment":[{"href":"https:\/\/bantam-corpo.dev-bantam.ch\/de\/wp-json\/wp\/v2\/media?parent=2540"}],"wp:term":[{"taxonomy":"category","embeddable":true,"href":"https:\/\/bantam-corpo.dev-bantam.ch\/de\/wp-json\/wp\/v2\/categories?post=2540"},{"taxonomy":"post_tag","embeddable":true,"href":"https:\/\/bantam-corpo.dev-bantam.ch\/de\/wp-json\/wp\/v2\/tags?post=2540"}],"curies":[{"name":"wp","href":"https:\/\/api.w.org\/{rel}","templated":true}]}}