{"id":2533,"date":"2020-10-01T13:29:00","date_gmt":"2020-10-01T11:29:00","guid":{"rendered":"https:\/\/bantam-corpo.dev-bantam.ch\/pensez-a-les-couvrir\/"},"modified":"2024-07-08T14:11:17","modified_gmt":"2024-07-08T12:11:17","slug":"denken-sie-daran-ihr-fahrzeug-abzudecken","status":"publish","type":"post","link":"https:\/\/bantam-corpo.dev-bantam.ch\/de\/denken-sie-daran-ihr-fahrzeug-abzudecken\/","title":{"rendered":"Denken Sie daran, Ihr Fahrzeug abzudecken!"},"content":{"rendered":"\n<figure class=\"wp-block-image size-full\"><img loading=\"lazy\" decoding=\"async\" width=\"720\" height=\"480\" src=\"https:\/\/bantam-corpo.dev-bantam.ch\/wp-content\/uploads\/2024\/06\/994141311-w720h480.jpg\" alt=\"\" class=\"wp-image-590\" srcset=\"https:\/\/bantam-corpo.dev-bantam.ch\/wp-content\/uploads\/2024\/06\/994141311-w720h480.jpg 720w, https:\/\/bantam-corpo.dev-bantam.ch\/wp-content\/uploads\/2024\/06\/994141311-w720h480-300x200.jpg 300w\" sizes=\"auto, (max-width: 720px) 100vw, 720px\" \/><\/figure>\n\n\n\n<p>Ein Schutz f\u00fcr unsere kostbaren Campingfahrzeuge<\/p>\n\n\n\n<p>Szenenwechsel: Das sch\u00f6ne Sommergr\u00fcn weicht dem \u201eIndian summer\u201c.<\/p>\n\n\n\n<p>Wie jedes Jahr im Herbst senken sich die Temperaturen und n\u00e4hern sich der Frostgrenze. F\u00fcr viele Camper kein Grund, trotz Nebel und k\u00fchlen Temperaturen am Morgen, Campingausfl\u00fcge zu unternehmen. F\u00fcr die Anderen ist es aber an der Zeit, ihre kostbaren Campingfahrzeuge einzuwintern.<\/p>\n\n\n\n<p>Vor Einbruch des Winters ist es ratsam, das im Freien stehende Campingfahrzeug mit einer Plane vor \u00e4usseren Einfl\u00fcssen, wie Schmutz, Regen, K\u00e4lte, Schnee oder gar Hagel, zu sch\u00fctzen.<\/p>\n\n\n\n<figure class=\"wp-block-image size-full\"><img loading=\"lazy\" decoding=\"async\" width=\"640\" height=\"640\" src=\"https:\/\/bantam-corpo.dev-bantam.ch\/wp-content\/uploads\/2024\/06\/housse-pour-camping-car-bache-de-protection-couv-w640.jpg\" alt=\"\" class=\"wp-image-591\" srcset=\"https:\/\/bantam-corpo.dev-bantam.ch\/wp-content\/uploads\/2024\/06\/housse-pour-camping-car-bache-de-protection-couv-w640.jpg 640w, https:\/\/bantam-corpo.dev-bantam.ch\/wp-content\/uploads\/2024\/06\/housse-pour-camping-car-bache-de-protection-couv-w640-300x300.jpg 300w, https:\/\/bantam-corpo.dev-bantam.ch\/wp-content\/uploads\/2024\/06\/housse-pour-camping-car-bache-de-protection-couv-w640-150x150.jpg 150w\" sizes=\"auto, (max-width: 640px) 100vw, 640px\" \/><\/figure>\n\n\n\n<p>Die ideale Plane muss verschiedene Eigenschaften bieten, wie zum Beispiel:<\/p>\n\n\n\n<p>&#8211; Undurchl\u00e4ssigkeit: sie muss Schmutz, Wasser, Schnee und Eis abhalten und atmungsaktiv sein. Das verhindert die Bildung von Kondenswasser unter der Plane, was dem Fahrzeug schaden k\u00f6nnte<\/p>\n\n\n\n<p>&#8211; Haltbarkeit: sie muss lange haltbar, leicht, reissfest, UV-stabil und im Handling einfach sein<\/p>\n\n\n\n<p>&#8211; Passende Gr\u00f6\u00dfe: sie muss f\u00fcr die Aufbauform massgeschneidert und eher etwas gr\u00f6sser sein&nbsp;<\/p>\n\n\n\n<p>Um das am besten geeigneten Modell f\u00fcr Ihr Campingfahrzeug zu finden, empfehlen wir Ihnen, sich an einen unserer Spezialisten zu wenden, um umfassende Informationen zu erhalten. Sie k\u00f6nnen aber auch unseren&nbsp;<a href=\"https:\/\/www.bantam.ch\/webshop\/de\/fahrzeug\/fahrzeugausstattung\/isolierung-fahrzeugschutz\/schutzhuellen\/\" target=\"_blank\" rel=\"noreferrer noopener\">Online-Shop besuchen<\/a>, um sich \u00fcber die verschiedenen Varianten zu informieren.<\/p>\n\n\n\n<p>In einem weiteren Artikel werden wir \u00fcber das Thema Einwintern informieren und wichtige Ratschl\u00e4ge zum Schutz Ihres Fahrzeugs geben!<\/p>\n\n\n\n<p>F\u00fcr weitere Ausk\u00fcnfte stehen wir Ihnen gerne Verf\u00fcgung.<\/p>\n\n\n\n<p><strong>Etagni\u00e8res\/VD<\/strong>, Route en Rambuz 1 &#8211; 1037 Etagni\u00e8res, Tel.: 021&nbsp;731 91 91 oder&nbsp;<a href=\"mailto:bwinfo@bantam.ch\">bwinfo@bantam.ch<\/a>&nbsp;&nbsp;&nbsp;<\/p>\n\n\n\n<p><strong>Hindelbank\/BE,&nbsp;&nbsp;<\/strong>Kirchbergstrasse 18 &#8211; 3324 Hindelbank, Tel.: 034 411 90 90 oder&nbsp;<a href=\"http:\/\/info-hindelbank@bantam.ch\/\">info-hindelbank@bantam.ch<\/a><\/p>\n\n\n\n<p><strong>Urdorf\/ZH,<\/strong>&nbsp;Heinrich Stutz-Str. 4 &#8211;&nbsp;8902 Urdorf, Tel.:&nbsp;044 777 00 00 oder&nbsp;<a href=\"http:\/\/info-urdorf@bantam.ch\/\">info-urdorf@bantam.ch<\/a><\/p>\n","protected":false},"excerpt":{"rendered":"<p>Ein Schutz f\u00fcr unsere kostbaren Campingfahrzeuge<\/p>\n","protected":false},"author":5,"featured_media":1655,"comment_status":"closed","ping_status":"closed","sticky":false,"template":"","format":"standard","meta":{"_acf_changed":false,"footnotes":""},"categories":[19],"tags":[],"class_list":["post-2533","post","type-post","status-publish","format-standard","has-post-thumbnail","hentry","category-laden"],"acf":[],"yoast_head":"<!-- This site is optimized with the Yoast SEO plugin v27.4 - https:\/\/yoast.com\/product\/yoast-seo-wordpress\/ -->\n<title>Denken Sie daran, Ihr Fahrzeug abzudecken! - Bantam<\/title>\n<meta name=\"robots\" content=\"index, follow, max-snippet:-1, max-image-preview:large, max-video-preview:-1\" \/>\n<link rel=\"canonical\" href=\"https:\/\/bantam-corpo.dev-bantam.ch\/de\/denken-sie-daran-ihr-fahrzeug-abzudecken\/\" \/>\n<meta property=\"og:locale\" content=\"de_DE\" \/>\n<meta property=\"og:type\" content=\"article\" \/>\n<meta property=\"og:title\" content=\"Denken Sie daran, Ihr Fahrzeug abzudecken! - Bantam\" \/>\n<meta property=\"og:description\" content=\"Ein Schutz f\u00fcr unsere kostbaren Campingfahrzeuge\" \/>\n<meta property=\"og:url\" content=\"https:\/\/bantam-corpo.dev-bantam.ch\/de\/denken-sie-daran-ihr-fahrzeug-abzudecken\/\" \/>\n<meta property=\"og:site_name\" content=\"Bantam\" \/>\n<meta property=\"article:published_time\" content=\"2020-10-01T11:29:00+00:00\" \/>\n<meta property=\"article:modified_time\" content=\"2024-07-08T12:11:17+00:00\" \/>\n<meta property=\"og:image\" content=\"http:\/\/bantam-corpo.dev-bantam.ch\/wp-content\/uploads\/2024\/06\/994141311-w720h480.jpg\" \/>\n\t<meta property=\"og:image:width\" content=\"720\" \/>\n\t<meta property=\"og:image:height\" content=\"480\" \/>\n\t<meta property=\"og:image:type\" content=\"image\/jpeg\" \/>\n<meta name=\"author\" content=\"gilles\" \/>\n<meta name=\"twitter:card\" content=\"summary_large_image\" \/>\n<meta name=\"twitter:label1\" content=\"Written by\" \/>\n\t<meta name=\"twitter:data1\" content=\"gilles\" \/>\n\t<meta name=\"twitter:label2\" content=\"Est. reading time\" \/>\n\t<meta name=\"twitter:data2\" content=\"2 Minuten\" \/>\n<script type=\"application\/ld+json\" class=\"yoast-schema-graph\">{\"@context\":\"https:\\\/\\\/schema.org\",\"@graph\":[{\"@type\":\"Article\",\"@id\":\"https:\\\/\\\/bantam-corpo.dev-bantam.ch\\\/de\\\/denken-sie-daran-ihr-fahrzeug-abzudecken\\\/#article\",\"isPartOf\":{\"@id\":\"https:\\\/\\\/bantam-corpo.dev-bantam.ch\\\/de\\\/denken-sie-daran-ihr-fahrzeug-abzudecken\\\/\"},\"author\":{\"name\":\"gilles\",\"@id\":\"https:\\\/\\\/bantam-corpo.dev-bantam.ch\\\/de\\\/#\\\/schema\\\/person\\\/5ec32dca0d907db9d0c67843d1e1b47f\"},\"headline\":\"Denken Sie daran, Ihr Fahrzeug abzudecken!\",\"datePublished\":\"2020-10-01T11:29:00+00:00\",\"dateModified\":\"2024-07-08T12:11:17+00:00\",\"mainEntityOfPage\":{\"@id\":\"https:\\\/\\\/bantam-corpo.dev-bantam.ch\\\/de\\\/denken-sie-daran-ihr-fahrzeug-abzudecken\\\/\"},\"wordCount\":294,\"image\":{\"@id\":\"https:\\\/\\\/bantam-corpo.dev-bantam.ch\\\/de\\\/denken-sie-daran-ihr-fahrzeug-abzudecken\\\/#primaryimage\"},\"thumbnailUrl\":\"https:\\\/\\\/bantam-corpo.dev-bantam.ch\\\/wp-content\\\/uploads\\\/2024\\\/06\\\/994141311-w720h480.jpg\",\"articleSection\":[\"Laden\"],\"inLanguage\":\"de-DE\"},{\"@type\":\"WebPage\",\"@id\":\"https:\\\/\\\/bantam-corpo.dev-bantam.ch\\\/de\\\/denken-sie-daran-ihr-fahrzeug-abzudecken\\\/\",\"url\":\"https:\\\/\\\/bantam-corpo.dev-bantam.ch\\\/de\\\/denken-sie-daran-ihr-fahrzeug-abzudecken\\\/\",\"name\":\"Denken Sie daran, Ihr Fahrzeug abzudecken! - Bantam\",\"isPartOf\":{\"@id\":\"https:\\\/\\\/bantam-corpo.dev-bantam.ch\\\/de\\\/#website\"},\"primaryImageOfPage\":{\"@id\":\"https:\\\/\\\/bantam-corpo.dev-bantam.ch\\\/de\\\/denken-sie-daran-ihr-fahrzeug-abzudecken\\\/#primaryimage\"},\"image\":{\"@id\":\"https:\\\/\\\/bantam-corpo.dev-bantam.ch\\\/de\\\/denken-sie-daran-ihr-fahrzeug-abzudecken\\\/#primaryimage\"},\"thumbnailUrl\":\"https:\\\/\\\/bantam-corpo.dev-bantam.ch\\\/wp-content\\\/uploads\\\/2024\\\/06\\\/994141311-w720h480.jpg\",\"datePublished\":\"2020-10-01T11:29:00+00:00\",\"dateModified\":\"2024-07-08T12:11:17+00:00\",\"author\":{\"@id\":\"https:\\\/\\\/bantam-corpo.dev-bantam.ch\\\/de\\\/#\\\/schema\\\/person\\\/5ec32dca0d907db9d0c67843d1e1b47f\"},\"breadcrumb\":{\"@id\":\"https:\\\/\\\/bantam-corpo.dev-bantam.ch\\\/de\\\/denken-sie-daran-ihr-fahrzeug-abzudecken\\\/#breadcrumb\"},\"inLanguage\":\"de-DE\",\"potentialAction\":[{\"@type\":\"ReadAction\",\"target\":[\"https:\\\/\\\/bantam-corpo.dev-bantam.ch\\\/de\\\/denken-sie-daran-ihr-fahrzeug-abzudecken\\\/\"]}]},{\"@type\":\"ImageObject\",\"inLanguage\":\"de-DE\",\"@id\":\"https:\\\/\\\/bantam-corpo.dev-bantam.ch\\\/de\\\/denken-sie-daran-ihr-fahrzeug-abzudecken\\\/#primaryimage\",\"url\":\"https:\\\/\\\/bantam-corpo.dev-bantam.ch\\\/wp-content\\\/uploads\\\/2024\\\/06\\\/994141311-w720h480.jpg\",\"contentUrl\":\"https:\\\/\\\/bantam-corpo.dev-bantam.ch\\\/wp-content\\\/uploads\\\/2024\\\/06\\\/994141311-w720h480.jpg\",\"width\":720,\"height\":480},{\"@type\":\"BreadcrumbList\",\"@id\":\"https:\\\/\\\/bantam-corpo.dev-bantam.ch\\\/de\\\/denken-sie-daran-ihr-fahrzeug-abzudecken\\\/#breadcrumb\",\"itemListElement\":[{\"@type\":\"ListItem\",\"position\":1,\"name\":\"Home\",\"item\":\"https:\\\/\\\/bantam-corpo.dev-bantam.ch\\\/de\\\/\"},{\"@type\":\"ListItem\",\"position\":2,\"name\":\"Denken Sie daran, Ihr Fahrzeug abzudecken!\"}]},{\"@type\":\"WebSite\",\"@id\":\"https:\\\/\\\/bantam-corpo.dev-bantam.ch\\\/de\\\/#website\",\"url\":\"https:\\\/\\\/bantam-corpo.dev-bantam.ch\\\/de\\\/\",\"name\":\"Bantam\",\"description\":\"\",\"potentialAction\":[{\"@type\":\"SearchAction\",\"target\":{\"@type\":\"EntryPoint\",\"urlTemplate\":\"https:\\\/\\\/bantam-corpo.dev-bantam.ch\\\/de\\\/?s={search_term_string}\"},\"query-input\":{\"@type\":\"PropertyValueSpecification\",\"valueRequired\":true,\"valueName\":\"search_term_string\"}}],\"inLanguage\":\"de-DE\"},{\"@type\":\"Person\",\"@id\":\"https:\\\/\\\/bantam-corpo.dev-bantam.ch\\\/de\\\/#\\\/schema\\\/person\\\/5ec32dca0d907db9d0c67843d1e1b47f\",\"name\":\"gilles\",\"image\":{\"@type\":\"ImageObject\",\"inLanguage\":\"de-DE\",\"@id\":\"https:\\\/\\\/secure.gravatar.com\\\/avatar\\\/df2d89d22fbd99c8419e05386f0ccb4a5cfc4584b3f8cf2ce5f94d300cc7c08e?s=96&d=mm&r=g\",\"url\":\"https:\\\/\\\/secure.gravatar.com\\\/avatar\\\/df2d89d22fbd99c8419e05386f0ccb4a5cfc4584b3f8cf2ce5f94d300cc7c08e?s=96&d=mm&r=g\",\"contentUrl\":\"https:\\\/\\\/secure.gravatar.com\\\/avatar\\\/df2d89d22fbd99c8419e05386f0ccb4a5cfc4584b3f8cf2ce5f94d300cc7c08e?s=96&d=mm&r=g\",\"caption\":\"gilles\"},\"url\":\"https:\\\/\\\/bantam-corpo.dev-bantam.ch\\\/de\\\/author\\\/gilles\\\/\"}]}<\/script>\n<!-- \/ Yoast SEO plugin. -->","yoast_head_json":{"title":"Denken Sie daran, Ihr Fahrzeug abzudecken! - Bantam","robots":{"index":"index","follow":"follow","max-snippet":"max-snippet:-1","max-image-preview":"max-image-preview:large","max-video-preview":"max-video-preview:-1"},"canonical":"https:\/\/bantam-corpo.dev-bantam.ch\/de\/denken-sie-daran-ihr-fahrzeug-abzudecken\/","og_locale":"de_DE","og_type":"article","og_title":"Denken Sie daran, Ihr Fahrzeug abzudecken! - Bantam","og_description":"Ein Schutz f\u00fcr unsere kostbaren Campingfahrzeuge","og_url":"https:\/\/bantam-corpo.dev-bantam.ch\/de\/denken-sie-daran-ihr-fahrzeug-abzudecken\/","og_site_name":"Bantam","article_published_time":"2020-10-01T11:29:00+00:00","article_modified_time":"2024-07-08T12:11:17+00:00","og_image":[{"width":720,"height":480,"url":"http:\/\/bantam-corpo.dev-bantam.ch\/wp-content\/uploads\/2024\/06\/994141311-w720h480.jpg","type":"image\/jpeg"}],"author":"gilles","twitter_card":"summary_large_image","twitter_misc":{"Written by":"gilles","Est. reading time":"2 Minuten"},"schema":{"@context":"https:\/\/schema.org","@graph":[{"@type":"Article","@id":"https:\/\/bantam-corpo.dev-bantam.ch\/de\/denken-sie-daran-ihr-fahrzeug-abzudecken\/#article","isPartOf":{"@id":"https:\/\/bantam-corpo.dev-bantam.ch\/de\/denken-sie-daran-ihr-fahrzeug-abzudecken\/"},"author":{"name":"gilles","@id":"https:\/\/bantam-corpo.dev-bantam.ch\/de\/#\/schema\/person\/5ec32dca0d907db9d0c67843d1e1b47f"},"headline":"Denken Sie daran, Ihr Fahrzeug abzudecken!","datePublished":"2020-10-01T11:29:00+00:00","dateModified":"2024-07-08T12:11:17+00:00","mainEntityOfPage":{"@id":"https:\/\/bantam-corpo.dev-bantam.ch\/de\/denken-sie-daran-ihr-fahrzeug-abzudecken\/"},"wordCount":294,"image":{"@id":"https:\/\/bantam-corpo.dev-bantam.ch\/de\/denken-sie-daran-ihr-fahrzeug-abzudecken\/#primaryimage"},"thumbnailUrl":"https:\/\/bantam-corpo.dev-bantam.ch\/wp-content\/uploads\/2024\/06\/994141311-w720h480.jpg","articleSection":["Laden"],"inLanguage":"de-DE"},{"@type":"WebPage","@id":"https:\/\/bantam-corpo.dev-bantam.ch\/de\/denken-sie-daran-ihr-fahrzeug-abzudecken\/","url":"https:\/\/bantam-corpo.dev-bantam.ch\/de\/denken-sie-daran-ihr-fahrzeug-abzudecken\/","name":"Denken Sie daran, Ihr Fahrzeug abzudecken! - Bantam","isPartOf":{"@id":"https:\/\/bantam-corpo.dev-bantam.ch\/de\/#website"},"primaryImageOfPage":{"@id":"https:\/\/bantam-corpo.dev-bantam.ch\/de\/denken-sie-daran-ihr-fahrzeug-abzudecken\/#primaryimage"},"image":{"@id":"https:\/\/bantam-corpo.dev-bantam.ch\/de\/denken-sie-daran-ihr-fahrzeug-abzudecken\/#primaryimage"},"thumbnailUrl":"https:\/\/bantam-corpo.dev-bantam.ch\/wp-content\/uploads\/2024\/06\/994141311-w720h480.jpg","datePublished":"2020-10-01T11:29:00+00:00","dateModified":"2024-07-08T12:11:17+00:00","author":{"@id":"https:\/\/bantam-corpo.dev-bantam.ch\/de\/#\/schema\/person\/5ec32dca0d907db9d0c67843d1e1b47f"},"breadcrumb":{"@id":"https:\/\/bantam-corpo.dev-bantam.ch\/de\/denken-sie-daran-ihr-fahrzeug-abzudecken\/#breadcrumb"},"inLanguage":"de-DE","potentialAction":[{"@type":"ReadAction","target":["https:\/\/bantam-corpo.dev-bantam.ch\/de\/denken-sie-daran-ihr-fahrzeug-abzudecken\/"]}]},{"@type":"ImageObject","inLanguage":"de-DE","@id":"https:\/\/bantam-corpo.dev-bantam.ch\/de\/denken-sie-daran-ihr-fahrzeug-abzudecken\/#primaryimage","url":"https:\/\/bantam-corpo.dev-bantam.ch\/wp-content\/uploads\/2024\/06\/994141311-w720h480.jpg","contentUrl":"https:\/\/bantam-corpo.dev-bantam.ch\/wp-content\/uploads\/2024\/06\/994141311-w720h480.jpg","width":720,"height":480},{"@type":"BreadcrumbList","@id":"https:\/\/bantam-corpo.dev-bantam.ch\/de\/denken-sie-daran-ihr-fahrzeug-abzudecken\/#breadcrumb","itemListElement":[{"@type":"ListItem","position":1,"name":"Home","item":"https:\/\/bantam-corpo.dev-bantam.ch\/de\/"},{"@type":"ListItem","position":2,"name":"Denken Sie daran, Ihr Fahrzeug abzudecken!"}]},{"@type":"WebSite","@id":"https:\/\/bantam-corpo.dev-bantam.ch\/de\/#website","url":"https:\/\/bantam-corpo.dev-bantam.ch\/de\/","name":"Bantam","description":"","potentialAction":[{"@type":"SearchAction","target":{"@type":"EntryPoint","urlTemplate":"https:\/\/bantam-corpo.dev-bantam.ch\/de\/?s={search_term_string}"},"query-input":{"@type":"PropertyValueSpecification","valueRequired":true,"valueName":"search_term_string"}}],"inLanguage":"de-DE"},{"@type":"Person","@id":"https:\/\/bantam-corpo.dev-bantam.ch\/de\/#\/schema\/person\/5ec32dca0d907db9d0c67843d1e1b47f","name":"gilles","image":{"@type":"ImageObject","inLanguage":"de-DE","@id":"https:\/\/secure.gravatar.com\/avatar\/df2d89d22fbd99c8419e05386f0ccb4a5cfc4584b3f8cf2ce5f94d300cc7c08e?s=96&d=mm&r=g","url":"https:\/\/secure.gravatar.com\/avatar\/df2d89d22fbd99c8419e05386f0ccb4a5cfc4584b3f8cf2ce5f94d300cc7c08e?s=96&d=mm&r=g","contentUrl":"https:\/\/secure.gravatar.com\/avatar\/df2d89d22fbd99c8419e05386f0ccb4a5cfc4584b3f8cf2ce5f94d300cc7c08e?s=96&d=mm&r=g","caption":"gilles"},"url":"https:\/\/bantam-corpo.dev-bantam.ch\/de\/author\/gilles\/"}]}},"publishpress_future_action":{"enabled":false,"date":"2026-05-06 11:35:38","action":"change-status","newStatus":"draft","terms":[],"taxonomy":"category","extraData":[]},"publishpress_future_workflow_manual_trigger":{"enabledWorkflows":[]},"featured_image_url":"https:\/\/bantam-corpo.dev-bantam.ch\/wp-content\/uploads\/2024\/06\/994141311-w720h480.jpg","permalink":"https:\/\/bantam-corpo.dev-bantam.ch\/de\/denken-sie-daran-ihr-fahrzeug-abzudecken\/","lang":"de","_links":{"self":[{"href":"https:\/\/bantam-corpo.dev-bantam.ch\/de\/wp-json\/wp\/v2\/posts\/2533","targetHints":{"allow":["GET"]}}],"collection":[{"href":"https:\/\/bantam-corpo.dev-bantam.ch\/de\/wp-json\/wp\/v2\/posts"}],"about":[{"href":"https:\/\/bantam-corpo.dev-bantam.ch\/de\/wp-json\/wp\/v2\/types\/post"}],"author":[{"embeddable":true,"href":"https:\/\/bantam-corpo.dev-bantam.ch\/de\/wp-json\/wp\/v2\/users\/5"}],"replies":[{"embeddable":true,"href":"https:\/\/bantam-corpo.dev-bantam.ch\/de\/wp-json\/wp\/v2\/comments?post=2533"}],"version-history":[{"count":1,"href":"https:\/\/bantam-corpo.dev-bantam.ch\/de\/wp-json\/wp\/v2\/posts\/2533\/revisions"}],"predecessor-version":[{"id":2553,"href":"https:\/\/bantam-corpo.dev-bantam.ch\/de\/wp-json\/wp\/v2\/posts\/2533\/revisions\/2553"}],"wp:featuredmedia":[{"embeddable":true,"href":"https:\/\/bantam-corpo.dev-bantam.ch\/de\/wp-json\/wp\/v2\/media\/1655"}],"wp:attachment":[{"href":"https:\/\/bantam-corpo.dev-bantam.ch\/de\/wp-json\/wp\/v2\/media?parent=2533"}],"wp:term":[{"taxonomy":"category","embeddable":true,"href":"https:\/\/bantam-corpo.dev-bantam.ch\/de\/wp-json\/wp\/v2\/categories?post=2533"},{"taxonomy":"post_tag","embeddable":true,"href":"https:\/\/bantam-corpo.dev-bantam.ch\/de\/wp-json\/wp\/v2\/tags?post=2533"}],"curies":[{"name":"wp","href":"https:\/\/api.w.org\/{rel}","templated":true}]}}