{"id":2476,"date":"2021-02-17T11:16:00","date_gmt":"2021-02-17T10:16:00","guid":{"rendered":"https:\/\/bantam-corpo.dev-bantam.ch\/la-saison-commence\/"},"modified":"2024-07-08T10:26:59","modified_gmt":"2024-07-08T08:26:59","slug":"die-saison-beginnt","status":"publish","type":"post","link":"https:\/\/bantam-corpo.dev-bantam.ch\/de\/die-saison-beginnt\/","title":{"rendered":"Die Saison beginnt!"},"content":{"rendered":"\n<figure class=\"wp-block-image size-full\"><img loading=\"lazy\" decoding=\"async\" width=\"720\" height=\"480\" src=\"https:\/\/bantam-corpo.dev-bantam.ch\/wp-content\/uploads\/2024\/06\/20214offres-vehiculescaravane1-w720h480.jpg\" alt=\"\" class=\"wp-image-518\" srcset=\"https:\/\/bantam-corpo.dev-bantam.ch\/wp-content\/uploads\/2024\/06\/20214offres-vehiculescaravane1-w720h480.jpg 720w, https:\/\/bantam-corpo.dev-bantam.ch\/wp-content\/uploads\/2024\/06\/20214offres-vehiculescaravane1-w720h480-300x200.jpg 300w\" sizes=\"auto, (max-width: 720px) 100vw, 720px\" \/><\/figure>\n\n\n\n<p>Entdecken Sie unsere Hausmesse-Sonderangebote!<\/p>\n\n\n\n<p><strong>Information:<\/strong>&nbsp;Verkaufsoffener Sonntag am 14.03.2021 (Hindelbank) und 21.03.2021 (Urdorf).<\/p>\n\n\n\n<p>Wir freuen uns sehr Sie wieder bei uns begr\u00fcssen zu d\u00fcrfen!<\/p>\n\n\n\n<p>Unsere Verkaufsteams erwarten Sie gerne mit neuen Produkten, exklusiven Hausmesse-Sonderangeboten und einer Vielzahl an Fahrzeugen, welche sofort lieferbar sind!<\/p>\n\n\n\n<p><strong>Fahrzeug Sonderangebote \u00abKomplett ausgestattet\u00bb<\/strong><br>Zw\u00f6lf Fahrzeugmarken mit einer grossen Variantenvielfalt: Van, Kastenwagen oder Wohnmobil. Unsere&nbsp;<a href=\"https:\/\/www.bantam.ch\/blog\/post.php?s=2020-11-11-nos-offres-speciales\" target=\"_blank\" rel=\"noreferrer noopener\">Sonderangebote sind unvergleichlich<\/a>. Wir bieten ihnen voll ausgestattete Marken-Fahrzeuge zu sehr g\u00fcnstigen Preisen an.&nbsp;<br>Sie k\u00f6nnen&nbsp;<strong>bis zu CHF 10.350,00 sparen<\/strong>!&nbsp;Unsere Verkaufsberater stehen Ihnen gerne f\u00fcr die Pr\u00e4sentation der Fahrzeuge zur Verf\u00fcgung.&nbsp;Unsere Teams warten auf Ihren Anruf!<\/p>\n\n\n\n<p><strong>10% Rabatt auf alle Campingartikel in unserem Online-Shop<\/strong><br><em>Dieses Angebot ist g\u00fcltig bis 25.03.2021.&nbsp;<\/em><br>Profitieren Sie von&nbsp;<strong>10% Rabatt auf alle Artikel* in&nbsp;<a href=\"https:\/\/www.bantam.ch\/webshop\/de\" target=\"_blank\" rel=\"noreferrer noopener\">unserem Online-Shop<\/a><\/strong>. Entdecken Sie die&nbsp;<strong>Neuheiten der Saison 2021<\/strong>. Bestellen Sie online und holen Sie Ihre Artikel&nbsp;in unseren Shops ab, oder lassen sie es sich, ab einem Bestellwert von CHF 100,- kostenlos nach Hause liefern. Achtung: nicht alle Artikel k\u00f6nnen versendet werden. Informieren Sie sich auf unserer Homepage \u00fcber unsere Abholzeiten oder rufen Sie uns an. W\u00e4hrend unseren regul\u00e4ren \u00d6ffnungszeiten, steht Ihnen unser Telefon-Hotline zur Verf\u00fcgung, um alle Ihre Fragen zu beantworten.<\/p>\n\n\n\n<p><strong>Planen sie jetzt Ihre Ferien 2021 mit einem Mietfahrzeug<\/strong><br>Unsere Mietflotte 2021 steht parat. Planen sie schon heute ihre n\u00e4chsten Ferien, um die die sch\u00f6ne Schweiz oder sofern m\u00f6glich, das europ\u00e4ische Ausland zu entdecken. Das Reisegebiet ist sehr gro\u00df und voller Natursch\u00f6nheiten und toller Erlebnisse. Wir haben unsere&nbsp;<strong>Dienstleistungen f\u00fcr sie erweitert<\/strong>, um Ihren Anforderungen und W\u00fcnschen bestm\u00f6glich gerecht zu werden. Wir bieten neu eine&nbsp;<strong>7\/7-Tage-Hotline von 8 bis 21 Uhr<\/strong>. Unsere neuen Premium-Mietmodelle sind voll ausgestattet, jetzt auch mit Klimaanlage. Unsere&nbsp;<a href=\"https:\/\/www.bantam.ch\/hekla\/resources\/locehu2021.pdf\" target=\"_blank\" rel=\"noreferrer noopener\"><strong>Mietflotte 2021<\/strong><\/a>&nbsp;steht auch heute schon, zu sehr g\u00fcnstigen Konditionen, zum Verkauf und kann am Ende der Saison \u00fcbernommen werden. Kontaktieren Sie unser Team und entdecken Sie alle Miet-Modelle, die Ihnen bei uns zur Verf\u00fcgung stehen.<\/p>\n\n\n\n<p><strong>Ben\u00f6tigen sie Dienstleistungen von unserem Kundendient?<\/strong><br>Unser Techniker im&nbsp;Kundendienst f\u00fcr Ersatzeil-, Reparatur-, Wartungs- oder Einbauarbeiten an Ihrem Fahrzeug&nbsp;stehen Ihnen gerne zur Verf\u00fcgung. Planen Sie jetzt alle notwendigen Arbeiten zur Vorbereitung ihrer n\u00e4chsten Ferien. Eine Markise, ein Solarpanel, eine Satellitenantenne, eine Lithiumbatterie, ein Ladebooster, ein Wechselrichter oder einen Mover \u2013 das perfekte Zubeh\u00f6r f\u00fcr Ihr Fahrzeug. Hierf\u00fcr haben wir massgeschneiderte Sonderangebote, damit ihre n\u00e4chsten Ferien zu einem einmaligen Erlebnis werden.&nbsp;Vereinbaren Sie jetzt f\u00fcr die auszuf\u00fchrenden Arbeiten an Ihrem Fahrzeug, einen Termin in unseren Werkst\u00e4tten.<\/p>\n\n\n\n<p>\u00d6ffnungszeiten:<br><strong>1. M\u00c4RZ BIS 30. SEPTEMBER<\/strong><br>Fahrzeuge\/Laden Verkauf:&nbsp;<br>Montag bis Freitag:&nbsp;08:30 &#8211; 18:30 (non-stop)<br>Samstag:&nbsp;09:00 &#8211; 17:00 (non-stop)<br><br><strong>Sonntag 14.03.2021 (Hindelbank): 10:00 &#8211; 17:00<br>Sonntag 21.03.2021 (Urdorf): 10:00 &#8211; 17:00<\/strong><\/p>\n\n\n\n<p>Etagni\u00e8res\/VD, Route en Rambuz 1 &#8211; 1037 Etagni\u00e8res, Telefon: 021 731 91 91 oder bwinfo@bantam.ch &nbsp;<\/p>\n\n\n\n<p>Hindelbank\/BE, Kirchbergstrasse 18 &#8211; 3324 Hindelbank, Telefon: 034 411 90 90 oder info-hindelbank@bantam.ch<\/p>\n\n\n\n<p>Urdorf\/ZH, Heinrich Stutz-Str. 4 &#8211; 8902 Urdorf, Telefon: 044 777 00 00 oder info-urdorf@bantam.ch<\/p>\n\n\n\n<p>*<em>Es ist nicht kombinierbar mit bereits reduzierten Artikeln und den Bantam Sonderangeboten, f\u00fcr Gas nicht g\u00fcltig.<\/em><\/p>\n","protected":false},"excerpt":{"rendered":"<p>Entdecken Sie unsere Hausmesse-Sonderangebote!<\/p>\n","protected":false},"author":5,"featured_media":1623,"comment_status":"closed","ping_status":"closed","sticky":false,"template":"","format":"standard","meta":{"_acf_changed":false,"footnotes":""},"categories":[18],"tags":[],"class_list":["post-2476","post","type-post","status-publish","format-standard","has-post-thumbnail","hentry","category-informationen-events"],"acf":[],"yoast_head":"<!-- This site is optimized with the Yoast SEO plugin v27.4 - https:\/\/yoast.com\/product\/yoast-seo-wordpress\/ -->\n<title>Die Saison beginnt! - Bantam<\/title>\n<meta name=\"robots\" content=\"index, follow, max-snippet:-1, max-image-preview:large, max-video-preview:-1\" \/>\n<link rel=\"canonical\" href=\"https:\/\/bantam-corpo.dev-bantam.ch\/de\/die-saison-beginnt\/\" \/>\n<meta property=\"og:locale\" content=\"de_DE\" \/>\n<meta property=\"og:type\" content=\"article\" \/>\n<meta property=\"og:title\" content=\"Die Saison beginnt! - Bantam\" \/>\n<meta property=\"og:description\" content=\"Entdecken Sie unsere Hausmesse-Sonderangebote!\" \/>\n<meta property=\"og:url\" content=\"https:\/\/bantam-corpo.dev-bantam.ch\/de\/die-saison-beginnt\/\" \/>\n<meta property=\"og:site_name\" content=\"Bantam\" \/>\n<meta property=\"article:published_time\" content=\"2021-02-17T10:16:00+00:00\" \/>\n<meta property=\"article:modified_time\" content=\"2024-07-08T08:26:59+00:00\" \/>\n<meta property=\"og:image\" content=\"http:\/\/bantam-corpo.dev-bantam.ch\/wp-content\/uploads\/2024\/06\/20214offres-vehiculescaravane1-w720h480.jpg\" \/>\n\t<meta property=\"og:image:width\" content=\"720\" \/>\n\t<meta property=\"og:image:height\" content=\"480\" \/>\n\t<meta property=\"og:image:type\" content=\"image\/jpeg\" \/>\n<meta name=\"author\" content=\"gilles\" \/>\n<meta name=\"twitter:card\" content=\"summary_large_image\" \/>\n<meta name=\"twitter:label1\" content=\"Written by\" \/>\n\t<meta name=\"twitter:data1\" content=\"gilles\" \/>\n\t<meta name=\"twitter:label2\" content=\"Est. reading time\" \/>\n\t<meta name=\"twitter:data2\" content=\"3 Minuten\" \/>\n<script type=\"application\/ld+json\" class=\"yoast-schema-graph\">{\"@context\":\"https:\\\/\\\/schema.org\",\"@graph\":[{\"@type\":\"Article\",\"@id\":\"https:\\\/\\\/bantam-corpo.dev-bantam.ch\\\/de\\\/die-saison-beginnt\\\/#article\",\"isPartOf\":{\"@id\":\"https:\\\/\\\/bantam-corpo.dev-bantam.ch\\\/de\\\/die-saison-beginnt\\\/\"},\"author\":{\"name\":\"gilles\",\"@id\":\"https:\\\/\\\/bantam-corpo.dev-bantam.ch\\\/de\\\/#\\\/schema\\\/person\\\/5ec32dca0d907db9d0c67843d1e1b47f\"},\"headline\":\"Die Saison beginnt!\",\"datePublished\":\"2021-02-17T10:16:00+00:00\",\"dateModified\":\"2024-07-08T08:26:59+00:00\",\"mainEntityOfPage\":{\"@id\":\"https:\\\/\\\/bantam-corpo.dev-bantam.ch\\\/de\\\/die-saison-beginnt\\\/\"},\"wordCount\":518,\"image\":{\"@id\":\"https:\\\/\\\/bantam-corpo.dev-bantam.ch\\\/de\\\/die-saison-beginnt\\\/#primaryimage\"},\"thumbnailUrl\":\"https:\\\/\\\/bantam-corpo.dev-bantam.ch\\\/wp-content\\\/uploads\\\/2024\\\/06\\\/20214offres-vehiculescaravane1-w720h480.jpg\",\"articleSection\":[\"Informationen \\\/ Events\"],\"inLanguage\":\"de-DE\"},{\"@type\":\"WebPage\",\"@id\":\"https:\\\/\\\/bantam-corpo.dev-bantam.ch\\\/de\\\/die-saison-beginnt\\\/\",\"url\":\"https:\\\/\\\/bantam-corpo.dev-bantam.ch\\\/de\\\/die-saison-beginnt\\\/\",\"name\":\"Die Saison beginnt! - Bantam\",\"isPartOf\":{\"@id\":\"https:\\\/\\\/bantam-corpo.dev-bantam.ch\\\/de\\\/#website\"},\"primaryImageOfPage\":{\"@id\":\"https:\\\/\\\/bantam-corpo.dev-bantam.ch\\\/de\\\/die-saison-beginnt\\\/#primaryimage\"},\"image\":{\"@id\":\"https:\\\/\\\/bantam-corpo.dev-bantam.ch\\\/de\\\/die-saison-beginnt\\\/#primaryimage\"},\"thumbnailUrl\":\"https:\\\/\\\/bantam-corpo.dev-bantam.ch\\\/wp-content\\\/uploads\\\/2024\\\/06\\\/20214offres-vehiculescaravane1-w720h480.jpg\",\"datePublished\":\"2021-02-17T10:16:00+00:00\",\"dateModified\":\"2024-07-08T08:26:59+00:00\",\"author\":{\"@id\":\"https:\\\/\\\/bantam-corpo.dev-bantam.ch\\\/de\\\/#\\\/schema\\\/person\\\/5ec32dca0d907db9d0c67843d1e1b47f\"},\"breadcrumb\":{\"@id\":\"https:\\\/\\\/bantam-corpo.dev-bantam.ch\\\/de\\\/die-saison-beginnt\\\/#breadcrumb\"},\"inLanguage\":\"de-DE\",\"potentialAction\":[{\"@type\":\"ReadAction\",\"target\":[\"https:\\\/\\\/bantam-corpo.dev-bantam.ch\\\/de\\\/die-saison-beginnt\\\/\"]}]},{\"@type\":\"ImageObject\",\"inLanguage\":\"de-DE\",\"@id\":\"https:\\\/\\\/bantam-corpo.dev-bantam.ch\\\/de\\\/die-saison-beginnt\\\/#primaryimage\",\"url\":\"https:\\\/\\\/bantam-corpo.dev-bantam.ch\\\/wp-content\\\/uploads\\\/2024\\\/06\\\/20214offres-vehiculescaravane1-w720h480.jpg\",\"contentUrl\":\"https:\\\/\\\/bantam-corpo.dev-bantam.ch\\\/wp-content\\\/uploads\\\/2024\\\/06\\\/20214offres-vehiculescaravane1-w720h480.jpg\",\"width\":720,\"height\":480},{\"@type\":\"BreadcrumbList\",\"@id\":\"https:\\\/\\\/bantam-corpo.dev-bantam.ch\\\/de\\\/die-saison-beginnt\\\/#breadcrumb\",\"itemListElement\":[{\"@type\":\"ListItem\",\"position\":1,\"name\":\"Home\",\"item\":\"https:\\\/\\\/bantam-corpo.dev-bantam.ch\\\/de\\\/\"},{\"@type\":\"ListItem\",\"position\":2,\"name\":\"Die Saison beginnt!\"}]},{\"@type\":\"WebSite\",\"@id\":\"https:\\\/\\\/bantam-corpo.dev-bantam.ch\\\/de\\\/#website\",\"url\":\"https:\\\/\\\/bantam-corpo.dev-bantam.ch\\\/de\\\/\",\"name\":\"Bantam\",\"description\":\"\",\"potentialAction\":[{\"@type\":\"SearchAction\",\"target\":{\"@type\":\"EntryPoint\",\"urlTemplate\":\"https:\\\/\\\/bantam-corpo.dev-bantam.ch\\\/de\\\/?s={search_term_string}\"},\"query-input\":{\"@type\":\"PropertyValueSpecification\",\"valueRequired\":true,\"valueName\":\"search_term_string\"}}],\"inLanguage\":\"de-DE\"},{\"@type\":\"Person\",\"@id\":\"https:\\\/\\\/bantam-corpo.dev-bantam.ch\\\/de\\\/#\\\/schema\\\/person\\\/5ec32dca0d907db9d0c67843d1e1b47f\",\"name\":\"gilles\",\"image\":{\"@type\":\"ImageObject\",\"inLanguage\":\"de-DE\",\"@id\":\"https:\\\/\\\/secure.gravatar.com\\\/avatar\\\/df2d89d22fbd99c8419e05386f0ccb4a5cfc4584b3f8cf2ce5f94d300cc7c08e?s=96&d=mm&r=g\",\"url\":\"https:\\\/\\\/secure.gravatar.com\\\/avatar\\\/df2d89d22fbd99c8419e05386f0ccb4a5cfc4584b3f8cf2ce5f94d300cc7c08e?s=96&d=mm&r=g\",\"contentUrl\":\"https:\\\/\\\/secure.gravatar.com\\\/avatar\\\/df2d89d22fbd99c8419e05386f0ccb4a5cfc4584b3f8cf2ce5f94d300cc7c08e?s=96&d=mm&r=g\",\"caption\":\"gilles\"},\"url\":\"https:\\\/\\\/bantam-corpo.dev-bantam.ch\\\/de\\\/author\\\/gilles\\\/\"}]}<\/script>\n<!-- \/ Yoast SEO plugin. -->","yoast_head_json":{"title":"Die Saison beginnt! - Bantam","robots":{"index":"index","follow":"follow","max-snippet":"max-snippet:-1","max-image-preview":"max-image-preview:large","max-video-preview":"max-video-preview:-1"},"canonical":"https:\/\/bantam-corpo.dev-bantam.ch\/de\/die-saison-beginnt\/","og_locale":"de_DE","og_type":"article","og_title":"Die Saison beginnt! - Bantam","og_description":"Entdecken Sie unsere Hausmesse-Sonderangebote!","og_url":"https:\/\/bantam-corpo.dev-bantam.ch\/de\/die-saison-beginnt\/","og_site_name":"Bantam","article_published_time":"2021-02-17T10:16:00+00:00","article_modified_time":"2024-07-08T08:26:59+00:00","og_image":[{"width":720,"height":480,"url":"http:\/\/bantam-corpo.dev-bantam.ch\/wp-content\/uploads\/2024\/06\/20214offres-vehiculescaravane1-w720h480.jpg","type":"image\/jpeg"}],"author":"gilles","twitter_card":"summary_large_image","twitter_misc":{"Written by":"gilles","Est. reading time":"3 Minuten"},"schema":{"@context":"https:\/\/schema.org","@graph":[{"@type":"Article","@id":"https:\/\/bantam-corpo.dev-bantam.ch\/de\/die-saison-beginnt\/#article","isPartOf":{"@id":"https:\/\/bantam-corpo.dev-bantam.ch\/de\/die-saison-beginnt\/"},"author":{"name":"gilles","@id":"https:\/\/bantam-corpo.dev-bantam.ch\/de\/#\/schema\/person\/5ec32dca0d907db9d0c67843d1e1b47f"},"headline":"Die Saison beginnt!","datePublished":"2021-02-17T10:16:00+00:00","dateModified":"2024-07-08T08:26:59+00:00","mainEntityOfPage":{"@id":"https:\/\/bantam-corpo.dev-bantam.ch\/de\/die-saison-beginnt\/"},"wordCount":518,"image":{"@id":"https:\/\/bantam-corpo.dev-bantam.ch\/de\/die-saison-beginnt\/#primaryimage"},"thumbnailUrl":"https:\/\/bantam-corpo.dev-bantam.ch\/wp-content\/uploads\/2024\/06\/20214offres-vehiculescaravane1-w720h480.jpg","articleSection":["Informationen \/ Events"],"inLanguage":"de-DE"},{"@type":"WebPage","@id":"https:\/\/bantam-corpo.dev-bantam.ch\/de\/die-saison-beginnt\/","url":"https:\/\/bantam-corpo.dev-bantam.ch\/de\/die-saison-beginnt\/","name":"Die Saison beginnt! - Bantam","isPartOf":{"@id":"https:\/\/bantam-corpo.dev-bantam.ch\/de\/#website"},"primaryImageOfPage":{"@id":"https:\/\/bantam-corpo.dev-bantam.ch\/de\/die-saison-beginnt\/#primaryimage"},"image":{"@id":"https:\/\/bantam-corpo.dev-bantam.ch\/de\/die-saison-beginnt\/#primaryimage"},"thumbnailUrl":"https:\/\/bantam-corpo.dev-bantam.ch\/wp-content\/uploads\/2024\/06\/20214offres-vehiculescaravane1-w720h480.jpg","datePublished":"2021-02-17T10:16:00+00:00","dateModified":"2024-07-08T08:26:59+00:00","author":{"@id":"https:\/\/bantam-corpo.dev-bantam.ch\/de\/#\/schema\/person\/5ec32dca0d907db9d0c67843d1e1b47f"},"breadcrumb":{"@id":"https:\/\/bantam-corpo.dev-bantam.ch\/de\/die-saison-beginnt\/#breadcrumb"},"inLanguage":"de-DE","potentialAction":[{"@type":"ReadAction","target":["https:\/\/bantam-corpo.dev-bantam.ch\/de\/die-saison-beginnt\/"]}]},{"@type":"ImageObject","inLanguage":"de-DE","@id":"https:\/\/bantam-corpo.dev-bantam.ch\/de\/die-saison-beginnt\/#primaryimage","url":"https:\/\/bantam-corpo.dev-bantam.ch\/wp-content\/uploads\/2024\/06\/20214offres-vehiculescaravane1-w720h480.jpg","contentUrl":"https:\/\/bantam-corpo.dev-bantam.ch\/wp-content\/uploads\/2024\/06\/20214offres-vehiculescaravane1-w720h480.jpg","width":720,"height":480},{"@type":"BreadcrumbList","@id":"https:\/\/bantam-corpo.dev-bantam.ch\/de\/die-saison-beginnt\/#breadcrumb","itemListElement":[{"@type":"ListItem","position":1,"name":"Home","item":"https:\/\/bantam-corpo.dev-bantam.ch\/de\/"},{"@type":"ListItem","position":2,"name":"Die Saison beginnt!"}]},{"@type":"WebSite","@id":"https:\/\/bantam-corpo.dev-bantam.ch\/de\/#website","url":"https:\/\/bantam-corpo.dev-bantam.ch\/de\/","name":"Bantam","description":"","potentialAction":[{"@type":"SearchAction","target":{"@type":"EntryPoint","urlTemplate":"https:\/\/bantam-corpo.dev-bantam.ch\/de\/?s={search_term_string}"},"query-input":{"@type":"PropertyValueSpecification","valueRequired":true,"valueName":"search_term_string"}}],"inLanguage":"de-DE"},{"@type":"Person","@id":"https:\/\/bantam-corpo.dev-bantam.ch\/de\/#\/schema\/person\/5ec32dca0d907db9d0c67843d1e1b47f","name":"gilles","image":{"@type":"ImageObject","inLanguage":"de-DE","@id":"https:\/\/secure.gravatar.com\/avatar\/df2d89d22fbd99c8419e05386f0ccb4a5cfc4584b3f8cf2ce5f94d300cc7c08e?s=96&d=mm&r=g","url":"https:\/\/secure.gravatar.com\/avatar\/df2d89d22fbd99c8419e05386f0ccb4a5cfc4584b3f8cf2ce5f94d300cc7c08e?s=96&d=mm&r=g","contentUrl":"https:\/\/secure.gravatar.com\/avatar\/df2d89d22fbd99c8419e05386f0ccb4a5cfc4584b3f8cf2ce5f94d300cc7c08e?s=96&d=mm&r=g","caption":"gilles"},"url":"https:\/\/bantam-corpo.dev-bantam.ch\/de\/author\/gilles\/"}]}},"publishpress_future_action":{"enabled":false,"date":"2026-05-06 09:54:27","action":"change-status","newStatus":"draft","terms":[],"taxonomy":"category","extraData":[]},"publishpress_future_workflow_manual_trigger":{"enabledWorkflows":[]},"featured_image_url":"https:\/\/bantam-corpo.dev-bantam.ch\/wp-content\/uploads\/2024\/06\/20214offres-vehiculescaravane1-w720h480.jpg","permalink":"https:\/\/bantam-corpo.dev-bantam.ch\/de\/die-saison-beginnt\/","lang":"de","_links":{"self":[{"href":"https:\/\/bantam-corpo.dev-bantam.ch\/de\/wp-json\/wp\/v2\/posts\/2476","targetHints":{"allow":["GET"]}}],"collection":[{"href":"https:\/\/bantam-corpo.dev-bantam.ch\/de\/wp-json\/wp\/v2\/posts"}],"about":[{"href":"https:\/\/bantam-corpo.dev-bantam.ch\/de\/wp-json\/wp\/v2\/types\/post"}],"author":[{"embeddable":true,"href":"https:\/\/bantam-corpo.dev-bantam.ch\/de\/wp-json\/wp\/v2\/users\/5"}],"replies":[{"embeddable":true,"href":"https:\/\/bantam-corpo.dev-bantam.ch\/de\/wp-json\/wp\/v2\/comments?post=2476"}],"version-history":[{"count":1,"href":"https:\/\/bantam-corpo.dev-bantam.ch\/de\/wp-json\/wp\/v2\/posts\/2476\/revisions"}],"predecessor-version":[{"id":2491,"href":"https:\/\/bantam-corpo.dev-bantam.ch\/de\/wp-json\/wp\/v2\/posts\/2476\/revisions\/2491"}],"wp:featuredmedia":[{"embeddable":true,"href":"https:\/\/bantam-corpo.dev-bantam.ch\/de\/wp-json\/wp\/v2\/media\/1623"}],"wp:attachment":[{"href":"https:\/\/bantam-corpo.dev-bantam.ch\/de\/wp-json\/wp\/v2\/media?parent=2476"}],"wp:term":[{"taxonomy":"category","embeddable":true,"href":"https:\/\/bantam-corpo.dev-bantam.ch\/de\/wp-json\/wp\/v2\/categories?post=2476"},{"taxonomy":"post_tag","embeddable":true,"href":"https:\/\/bantam-corpo.dev-bantam.ch\/de\/wp-json\/wp\/v2\/tags?post=2476"}],"curies":[{"name":"wp","href":"https:\/\/api.w.org\/{rel}","templated":true}]}}