{"id":2406,"date":"2021-08-19T15:51:00","date_gmt":"2021-08-19T13:51:00","guid":{"rendered":"https:\/\/bantam-corpo.dev-bantam.ch\/le-glacier-de-moiry\/"},"modified":"2024-07-08T09:14:28","modified_gmt":"2024-07-08T07:14:28","slug":"der-moiry-gletscher","status":"publish","type":"post","link":"https:\/\/bantam-corpo.dev-bantam.ch\/de\/der-moiry-gletscher\/","title":{"rendered":"Der Moiry-Gletscher"},"content":{"rendered":"\n<figure class=\"wp-block-image size-full\"><img loading=\"lazy\" decoding=\"async\" width=\"720\" height=\"480\" src=\"https:\/\/bantam-corpo.dev-bantam.ch\/wp-content\/uploads\/2024\/06\/moiry-lake-dam-and-glacier-w720h480.jpg\" alt=\"\" class=\"wp-image-446\" srcset=\"https:\/\/bantam-corpo.dev-bantam.ch\/wp-content\/uploads\/2024\/06\/moiry-lake-dam-and-glacier-w720h480.jpg 720w, https:\/\/bantam-corpo.dev-bantam.ch\/wp-content\/uploads\/2024\/06\/moiry-lake-dam-and-glacier-w720h480-300x200.jpg 300w\" sizes=\"auto, (max-width: 720px) 100vw, 720px\" \/><\/figure>\n\n\n\n<p>Eine Reise in das Herz der Berge des Val de Moiry und Val d&#8217;Anniviers<\/p>\n\n\n\n<p>Die Wanderung im Val de Moiry bietet auf dem gesamten Weg ein grandioses Panorama mit Blick auf einen t\u00fcrkisfarbenen Gletscher- und Stausee. Die Gletscherzunge, die Mor\u00e4nen und den Gletschersee k\u00f6nnen Sie von der Buvette aus bewundern. Der Gletscher ist Ausgangspunkt zahlreicher Bergwanderungen, unter anderem zur Moiry-H\u00fctte.<\/p>\n\n\n\n<figure class=\"wp-block-image size-full\"><img loading=\"lazy\" decoding=\"async\" width=\"300\" height=\"199\" src=\"https:\/\/bantam-corpo.dev-bantam.ch\/wp-content\/uploads\/2024\/06\/glacier-moiry-camper-van-w300h300.jpg\" alt=\"\" class=\"wp-image-447\"\/><\/figure>\n\n\n\n<figure class=\"wp-block-image size-full\"><img loading=\"lazy\" decoding=\"async\" width=\"300\" height=\"199\" src=\"https:\/\/bantam-corpo.dev-bantam.ch\/wp-content\/uploads\/2024\/06\/camping-car-camper-van-w300h300.jpeg\" alt=\"\" class=\"wp-image-448\"\/><\/figure>\n\n\n\n<p>Der Start ist an der Staumauer von Moiry und mit dem Wohnmobil von Grimentz aus leicht zu erreichen ist. Sie k\u00f6nnen Ihr Fahrzeug f\u00fcr die Nacht dort auf dem Parkplatz, mit atemberaubender Aussicht, abstellen (Zufahrt nur im Sommer)!&nbsp; Die Touren f\u00fchren rund um den See und bietet Routen von 1 bis 4 Stunden Gehzeit. Entlang des Moiry-Gletschers werden Sie glitzerndes Gestein entdecken. Es handelt sich um Pyrit, das interessanterweise wie Gold aussieht.<\/p>\n\n\n\n<p><ins><strong>Gut zu wissen:<\/strong><\/ins><\/p>\n\n\n\n<p><strong>Die Schalensteine von Grimentz&nbsp;<\/strong><\/p>\n\n\n\n<figure class=\"wp-block-image size-full\"><img loading=\"lazy\" decoding=\"async\" width=\"640\" height=\"426\" src=\"https:\/\/bantam-corpo.dev-bantam.ch\/wp-content\/uploads\/2024\/06\/caravane-camping-car-camper-van-1-w640.jpg\" alt=\"\" class=\"wp-image-449\" srcset=\"https:\/\/bantam-corpo.dev-bantam.ch\/wp-content\/uploads\/2024\/06\/caravane-camping-car-camper-van-1-w640.jpg 640w, https:\/\/bantam-corpo.dev-bantam.ch\/wp-content\/uploads\/2024\/06\/caravane-camping-car-camper-van-1-w640-300x200.jpg 300w\" sizes=\"auto, (max-width: 640px) 100vw, 640px\" \/><\/figure>\n\n\n\n<p>In dem Gebiet des Val d&#8217;Anniviers gibt es eine Vielzahl interessanter Gesteinsarten. Abgesehen von den Legenden, die sich um diese Steine ranken, stammen diese aus der Jungsteinzeit, der Steinzeit oder der Bronzezeit. Der Grund f\u00fcr die Entstehung der Gesteinsmuster konnte bis heute nie genau gekl\u00e4rt worden, aber es scheint, dass diese Steine als Unterlage f\u00fcr Gravuren oder zur Herstellung von Werkzeugen verwendet wurden. Die Grimentzer Schalensteine wurden an einem Ort namens &#8222;Chlasche&#8220; gefunden, der sich vor der Br\u00fccke \u00fcber den Bach Gougra bei Ilot Bosquet, auf dem Weg um den See, befindet.<\/p>\n\n\n\n<p>Um Ihre n\u00e4chste Expedition zum Moiry-Gletscher mit dem Wohnmobil, Wohnwagen oder Reisemobil zu organisieren, k\u00f6nnen Sie auch die verschiedenen zur Verf\u00fcgung stehenden Stellplatz-Hilfsmittel verwenden (<a href=\"https:\/\/www.bantam.ch\/blog\/post.php?s=2021-07-21-ou-stationner-en-suisse-avec-son-camping-car-camper-van-ou-caravane-\" target=\"_blank\" rel=\"noreferrer noopener\">siehe unseren Artikel zu diesem Thema<\/a>). Wenn Sie kein Fahrzeug haben, laden wir Sie ein, sich mit uns in Verbindung zu setzen, um sich \u00fcber unsere&nbsp;<a href=\"https:\/\/www.bantam.ch\/blog\/post.php?s=2021-02-18-location-2021\" target=\"_blank\" rel=\"noreferrer noopener\">Mietangebote<\/a>&nbsp;f\u00fcr einen Wochenend-Trip zu informieren. Diese Reise ist perfekt f\u00fcr ein erstes Camping-Erlebnis.<\/p>\n\n\n\n<p><strong>Etagni\u00e8res\/VD<\/strong>, Route en Rambuz 1 &#8211; 1037 Etagni\u00e8res, Telefon:&nbsp;<a href=\"tel:021 731 91 91\">021 731 91 91<\/a>&nbsp;oder bwinfo@bantam.ch &nbsp;<\/p>\n\n\n\n<p><strong>Hindelbank\/BE<\/strong>, Kirchbergstrasse 18 &#8211; 3324 Hindelbank, Telefon:&nbsp;<a href=\"tel:034 411 90 90\">034 411 90 90<\/a>&nbsp;oder info-hindelbank@bantam.ch<\/p>\n\n\n\n<p><strong>Urdorf\/ZH<\/strong>, Heinrich Stutz-Str. 4 &#8211; 8902 Urdorf, Telefon:&nbsp;<a href=\"tel:044 777 00 00\">044 777 00 00<\/a>&nbsp;oder info-urdorf@bantam.ch<em><br><\/em><\/p>\n","protected":false},"excerpt":{"rendered":"<p>Eine Reise in das Herz der Berge des Val de Moiry und Val d&#8217;Anniviers<\/p>\n","protected":false},"author":5,"featured_media":1595,"comment_status":"closed","ping_status":"closed","sticky":false,"template":"","format":"standard","meta":{"_acf_changed":false,"footnotes":""},"categories":[18],"tags":[],"class_list":["post-2406","post","type-post","status-publish","format-standard","has-post-thumbnail","hentry","category-informationen-events"],"acf":[],"yoast_head":"<!-- This site is optimized with the Yoast SEO plugin v27.4 - https:\/\/yoast.com\/product\/yoast-seo-wordpress\/ -->\n<title>Der Moiry-Gletscher - Bantam<\/title>\n<meta name=\"robots\" content=\"index, follow, max-snippet:-1, max-image-preview:large, max-video-preview:-1\" \/>\n<link rel=\"canonical\" href=\"https:\/\/bantam-corpo.dev-bantam.ch\/de\/der-moiry-gletscher\/\" \/>\n<meta property=\"og:locale\" content=\"de_DE\" \/>\n<meta property=\"og:type\" content=\"article\" \/>\n<meta property=\"og:title\" content=\"Der Moiry-Gletscher - Bantam\" \/>\n<meta property=\"og:description\" content=\"Eine Reise in das Herz der Berge des Val de Moiry und Val d&#039;Anniviers\" \/>\n<meta property=\"og:url\" content=\"https:\/\/bantam-corpo.dev-bantam.ch\/de\/der-moiry-gletscher\/\" \/>\n<meta property=\"og:site_name\" content=\"Bantam\" \/>\n<meta property=\"article:published_time\" content=\"2021-08-19T13:51:00+00:00\" \/>\n<meta property=\"article:modified_time\" content=\"2024-07-08T07:14:28+00:00\" \/>\n<meta property=\"og:image\" content=\"http:\/\/bantam-corpo.dev-bantam.ch\/wp-content\/uploads\/2024\/06\/moiry-lake-dam-and-glacier-w720h480.jpg\" \/>\n\t<meta property=\"og:image:width\" content=\"720\" \/>\n\t<meta property=\"og:image:height\" content=\"480\" \/>\n\t<meta property=\"og:image:type\" content=\"image\/jpeg\" \/>\n<meta name=\"author\" content=\"gilles\" \/>\n<meta name=\"twitter:card\" content=\"summary_large_image\" \/>\n<meta name=\"twitter:label1\" content=\"Written by\" \/>\n\t<meta name=\"twitter:data1\" content=\"gilles\" \/>\n\t<meta name=\"twitter:label2\" content=\"Est. reading time\" \/>\n\t<meta name=\"twitter:data2\" content=\"3 Minuten\" \/>\n<script type=\"application\/ld+json\" class=\"yoast-schema-graph\">{\"@context\":\"https:\\\/\\\/schema.org\",\"@graph\":[{\"@type\":\"Article\",\"@id\":\"https:\\\/\\\/bantam-corpo.dev-bantam.ch\\\/de\\\/der-moiry-gletscher\\\/#article\",\"isPartOf\":{\"@id\":\"https:\\\/\\\/bantam-corpo.dev-bantam.ch\\\/de\\\/der-moiry-gletscher\\\/\"},\"author\":{\"name\":\"gilles\",\"@id\":\"https:\\\/\\\/bantam-corpo.dev-bantam.ch\\\/de\\\/#\\\/schema\\\/person\\\/5ec32dca0d907db9d0c67843d1e1b47f\"},\"headline\":\"Der Moiry-Gletscher\",\"datePublished\":\"2021-08-19T13:51:00+00:00\",\"dateModified\":\"2024-07-08T07:14:28+00:00\",\"mainEntityOfPage\":{\"@id\":\"https:\\\/\\\/bantam-corpo.dev-bantam.ch\\\/de\\\/der-moiry-gletscher\\\/\"},\"wordCount\":359,\"image\":{\"@id\":\"https:\\\/\\\/bantam-corpo.dev-bantam.ch\\\/de\\\/der-moiry-gletscher\\\/#primaryimage\"},\"thumbnailUrl\":\"https:\\\/\\\/bantam-corpo.dev-bantam.ch\\\/wp-content\\\/uploads\\\/2024\\\/06\\\/moiry-lake-dam-and-glacier-w720h480.jpg\",\"articleSection\":[\"Informationen \\\/ Events\"],\"inLanguage\":\"de-DE\"},{\"@type\":\"WebPage\",\"@id\":\"https:\\\/\\\/bantam-corpo.dev-bantam.ch\\\/de\\\/der-moiry-gletscher\\\/\",\"url\":\"https:\\\/\\\/bantam-corpo.dev-bantam.ch\\\/de\\\/der-moiry-gletscher\\\/\",\"name\":\"Der Moiry-Gletscher - Bantam\",\"isPartOf\":{\"@id\":\"https:\\\/\\\/bantam-corpo.dev-bantam.ch\\\/de\\\/#website\"},\"primaryImageOfPage\":{\"@id\":\"https:\\\/\\\/bantam-corpo.dev-bantam.ch\\\/de\\\/der-moiry-gletscher\\\/#primaryimage\"},\"image\":{\"@id\":\"https:\\\/\\\/bantam-corpo.dev-bantam.ch\\\/de\\\/der-moiry-gletscher\\\/#primaryimage\"},\"thumbnailUrl\":\"https:\\\/\\\/bantam-corpo.dev-bantam.ch\\\/wp-content\\\/uploads\\\/2024\\\/06\\\/moiry-lake-dam-and-glacier-w720h480.jpg\",\"datePublished\":\"2021-08-19T13:51:00+00:00\",\"dateModified\":\"2024-07-08T07:14:28+00:00\",\"author\":{\"@id\":\"https:\\\/\\\/bantam-corpo.dev-bantam.ch\\\/de\\\/#\\\/schema\\\/person\\\/5ec32dca0d907db9d0c67843d1e1b47f\"},\"breadcrumb\":{\"@id\":\"https:\\\/\\\/bantam-corpo.dev-bantam.ch\\\/de\\\/der-moiry-gletscher\\\/#breadcrumb\"},\"inLanguage\":\"de-DE\",\"potentialAction\":[{\"@type\":\"ReadAction\",\"target\":[\"https:\\\/\\\/bantam-corpo.dev-bantam.ch\\\/de\\\/der-moiry-gletscher\\\/\"]}]},{\"@type\":\"ImageObject\",\"inLanguage\":\"de-DE\",\"@id\":\"https:\\\/\\\/bantam-corpo.dev-bantam.ch\\\/de\\\/der-moiry-gletscher\\\/#primaryimage\",\"url\":\"https:\\\/\\\/bantam-corpo.dev-bantam.ch\\\/wp-content\\\/uploads\\\/2024\\\/06\\\/moiry-lake-dam-and-glacier-w720h480.jpg\",\"contentUrl\":\"https:\\\/\\\/bantam-corpo.dev-bantam.ch\\\/wp-content\\\/uploads\\\/2024\\\/06\\\/moiry-lake-dam-and-glacier-w720h480.jpg\",\"width\":720,\"height\":480},{\"@type\":\"BreadcrumbList\",\"@id\":\"https:\\\/\\\/bantam-corpo.dev-bantam.ch\\\/de\\\/der-moiry-gletscher\\\/#breadcrumb\",\"itemListElement\":[{\"@type\":\"ListItem\",\"position\":1,\"name\":\"Home\",\"item\":\"https:\\\/\\\/bantam-corpo.dev-bantam.ch\\\/de\\\/\"},{\"@type\":\"ListItem\",\"position\":2,\"name\":\"Der Moiry-Gletscher\"}]},{\"@type\":\"WebSite\",\"@id\":\"https:\\\/\\\/bantam-corpo.dev-bantam.ch\\\/de\\\/#website\",\"url\":\"https:\\\/\\\/bantam-corpo.dev-bantam.ch\\\/de\\\/\",\"name\":\"Bantam\",\"description\":\"\",\"potentialAction\":[{\"@type\":\"SearchAction\",\"target\":{\"@type\":\"EntryPoint\",\"urlTemplate\":\"https:\\\/\\\/bantam-corpo.dev-bantam.ch\\\/de\\\/?s={search_term_string}\"},\"query-input\":{\"@type\":\"PropertyValueSpecification\",\"valueRequired\":true,\"valueName\":\"search_term_string\"}}],\"inLanguage\":\"de-DE\"},{\"@type\":\"Person\",\"@id\":\"https:\\\/\\\/bantam-corpo.dev-bantam.ch\\\/de\\\/#\\\/schema\\\/person\\\/5ec32dca0d907db9d0c67843d1e1b47f\",\"name\":\"gilles\",\"image\":{\"@type\":\"ImageObject\",\"inLanguage\":\"de-DE\",\"@id\":\"https:\\\/\\\/secure.gravatar.com\\\/avatar\\\/df2d89d22fbd99c8419e05386f0ccb4a5cfc4584b3f8cf2ce5f94d300cc7c08e?s=96&d=mm&r=g\",\"url\":\"https:\\\/\\\/secure.gravatar.com\\\/avatar\\\/df2d89d22fbd99c8419e05386f0ccb4a5cfc4584b3f8cf2ce5f94d300cc7c08e?s=96&d=mm&r=g\",\"contentUrl\":\"https:\\\/\\\/secure.gravatar.com\\\/avatar\\\/df2d89d22fbd99c8419e05386f0ccb4a5cfc4584b3f8cf2ce5f94d300cc7c08e?s=96&d=mm&r=g\",\"caption\":\"gilles\"},\"url\":\"https:\\\/\\\/bantam-corpo.dev-bantam.ch\\\/de\\\/author\\\/gilles\\\/\"}]}<\/script>\n<!-- \/ Yoast SEO plugin. -->","yoast_head_json":{"title":"Der Moiry-Gletscher - Bantam","robots":{"index":"index","follow":"follow","max-snippet":"max-snippet:-1","max-image-preview":"max-image-preview:large","max-video-preview":"max-video-preview:-1"},"canonical":"https:\/\/bantam-corpo.dev-bantam.ch\/de\/der-moiry-gletscher\/","og_locale":"de_DE","og_type":"article","og_title":"Der Moiry-Gletscher - Bantam","og_description":"Eine Reise in das Herz der Berge des Val de Moiry und Val d'Anniviers","og_url":"https:\/\/bantam-corpo.dev-bantam.ch\/de\/der-moiry-gletscher\/","og_site_name":"Bantam","article_published_time":"2021-08-19T13:51:00+00:00","article_modified_time":"2024-07-08T07:14:28+00:00","og_image":[{"width":720,"height":480,"url":"http:\/\/bantam-corpo.dev-bantam.ch\/wp-content\/uploads\/2024\/06\/moiry-lake-dam-and-glacier-w720h480.jpg","type":"image\/jpeg"}],"author":"gilles","twitter_card":"summary_large_image","twitter_misc":{"Written by":"gilles","Est. reading time":"3 Minuten"},"schema":{"@context":"https:\/\/schema.org","@graph":[{"@type":"Article","@id":"https:\/\/bantam-corpo.dev-bantam.ch\/de\/der-moiry-gletscher\/#article","isPartOf":{"@id":"https:\/\/bantam-corpo.dev-bantam.ch\/de\/der-moiry-gletscher\/"},"author":{"name":"gilles","@id":"https:\/\/bantam-corpo.dev-bantam.ch\/de\/#\/schema\/person\/5ec32dca0d907db9d0c67843d1e1b47f"},"headline":"Der Moiry-Gletscher","datePublished":"2021-08-19T13:51:00+00:00","dateModified":"2024-07-08T07:14:28+00:00","mainEntityOfPage":{"@id":"https:\/\/bantam-corpo.dev-bantam.ch\/de\/der-moiry-gletscher\/"},"wordCount":359,"image":{"@id":"https:\/\/bantam-corpo.dev-bantam.ch\/de\/der-moiry-gletscher\/#primaryimage"},"thumbnailUrl":"https:\/\/bantam-corpo.dev-bantam.ch\/wp-content\/uploads\/2024\/06\/moiry-lake-dam-and-glacier-w720h480.jpg","articleSection":["Informationen \/ Events"],"inLanguage":"de-DE"},{"@type":"WebPage","@id":"https:\/\/bantam-corpo.dev-bantam.ch\/de\/der-moiry-gletscher\/","url":"https:\/\/bantam-corpo.dev-bantam.ch\/de\/der-moiry-gletscher\/","name":"Der Moiry-Gletscher - Bantam","isPartOf":{"@id":"https:\/\/bantam-corpo.dev-bantam.ch\/de\/#website"},"primaryImageOfPage":{"@id":"https:\/\/bantam-corpo.dev-bantam.ch\/de\/der-moiry-gletscher\/#primaryimage"},"image":{"@id":"https:\/\/bantam-corpo.dev-bantam.ch\/de\/der-moiry-gletscher\/#primaryimage"},"thumbnailUrl":"https:\/\/bantam-corpo.dev-bantam.ch\/wp-content\/uploads\/2024\/06\/moiry-lake-dam-and-glacier-w720h480.jpg","datePublished":"2021-08-19T13:51:00+00:00","dateModified":"2024-07-08T07:14:28+00:00","author":{"@id":"https:\/\/bantam-corpo.dev-bantam.ch\/de\/#\/schema\/person\/5ec32dca0d907db9d0c67843d1e1b47f"},"breadcrumb":{"@id":"https:\/\/bantam-corpo.dev-bantam.ch\/de\/der-moiry-gletscher\/#breadcrumb"},"inLanguage":"de-DE","potentialAction":[{"@type":"ReadAction","target":["https:\/\/bantam-corpo.dev-bantam.ch\/de\/der-moiry-gletscher\/"]}]},{"@type":"ImageObject","inLanguage":"de-DE","@id":"https:\/\/bantam-corpo.dev-bantam.ch\/de\/der-moiry-gletscher\/#primaryimage","url":"https:\/\/bantam-corpo.dev-bantam.ch\/wp-content\/uploads\/2024\/06\/moiry-lake-dam-and-glacier-w720h480.jpg","contentUrl":"https:\/\/bantam-corpo.dev-bantam.ch\/wp-content\/uploads\/2024\/06\/moiry-lake-dam-and-glacier-w720h480.jpg","width":720,"height":480},{"@type":"BreadcrumbList","@id":"https:\/\/bantam-corpo.dev-bantam.ch\/de\/der-moiry-gletscher\/#breadcrumb","itemListElement":[{"@type":"ListItem","position":1,"name":"Home","item":"https:\/\/bantam-corpo.dev-bantam.ch\/de\/"},{"@type":"ListItem","position":2,"name":"Der Moiry-Gletscher"}]},{"@type":"WebSite","@id":"https:\/\/bantam-corpo.dev-bantam.ch\/de\/#website","url":"https:\/\/bantam-corpo.dev-bantam.ch\/de\/","name":"Bantam","description":"","potentialAction":[{"@type":"SearchAction","target":{"@type":"EntryPoint","urlTemplate":"https:\/\/bantam-corpo.dev-bantam.ch\/de\/?s={search_term_string}"},"query-input":{"@type":"PropertyValueSpecification","valueRequired":true,"valueName":"search_term_string"}}],"inLanguage":"de-DE"},{"@type":"Person","@id":"https:\/\/bantam-corpo.dev-bantam.ch\/de\/#\/schema\/person\/5ec32dca0d907db9d0c67843d1e1b47f","name":"gilles","image":{"@type":"ImageObject","inLanguage":"de-DE","@id":"https:\/\/secure.gravatar.com\/avatar\/df2d89d22fbd99c8419e05386f0ccb4a5cfc4584b3f8cf2ce5f94d300cc7c08e?s=96&d=mm&r=g","url":"https:\/\/secure.gravatar.com\/avatar\/df2d89d22fbd99c8419e05386f0ccb4a5cfc4584b3f8cf2ce5f94d300cc7c08e?s=96&d=mm&r=g","contentUrl":"https:\/\/secure.gravatar.com\/avatar\/df2d89d22fbd99c8419e05386f0ccb4a5cfc4584b3f8cf2ce5f94d300cc7c08e?s=96&d=mm&r=g","caption":"gilles"},"url":"https:\/\/bantam-corpo.dev-bantam.ch\/de\/author\/gilles\/"}]}},"publishpress_future_action":{"enabled":false,"date":"2026-05-06 12:55:34","action":"change-status","newStatus":"draft","terms":[],"taxonomy":"category","extraData":[]},"publishpress_future_workflow_manual_trigger":{"enabledWorkflows":[]},"featured_image_url":"https:\/\/bantam-corpo.dev-bantam.ch\/wp-content\/uploads\/2024\/06\/moiry-lake-dam-and-glacier-w720h480.jpg","permalink":"https:\/\/bantam-corpo.dev-bantam.ch\/de\/der-moiry-gletscher\/","lang":"de","_links":{"self":[{"href":"https:\/\/bantam-corpo.dev-bantam.ch\/de\/wp-json\/wp\/v2\/posts\/2406","targetHints":{"allow":["GET"]}}],"collection":[{"href":"https:\/\/bantam-corpo.dev-bantam.ch\/de\/wp-json\/wp\/v2\/posts"}],"about":[{"href":"https:\/\/bantam-corpo.dev-bantam.ch\/de\/wp-json\/wp\/v2\/types\/post"}],"author":[{"embeddable":true,"href":"https:\/\/bantam-corpo.dev-bantam.ch\/de\/wp-json\/wp\/v2\/users\/5"}],"replies":[{"embeddable":true,"href":"https:\/\/bantam-corpo.dev-bantam.ch\/de\/wp-json\/wp\/v2\/comments?post=2406"}],"version-history":[{"count":1,"href":"https:\/\/bantam-corpo.dev-bantam.ch\/de\/wp-json\/wp\/v2\/posts\/2406\/revisions"}],"predecessor-version":[{"id":2430,"href":"https:\/\/bantam-corpo.dev-bantam.ch\/de\/wp-json\/wp\/v2\/posts\/2406\/revisions\/2430"}],"wp:featuredmedia":[{"embeddable":true,"href":"https:\/\/bantam-corpo.dev-bantam.ch\/de\/wp-json\/wp\/v2\/media\/1595"}],"wp:attachment":[{"href":"https:\/\/bantam-corpo.dev-bantam.ch\/de\/wp-json\/wp\/v2\/media?parent=2406"}],"wp:term":[{"taxonomy":"category","embeddable":true,"href":"https:\/\/bantam-corpo.dev-bantam.ch\/de\/wp-json\/wp\/v2\/categories?post=2406"},{"taxonomy":"post_tag","embeddable":true,"href":"https:\/\/bantam-corpo.dev-bantam.ch\/de\/wp-json\/wp\/v2\/tags?post=2406"}],"curies":[{"name":"wp","href":"https:\/\/api.w.org\/{rel}","templated":true}]}}