{"id":2404,"date":"2021-10-07T15:45:00","date_gmt":"2021-10-07T13:45:00","guid":{"rendered":"https:\/\/bantam-corpo.dev-bantam.ch\/suisse-caravan-salon-a-berne-2\/"},"modified":"2024-07-08T09:07:34","modified_gmt":"2024-07-08T07:07:34","slug":"suisse-caravan-salon-bern-2","status":"publish","type":"post","link":"https:\/\/bantam-corpo.dev-bantam.ch\/de\/suisse-caravan-salon-bern-2\/","title":{"rendered":"Suisse Caravan Salon &#8211; Bern"},"content":{"rendered":"\n<figure class=\"wp-block-image size-full\"><img loading=\"lazy\" decoding=\"async\" width=\"720\" height=\"480\" src=\"https:\/\/bantam-corpo.dev-bantam.ch\/wp-content\/uploads\/2024\/06\/csb-w720h480.png\" alt=\"\" class=\"wp-image-432\" srcset=\"https:\/\/bantam-corpo.dev-bantam.ch\/wp-content\/uploads\/2024\/06\/csb-w720h480.png 720w, https:\/\/bantam-corpo.dev-bantam.ch\/wp-content\/uploads\/2024\/06\/csb-w720h480-300x200.png 300w\" sizes=\"auto, (max-width: 720px) 100vw, 720px\" \/><\/figure>\n\n\n\n<p><strong>28. Oktober bis 01.&nbsp;<\/strong><strong>November 2021<\/strong><\/p>\n\n\n\n<p>Der Suisse Caravan Salon findet vom 28. Oktober bis 1. November 2021 auf dem Messegel\u00e4nde der BERNEXPO im Herzen der Stadt Bern statt. Was f\u00fcr eine Freude, wieder einmal zusammenzukommen und Ihnen zu zeigen, was es im Camping-Sektor Neues gibt!<\/p>\n\n\n\n<p>Wir laden Sie ein, Ihre Neugier in Sachen Camping zu befriedigen und Ihre Frage zu beantworten: Wie k\u00f6nnen Sie das Leben und Ihre Freizeit genie\u00dfen? Mit einem Van, einem Wohnmobil oder einem Wohnwagen zu reisen, ist nicht nur eine Modeerscheinung, es ist vor allem eine Philosophie. Besuchen Sie uns also auf dem Swiss Caravan Salon und lernen Sie die Welt des Campings kennen.<\/p>\n\n\n\n<p>Ob Sie nun ein Van-, ein Wohnmobil- oder Wohnwagen-Liebhaber sind, Sie werden begeistert sein! Dieses Jahr werden Sie viele Neuheiten auf unseren Marken-St\u00e4nden entdecken.<\/p>\n\n\n\n<p><strong>Bantam Van : Halle 3.2<\/strong><br><strong>Carado : Halle 3.2<br>Carthago : Halle 3.2<br>Fendt : Halle 2.2<br>Hanroad : Halle 3.2<br>Hobby : Halle 2.0<br>JOA&nbsp;: Halle 3.2<br>Laika : Halle 3.2<br>Malibu Van : Halle 3.2<br>Pilote : Halle 3.2<\/strong><\/p>\n\n\n\n<p>Neben den tollen Produktpr\u00e4sentationen bietet Ihnen die BERNEXPO eine Reihe von Einrichtungen an, die Ihren Besuch erleichtern:<br>&#8211; Eine Kinderkrippe von 3 bis 8 Jahren mit einem breiten Angebot an Aktivit\u00e4ten und Spielen<br>&#8211; Ein Stillraum mit Wickeltisch<br>&#8211; Alle Geb\u00e4ude sind f\u00fcr Rollstuhlfahrer zug\u00e4nglich<br>&#8211; F\u00fcr Hunde eine Hundeh\u00fctte mit Hundef\u00fchrern, die sich um Ihren Hund k\u00fcmmern mit der<br>&nbsp; M\u00f6glichkeit von Spazierg\u00e4ngen)<\/p>\n\n\n\n<p>F\u00fcr weitere Fragen und Ausk\u00fcnfte zu unserem Messeauftritt, wenden Sie sich bitte an uns unsere Teams. Wir sind Ihnen gerne behilflich.<\/p>\n\n\n\n<p><strong>Der Suisse Caravan Salon &#8211; die gr\u00f6sste und vielf\u00e4ltigste Messe der Schweiz f\u00fcr Caravaning und Camping<\/strong><\/p>\n\n\n\n<p><strong>Etagni\u00e8res\/VD<\/strong>, Route en Rambuz 1 &#8211; 1037 Etagni\u00e8res, Telefon:&nbsp;<a href=\"tel:021 731 91 91\">021 731 91 91<\/a>&nbsp;oder bwinfo@bantam.ch &nbsp;<\/p>\n\n\n\n<p><strong>Hindelbank\/BE<\/strong>, Kirchbergstrasse 18 &#8211; 3324 Hindelbank, Telefon:&nbsp;<a href=\"tel:034 411 90 90\">034 411 90 90<\/a>&nbsp;oder info-hindelbank@bantam.ch<\/p>\n\n\n\n<p><strong>Urdorf\/ZH<\/strong>, Heinrich Stutz-Str. 4 &#8211; 8902 Urdorf, Telefon:&nbsp;<a href=\"tel:044 777 00 00\">044 777 00 00<\/a>&nbsp;oder info-urdorf@bantam.ch<\/p>\n","protected":false},"excerpt":{"rendered":"<p>28. Oktober bis 01.\u00a0November 2021<\/p>\n","protected":false},"author":5,"featured_media":1587,"comment_status":"closed","ping_status":"closed","sticky":false,"template":"","format":"standard","meta":{"_acf_changed":false,"footnotes":""},"categories":[18],"tags":[],"class_list":["post-2404","post","type-post","status-publish","format-standard","has-post-thumbnail","hentry","category-informationen-events"],"acf":[],"yoast_head":"<!-- This site is optimized with the Yoast SEO plugin v27.4 - https:\/\/yoast.com\/product\/yoast-seo-wordpress\/ -->\n<title>Suisse Caravan Salon - Bern - Bantam<\/title>\n<meta name=\"robots\" content=\"index, follow, max-snippet:-1, max-image-preview:large, max-video-preview:-1\" \/>\n<link rel=\"canonical\" href=\"https:\/\/bantam-corpo.dev-bantam.ch\/de\/suisse-caravan-salon-bern-2\/\" \/>\n<meta property=\"og:locale\" content=\"de_DE\" \/>\n<meta property=\"og:type\" content=\"article\" \/>\n<meta property=\"og:title\" content=\"Suisse Caravan Salon - Bern - Bantam\" \/>\n<meta property=\"og:description\" content=\"28. Oktober bis 01.\u00a0November 2021\" \/>\n<meta property=\"og:url\" content=\"https:\/\/bantam-corpo.dev-bantam.ch\/de\/suisse-caravan-salon-bern-2\/\" \/>\n<meta property=\"og:site_name\" content=\"Bantam\" \/>\n<meta property=\"article:published_time\" content=\"2021-10-07T13:45:00+00:00\" \/>\n<meta property=\"article:modified_time\" content=\"2024-07-08T07:07:34+00:00\" \/>\n<meta property=\"og:image\" content=\"http:\/\/bantam-corpo.dev-bantam.ch\/wp-content\/uploads\/2024\/06\/csb-w720h480.png\" \/>\n\t<meta property=\"og:image:width\" content=\"720\" \/>\n\t<meta property=\"og:image:height\" content=\"480\" \/>\n\t<meta property=\"og:image:type\" content=\"image\/png\" \/>\n<meta name=\"author\" content=\"gilles\" \/>\n<meta name=\"twitter:card\" content=\"summary_large_image\" \/>\n<meta name=\"twitter:label1\" content=\"Written by\" \/>\n\t<meta name=\"twitter:data1\" content=\"gilles\" \/>\n\t<meta name=\"twitter:label2\" content=\"Est. reading time\" \/>\n\t<meta name=\"twitter:data2\" content=\"2 Minuten\" \/>\n<script type=\"application\/ld+json\" class=\"yoast-schema-graph\">{\"@context\":\"https:\\\/\\\/schema.org\",\"@graph\":[{\"@type\":\"Article\",\"@id\":\"https:\\\/\\\/bantam-corpo.dev-bantam.ch\\\/de\\\/suisse-caravan-salon-bern-2\\\/#article\",\"isPartOf\":{\"@id\":\"https:\\\/\\\/bantam-corpo.dev-bantam.ch\\\/de\\\/suisse-caravan-salon-bern-2\\\/\"},\"author\":{\"name\":\"gilles\",\"@id\":\"https:\\\/\\\/bantam-corpo.dev-bantam.ch\\\/de\\\/#\\\/schema\\\/person\\\/5ec32dca0d907db9d0c67843d1e1b47f\"},\"headline\":\"Suisse Caravan Salon &#8211; Bern\",\"datePublished\":\"2021-10-07T13:45:00+00:00\",\"dateModified\":\"2024-07-08T07:07:34+00:00\",\"mainEntityOfPage\":{\"@id\":\"https:\\\/\\\/bantam-corpo.dev-bantam.ch\\\/de\\\/suisse-caravan-salon-bern-2\\\/\"},\"wordCount\":315,\"image\":{\"@id\":\"https:\\\/\\\/bantam-corpo.dev-bantam.ch\\\/de\\\/suisse-caravan-salon-bern-2\\\/#primaryimage\"},\"thumbnailUrl\":\"https:\\\/\\\/bantam-corpo.dev-bantam.ch\\\/wp-content\\\/uploads\\\/2024\\\/06\\\/csb-w720h480.png\",\"articleSection\":[\"Informationen \\\/ Events\"],\"inLanguage\":\"de-DE\"},{\"@type\":\"WebPage\",\"@id\":\"https:\\\/\\\/bantam-corpo.dev-bantam.ch\\\/de\\\/suisse-caravan-salon-bern-2\\\/\",\"url\":\"https:\\\/\\\/bantam-corpo.dev-bantam.ch\\\/de\\\/suisse-caravan-salon-bern-2\\\/\",\"name\":\"Suisse Caravan Salon - Bern - Bantam\",\"isPartOf\":{\"@id\":\"https:\\\/\\\/bantam-corpo.dev-bantam.ch\\\/de\\\/#website\"},\"primaryImageOfPage\":{\"@id\":\"https:\\\/\\\/bantam-corpo.dev-bantam.ch\\\/de\\\/suisse-caravan-salon-bern-2\\\/#primaryimage\"},\"image\":{\"@id\":\"https:\\\/\\\/bantam-corpo.dev-bantam.ch\\\/de\\\/suisse-caravan-salon-bern-2\\\/#primaryimage\"},\"thumbnailUrl\":\"https:\\\/\\\/bantam-corpo.dev-bantam.ch\\\/wp-content\\\/uploads\\\/2024\\\/06\\\/csb-w720h480.png\",\"datePublished\":\"2021-10-07T13:45:00+00:00\",\"dateModified\":\"2024-07-08T07:07:34+00:00\",\"author\":{\"@id\":\"https:\\\/\\\/bantam-corpo.dev-bantam.ch\\\/de\\\/#\\\/schema\\\/person\\\/5ec32dca0d907db9d0c67843d1e1b47f\"},\"breadcrumb\":{\"@id\":\"https:\\\/\\\/bantam-corpo.dev-bantam.ch\\\/de\\\/suisse-caravan-salon-bern-2\\\/#breadcrumb\"},\"inLanguage\":\"de-DE\",\"potentialAction\":[{\"@type\":\"ReadAction\",\"target\":[\"https:\\\/\\\/bantam-corpo.dev-bantam.ch\\\/de\\\/suisse-caravan-salon-bern-2\\\/\"]}]},{\"@type\":\"ImageObject\",\"inLanguage\":\"de-DE\",\"@id\":\"https:\\\/\\\/bantam-corpo.dev-bantam.ch\\\/de\\\/suisse-caravan-salon-bern-2\\\/#primaryimage\",\"url\":\"https:\\\/\\\/bantam-corpo.dev-bantam.ch\\\/wp-content\\\/uploads\\\/2024\\\/06\\\/csb-w720h480.png\",\"contentUrl\":\"https:\\\/\\\/bantam-corpo.dev-bantam.ch\\\/wp-content\\\/uploads\\\/2024\\\/06\\\/csb-w720h480.png\",\"width\":720,\"height\":480},{\"@type\":\"BreadcrumbList\",\"@id\":\"https:\\\/\\\/bantam-corpo.dev-bantam.ch\\\/de\\\/suisse-caravan-salon-bern-2\\\/#breadcrumb\",\"itemListElement\":[{\"@type\":\"ListItem\",\"position\":1,\"name\":\"Home\",\"item\":\"https:\\\/\\\/bantam-corpo.dev-bantam.ch\\\/de\\\/\"},{\"@type\":\"ListItem\",\"position\":2,\"name\":\"Suisse Caravan Salon &#8211; Bern\"}]},{\"@type\":\"WebSite\",\"@id\":\"https:\\\/\\\/bantam-corpo.dev-bantam.ch\\\/de\\\/#website\",\"url\":\"https:\\\/\\\/bantam-corpo.dev-bantam.ch\\\/de\\\/\",\"name\":\"Bantam\",\"description\":\"\",\"potentialAction\":[{\"@type\":\"SearchAction\",\"target\":{\"@type\":\"EntryPoint\",\"urlTemplate\":\"https:\\\/\\\/bantam-corpo.dev-bantam.ch\\\/de\\\/?s={search_term_string}\"},\"query-input\":{\"@type\":\"PropertyValueSpecification\",\"valueRequired\":true,\"valueName\":\"search_term_string\"}}],\"inLanguage\":\"de-DE\"},{\"@type\":\"Person\",\"@id\":\"https:\\\/\\\/bantam-corpo.dev-bantam.ch\\\/de\\\/#\\\/schema\\\/person\\\/5ec32dca0d907db9d0c67843d1e1b47f\",\"name\":\"gilles\",\"image\":{\"@type\":\"ImageObject\",\"inLanguage\":\"de-DE\",\"@id\":\"https:\\\/\\\/secure.gravatar.com\\\/avatar\\\/df2d89d22fbd99c8419e05386f0ccb4a5cfc4584b3f8cf2ce5f94d300cc7c08e?s=96&d=mm&r=g\",\"url\":\"https:\\\/\\\/secure.gravatar.com\\\/avatar\\\/df2d89d22fbd99c8419e05386f0ccb4a5cfc4584b3f8cf2ce5f94d300cc7c08e?s=96&d=mm&r=g\",\"contentUrl\":\"https:\\\/\\\/secure.gravatar.com\\\/avatar\\\/df2d89d22fbd99c8419e05386f0ccb4a5cfc4584b3f8cf2ce5f94d300cc7c08e?s=96&d=mm&r=g\",\"caption\":\"gilles\"},\"url\":\"https:\\\/\\\/bantam-corpo.dev-bantam.ch\\\/de\\\/author\\\/gilles\\\/\"}]}<\/script>\n<!-- \/ Yoast SEO plugin. -->","yoast_head_json":{"title":"Suisse Caravan Salon - Bern - Bantam","robots":{"index":"index","follow":"follow","max-snippet":"max-snippet:-1","max-image-preview":"max-image-preview:large","max-video-preview":"max-video-preview:-1"},"canonical":"https:\/\/bantam-corpo.dev-bantam.ch\/de\/suisse-caravan-salon-bern-2\/","og_locale":"de_DE","og_type":"article","og_title":"Suisse Caravan Salon - Bern - Bantam","og_description":"28. Oktober bis 01.\u00a0November 2021","og_url":"https:\/\/bantam-corpo.dev-bantam.ch\/de\/suisse-caravan-salon-bern-2\/","og_site_name":"Bantam","article_published_time":"2021-10-07T13:45:00+00:00","article_modified_time":"2024-07-08T07:07:34+00:00","og_image":[{"width":720,"height":480,"url":"http:\/\/bantam-corpo.dev-bantam.ch\/wp-content\/uploads\/2024\/06\/csb-w720h480.png","type":"image\/png"}],"author":"gilles","twitter_card":"summary_large_image","twitter_misc":{"Written by":"gilles","Est. reading time":"2 Minuten"},"schema":{"@context":"https:\/\/schema.org","@graph":[{"@type":"Article","@id":"https:\/\/bantam-corpo.dev-bantam.ch\/de\/suisse-caravan-salon-bern-2\/#article","isPartOf":{"@id":"https:\/\/bantam-corpo.dev-bantam.ch\/de\/suisse-caravan-salon-bern-2\/"},"author":{"name":"gilles","@id":"https:\/\/bantam-corpo.dev-bantam.ch\/de\/#\/schema\/person\/5ec32dca0d907db9d0c67843d1e1b47f"},"headline":"Suisse Caravan Salon &#8211; Bern","datePublished":"2021-10-07T13:45:00+00:00","dateModified":"2024-07-08T07:07:34+00:00","mainEntityOfPage":{"@id":"https:\/\/bantam-corpo.dev-bantam.ch\/de\/suisse-caravan-salon-bern-2\/"},"wordCount":315,"image":{"@id":"https:\/\/bantam-corpo.dev-bantam.ch\/de\/suisse-caravan-salon-bern-2\/#primaryimage"},"thumbnailUrl":"https:\/\/bantam-corpo.dev-bantam.ch\/wp-content\/uploads\/2024\/06\/csb-w720h480.png","articleSection":["Informationen \/ Events"],"inLanguage":"de-DE"},{"@type":"WebPage","@id":"https:\/\/bantam-corpo.dev-bantam.ch\/de\/suisse-caravan-salon-bern-2\/","url":"https:\/\/bantam-corpo.dev-bantam.ch\/de\/suisse-caravan-salon-bern-2\/","name":"Suisse Caravan Salon - Bern - Bantam","isPartOf":{"@id":"https:\/\/bantam-corpo.dev-bantam.ch\/de\/#website"},"primaryImageOfPage":{"@id":"https:\/\/bantam-corpo.dev-bantam.ch\/de\/suisse-caravan-salon-bern-2\/#primaryimage"},"image":{"@id":"https:\/\/bantam-corpo.dev-bantam.ch\/de\/suisse-caravan-salon-bern-2\/#primaryimage"},"thumbnailUrl":"https:\/\/bantam-corpo.dev-bantam.ch\/wp-content\/uploads\/2024\/06\/csb-w720h480.png","datePublished":"2021-10-07T13:45:00+00:00","dateModified":"2024-07-08T07:07:34+00:00","author":{"@id":"https:\/\/bantam-corpo.dev-bantam.ch\/de\/#\/schema\/person\/5ec32dca0d907db9d0c67843d1e1b47f"},"breadcrumb":{"@id":"https:\/\/bantam-corpo.dev-bantam.ch\/de\/suisse-caravan-salon-bern-2\/#breadcrumb"},"inLanguage":"de-DE","potentialAction":[{"@type":"ReadAction","target":["https:\/\/bantam-corpo.dev-bantam.ch\/de\/suisse-caravan-salon-bern-2\/"]}]},{"@type":"ImageObject","inLanguage":"de-DE","@id":"https:\/\/bantam-corpo.dev-bantam.ch\/de\/suisse-caravan-salon-bern-2\/#primaryimage","url":"https:\/\/bantam-corpo.dev-bantam.ch\/wp-content\/uploads\/2024\/06\/csb-w720h480.png","contentUrl":"https:\/\/bantam-corpo.dev-bantam.ch\/wp-content\/uploads\/2024\/06\/csb-w720h480.png","width":720,"height":480},{"@type":"BreadcrumbList","@id":"https:\/\/bantam-corpo.dev-bantam.ch\/de\/suisse-caravan-salon-bern-2\/#breadcrumb","itemListElement":[{"@type":"ListItem","position":1,"name":"Home","item":"https:\/\/bantam-corpo.dev-bantam.ch\/de\/"},{"@type":"ListItem","position":2,"name":"Suisse Caravan Salon &#8211; Bern"}]},{"@type":"WebSite","@id":"https:\/\/bantam-corpo.dev-bantam.ch\/de\/#website","url":"https:\/\/bantam-corpo.dev-bantam.ch\/de\/","name":"Bantam","description":"","potentialAction":[{"@type":"SearchAction","target":{"@type":"EntryPoint","urlTemplate":"https:\/\/bantam-corpo.dev-bantam.ch\/de\/?s={search_term_string}"},"query-input":{"@type":"PropertyValueSpecification","valueRequired":true,"valueName":"search_term_string"}}],"inLanguage":"de-DE"},{"@type":"Person","@id":"https:\/\/bantam-corpo.dev-bantam.ch\/de\/#\/schema\/person\/5ec32dca0d907db9d0c67843d1e1b47f","name":"gilles","image":{"@type":"ImageObject","inLanguage":"de-DE","@id":"https:\/\/secure.gravatar.com\/avatar\/df2d89d22fbd99c8419e05386f0ccb4a5cfc4584b3f8cf2ce5f94d300cc7c08e?s=96&d=mm&r=g","url":"https:\/\/secure.gravatar.com\/avatar\/df2d89d22fbd99c8419e05386f0ccb4a5cfc4584b3f8cf2ce5f94d300cc7c08e?s=96&d=mm&r=g","contentUrl":"https:\/\/secure.gravatar.com\/avatar\/df2d89d22fbd99c8419e05386f0ccb4a5cfc4584b3f8cf2ce5f94d300cc7c08e?s=96&d=mm&r=g","caption":"gilles"},"url":"https:\/\/bantam-corpo.dev-bantam.ch\/de\/author\/gilles\/"}]}},"publishpress_future_action":{"enabled":false,"date":"2026-05-06 13:08:34","action":"change-status","newStatus":"draft","terms":[],"taxonomy":"category","extraData":[]},"publishpress_future_workflow_manual_trigger":{"enabledWorkflows":[]},"featured_image_url":"https:\/\/bantam-corpo.dev-bantam.ch\/wp-content\/uploads\/2024\/06\/csb-w720h480.png","permalink":"https:\/\/bantam-corpo.dev-bantam.ch\/de\/suisse-caravan-salon-bern-2\/","lang":"de","_links":{"self":[{"href":"https:\/\/bantam-corpo.dev-bantam.ch\/de\/wp-json\/wp\/v2\/posts\/2404","targetHints":{"allow":["GET"]}}],"collection":[{"href":"https:\/\/bantam-corpo.dev-bantam.ch\/de\/wp-json\/wp\/v2\/posts"}],"about":[{"href":"https:\/\/bantam-corpo.dev-bantam.ch\/de\/wp-json\/wp\/v2\/types\/post"}],"author":[{"embeddable":true,"href":"https:\/\/bantam-corpo.dev-bantam.ch\/de\/wp-json\/wp\/v2\/users\/5"}],"replies":[{"embeddable":true,"href":"https:\/\/bantam-corpo.dev-bantam.ch\/de\/wp-json\/wp\/v2\/comments?post=2404"}],"version-history":[{"count":1,"href":"https:\/\/bantam-corpo.dev-bantam.ch\/de\/wp-json\/wp\/v2\/posts\/2404\/revisions"}],"predecessor-version":[{"id":2424,"href":"https:\/\/bantam-corpo.dev-bantam.ch\/de\/wp-json\/wp\/v2\/posts\/2404\/revisions\/2424"}],"wp:featuredmedia":[{"embeddable":true,"href":"https:\/\/bantam-corpo.dev-bantam.ch\/de\/wp-json\/wp\/v2\/media\/1587"}],"wp:attachment":[{"href":"https:\/\/bantam-corpo.dev-bantam.ch\/de\/wp-json\/wp\/v2\/media?parent=2404"}],"wp:term":[{"taxonomy":"category","embeddable":true,"href":"https:\/\/bantam-corpo.dev-bantam.ch\/de\/wp-json\/wp\/v2\/categories?post=2404"},{"taxonomy":"post_tag","embeddable":true,"href":"https:\/\/bantam-corpo.dev-bantam.ch\/de\/wp-json\/wp\/v2\/tags?post=2404"}],"curies":[{"name":"wp","href":"https:\/\/api.w.org\/{rel}","templated":true}]}}