{"id":2291,"date":"2022-10-07T11:25:00","date_gmt":"2022-10-07T09:25:00","guid":{"rendered":"https:\/\/bantam-corpo.dev-bantam.ch\/le-suisse-caravan-salon-a-berne\/"},"modified":"2024-07-05T16:21:47","modified_gmt":"2024-07-05T14:21:47","slug":"suisse-caravan-salon-bern","status":"publish","type":"post","link":"https:\/\/bantam-corpo.dev-bantam.ch\/de\/suisse-caravan-salon-bern\/","title":{"rendered":"SUISSE CARAVAN SALON &#8211; BERN"},"content":{"rendered":"\n<figure class=\"wp-block-image size-full is-resized\"><img loading=\"lazy\" decoding=\"async\" width=\"720\" height=\"405\" src=\"https:\/\/bantam-corpo.dev-bantam.ch\/wp-content\/uploads\/2024\/06\/csb-news-w720h480.png\" alt=\"\" class=\"wp-image-266\" style=\"width:720px;height:auto\" srcset=\"https:\/\/bantam-corpo.dev-bantam.ch\/wp-content\/uploads\/2024\/06\/csb-news-w720h480.png 720w, https:\/\/bantam-corpo.dev-bantam.ch\/wp-content\/uploads\/2024\/06\/csb-news-w720h480-300x169.png 300w\" sizes=\"auto, (max-width: 720px) 100vw, 720px\" \/><\/figure>\n\n\n\n<p><strong>Von Donnerstag, 27. bis Montag, 31. Oktober 2022<\/strong><\/p>\n\n\n\n<h3 class=\"wp-block-heading\"><strong>Der beliebteste Treffpunkt f\u00fcr Schweizer Camping- und Caravaning-Freunde ist der Suisse Caravan Salon<\/strong><\/h3>\n\n\n\n<p>Auch auf dem diesj\u00e4hrigen Suisse Caravan Salon ist Bantam mit seinem gesamten Produktsortiment von 13 Marken mit Wohnmobilen, Campervans und Wohnwagen vertreten. Sie sind herzlich eingeladen alle Neuheiten der Saison 2023 kennen zu lernen und unseren Verkaufsberatern alle Fragen zu stellen, die Ihnen rund um Camping auf dem Herzen liegen.<\/p>\n\n\n\n<p>Eine um&nbsp;<strong>Fr 5.- verg\u00fcnstigte Eintrittskarte<\/strong>&nbsp;k\u00f6nnen Sie direkt online auf den Internet-Seiten erwerben:<br>1.&nbsp;<a href=\"http:\/\/online.bernexpo.ch\/webshop\/181\/tickets\" target=\"_blank\" rel=\"noreferrer noopener\">Suisse Caravan Salon 2022<\/a>&nbsp;<br>2. Geben Sie den Promo-Code&nbsp;<strong>sc22bantam<\/strong>&nbsp;ein<br>3. W\u00e4hlen Sie Ihr Ticket und die Anzahl der Besucher<br>4. F\u00fcllen Sie die Informationen \u00fcber die Besucher aus<br>5. W\u00e4hlen Sie den Tag des Besuchs<br>6. Bestellen Sie Ihre Eintrittskarten<\/p>\n\n\n\n<p>Unsere Neuheiten und die Innovationen des Jahres 2023&nbsp;finden Sie bei Bantam auf folgenden Messe-St\u00e4nden:<br><strong>Bantam Van: Halle 3.2&nbsp;<br>B\u00fcrstner: Halle 3.2&nbsp;<br>Carado: Halle 3.2&nbsp;<br>Carthago: Halle 3.2&nbsp;<br>Eriba: Halle 3.2&nbsp;<br>Fendt: Halle 2.2&nbsp;<br>Hanroad: Halle 3.2&nbsp;<br>Hobby: Halle 2.0&nbsp;<br>Hymer: Zelt-Halle 33&nbsp;<br>Laika: Halle 3.2&nbsp;<br>Le Voyageur: Halle 3.2&nbsp;<br>Malibu: Halle 3.2&nbsp;<br>Pilote: Halle 3.2<\/strong><\/p>\n\n\n\n<p>Bern Expo bietet eine Vielzahl von Dienstleistungen an, die Ihnen bei Ihrem Besuch viel Komfort bieten: Tierbetreuung, Kinderbetreuung, Stillraum, Parkpl\u00e4tze in der N\u00e4he.<\/p>\n\n\n\n<p>Unsere Teams stehen Ihnen schon heute zur Verf\u00fcgung, um alle Ihre W\u00fcnsche zu erf\u00fcllen! Wir freuen uns auf Ihren Besuch!<\/p>\n\n\n\n<p><strong>Etagni\u00e8res\/VD<\/strong>, Route en Rambuz 1 &#8211; 1037 Etagni\u00e8res, Telefon:&nbsp;<a href=\"tel:021 731 91 91\">021 731 91 91<\/a>&nbsp;oder bwinfo@bantam.ch &nbsp;<\/p>\n\n\n\n<p><strong>Hindelbank\/BE<\/strong>, Kirchbergstrasse 18 &#8211; 3324 Hindelbank, Telefon:&nbsp;<a href=\"tel:034 411 90 90\">034 411 90 90<\/a>&nbsp;oder info-hindelbank@bantam.ch<\/p>\n\n\n\n<p><strong>Urdorf\/ZH<\/strong>, Heinrich Stutz-Str. 4 &#8211; 8902 Urdorf, Telefon:&nbsp;<a href=\"tel:044 777 00 00\">044 777 00 00<\/a>&nbsp;oder info-urdorf@bantam.ch<\/p>\n","protected":false},"excerpt":{"rendered":"<p>Von Donnerstag, 27. bis Montag, 31. Oktober 2022<\/p>\n","protected":false},"author":5,"featured_media":1511,"comment_status":"closed","ping_status":"closed","sticky":false,"template":"","format":"standard","meta":{"_acf_changed":false,"footnotes":""},"categories":[18],"tags":[],"class_list":["post-2291","post","type-post","status-publish","format-standard","has-post-thumbnail","hentry","category-informationen-events"],"acf":[],"yoast_head":"<!-- This site is optimized with the Yoast SEO plugin v27.4 - https:\/\/yoast.com\/product\/yoast-seo-wordpress\/ -->\n<title>SUISSE CARAVAN SALON - BERN - Bantam<\/title>\n<meta name=\"robots\" content=\"index, follow, max-snippet:-1, max-image-preview:large, max-video-preview:-1\" \/>\n<link rel=\"canonical\" href=\"https:\/\/bantam-corpo.dev-bantam.ch\/de\/suisse-caravan-salon-bern\/\" \/>\n<meta property=\"og:locale\" content=\"de_DE\" \/>\n<meta property=\"og:type\" content=\"article\" \/>\n<meta property=\"og:title\" content=\"SUISSE CARAVAN SALON - BERN - Bantam\" \/>\n<meta property=\"og:description\" content=\"Von Donnerstag, 27. bis Montag, 31. Oktober 2022\" \/>\n<meta property=\"og:url\" content=\"https:\/\/bantam-corpo.dev-bantam.ch\/de\/suisse-caravan-salon-bern\/\" \/>\n<meta property=\"og:site_name\" content=\"Bantam\" \/>\n<meta property=\"article:published_time\" content=\"2022-10-07T09:25:00+00:00\" \/>\n<meta property=\"article:modified_time\" content=\"2024-07-05T14:21:47+00:00\" \/>\n<meta property=\"og:image\" content=\"http:\/\/bantam-corpo.dev-bantam.ch\/wp-content\/uploads\/2024\/06\/csb-news-w720h480.png\" \/>\n\t<meta property=\"og:image:width\" content=\"720\" \/>\n\t<meta property=\"og:image:height\" content=\"405\" \/>\n\t<meta property=\"og:image:type\" content=\"image\/png\" \/>\n<meta name=\"author\" content=\"gilles\" \/>\n<meta name=\"twitter:card\" content=\"summary_large_image\" \/>\n<meta name=\"twitter:label1\" content=\"Written by\" \/>\n\t<meta name=\"twitter:data1\" content=\"gilles\" \/>\n\t<meta name=\"twitter:label2\" content=\"Est. reading time\" \/>\n\t<meta name=\"twitter:data2\" content=\"2 Minuten\" \/>\n<script type=\"application\/ld+json\" class=\"yoast-schema-graph\">{\"@context\":\"https:\\\/\\\/schema.org\",\"@graph\":[{\"@type\":\"Article\",\"@id\":\"https:\\\/\\\/bantam-corpo.dev-bantam.ch\\\/de\\\/suisse-caravan-salon-bern\\\/#article\",\"isPartOf\":{\"@id\":\"https:\\\/\\\/bantam-corpo.dev-bantam.ch\\\/de\\\/suisse-caravan-salon-bern\\\/\"},\"author\":{\"name\":\"gilles\",\"@id\":\"https:\\\/\\\/bantam-corpo.dev-bantam.ch\\\/de\\\/#\\\/schema\\\/person\\\/5ec32dca0d907db9d0c67843d1e1b47f\"},\"headline\":\"SUISSE CARAVAN SALON &#8211; BERN\",\"datePublished\":\"2022-10-07T09:25:00+00:00\",\"dateModified\":\"2024-07-05T14:21:47+00:00\",\"mainEntityOfPage\":{\"@id\":\"https:\\\/\\\/bantam-corpo.dev-bantam.ch\\\/de\\\/suisse-caravan-salon-bern\\\/\"},\"wordCount\":282,\"image\":{\"@id\":\"https:\\\/\\\/bantam-corpo.dev-bantam.ch\\\/de\\\/suisse-caravan-salon-bern\\\/#primaryimage\"},\"thumbnailUrl\":\"https:\\\/\\\/bantam-corpo.dev-bantam.ch\\\/wp-content\\\/uploads\\\/2024\\\/06\\\/csb-news-w720h480.png\",\"articleSection\":[\"Informationen \\\/ Events\"],\"inLanguage\":\"de-DE\"},{\"@type\":\"WebPage\",\"@id\":\"https:\\\/\\\/bantam-corpo.dev-bantam.ch\\\/de\\\/suisse-caravan-salon-bern\\\/\",\"url\":\"https:\\\/\\\/bantam-corpo.dev-bantam.ch\\\/de\\\/suisse-caravan-salon-bern\\\/\",\"name\":\"SUISSE CARAVAN SALON - BERN - Bantam\",\"isPartOf\":{\"@id\":\"https:\\\/\\\/bantam-corpo.dev-bantam.ch\\\/de\\\/#website\"},\"primaryImageOfPage\":{\"@id\":\"https:\\\/\\\/bantam-corpo.dev-bantam.ch\\\/de\\\/suisse-caravan-salon-bern\\\/#primaryimage\"},\"image\":{\"@id\":\"https:\\\/\\\/bantam-corpo.dev-bantam.ch\\\/de\\\/suisse-caravan-salon-bern\\\/#primaryimage\"},\"thumbnailUrl\":\"https:\\\/\\\/bantam-corpo.dev-bantam.ch\\\/wp-content\\\/uploads\\\/2024\\\/06\\\/csb-news-w720h480.png\",\"datePublished\":\"2022-10-07T09:25:00+00:00\",\"dateModified\":\"2024-07-05T14:21:47+00:00\",\"author\":{\"@id\":\"https:\\\/\\\/bantam-corpo.dev-bantam.ch\\\/de\\\/#\\\/schema\\\/person\\\/5ec32dca0d907db9d0c67843d1e1b47f\"},\"breadcrumb\":{\"@id\":\"https:\\\/\\\/bantam-corpo.dev-bantam.ch\\\/de\\\/suisse-caravan-salon-bern\\\/#breadcrumb\"},\"inLanguage\":\"de-DE\",\"potentialAction\":[{\"@type\":\"ReadAction\",\"target\":[\"https:\\\/\\\/bantam-corpo.dev-bantam.ch\\\/de\\\/suisse-caravan-salon-bern\\\/\"]}]},{\"@type\":\"ImageObject\",\"inLanguage\":\"de-DE\",\"@id\":\"https:\\\/\\\/bantam-corpo.dev-bantam.ch\\\/de\\\/suisse-caravan-salon-bern\\\/#primaryimage\",\"url\":\"https:\\\/\\\/bantam-corpo.dev-bantam.ch\\\/wp-content\\\/uploads\\\/2024\\\/06\\\/csb-news-w720h480.png\",\"contentUrl\":\"https:\\\/\\\/bantam-corpo.dev-bantam.ch\\\/wp-content\\\/uploads\\\/2024\\\/06\\\/csb-news-w720h480.png\",\"width\":720,\"height\":405},{\"@type\":\"BreadcrumbList\",\"@id\":\"https:\\\/\\\/bantam-corpo.dev-bantam.ch\\\/de\\\/suisse-caravan-salon-bern\\\/#breadcrumb\",\"itemListElement\":[{\"@type\":\"ListItem\",\"position\":1,\"name\":\"Home\",\"item\":\"https:\\\/\\\/bantam-corpo.dev-bantam.ch\\\/de\\\/\"},{\"@type\":\"ListItem\",\"position\":2,\"name\":\"SUISSE CARAVAN SALON &#8211; BERN\"}]},{\"@type\":\"WebSite\",\"@id\":\"https:\\\/\\\/bantam-corpo.dev-bantam.ch\\\/de\\\/#website\",\"url\":\"https:\\\/\\\/bantam-corpo.dev-bantam.ch\\\/de\\\/\",\"name\":\"Bantam\",\"description\":\"\",\"potentialAction\":[{\"@type\":\"SearchAction\",\"target\":{\"@type\":\"EntryPoint\",\"urlTemplate\":\"https:\\\/\\\/bantam-corpo.dev-bantam.ch\\\/de\\\/?s={search_term_string}\"},\"query-input\":{\"@type\":\"PropertyValueSpecification\",\"valueRequired\":true,\"valueName\":\"search_term_string\"}}],\"inLanguage\":\"de-DE\"},{\"@type\":\"Person\",\"@id\":\"https:\\\/\\\/bantam-corpo.dev-bantam.ch\\\/de\\\/#\\\/schema\\\/person\\\/5ec32dca0d907db9d0c67843d1e1b47f\",\"name\":\"gilles\",\"image\":{\"@type\":\"ImageObject\",\"inLanguage\":\"de-DE\",\"@id\":\"https:\\\/\\\/secure.gravatar.com\\\/avatar\\\/df2d89d22fbd99c8419e05386f0ccb4a5cfc4584b3f8cf2ce5f94d300cc7c08e?s=96&d=mm&r=g\",\"url\":\"https:\\\/\\\/secure.gravatar.com\\\/avatar\\\/df2d89d22fbd99c8419e05386f0ccb4a5cfc4584b3f8cf2ce5f94d300cc7c08e?s=96&d=mm&r=g\",\"contentUrl\":\"https:\\\/\\\/secure.gravatar.com\\\/avatar\\\/df2d89d22fbd99c8419e05386f0ccb4a5cfc4584b3f8cf2ce5f94d300cc7c08e?s=96&d=mm&r=g\",\"caption\":\"gilles\"},\"url\":\"https:\\\/\\\/bantam-corpo.dev-bantam.ch\\\/de\\\/author\\\/gilles\\\/\"}]}<\/script>\n<!-- \/ Yoast SEO plugin. -->","yoast_head_json":{"title":"SUISSE CARAVAN SALON - BERN - Bantam","robots":{"index":"index","follow":"follow","max-snippet":"max-snippet:-1","max-image-preview":"max-image-preview:large","max-video-preview":"max-video-preview:-1"},"canonical":"https:\/\/bantam-corpo.dev-bantam.ch\/de\/suisse-caravan-salon-bern\/","og_locale":"de_DE","og_type":"article","og_title":"SUISSE CARAVAN SALON - BERN - Bantam","og_description":"Von Donnerstag, 27. bis Montag, 31. Oktober 2022","og_url":"https:\/\/bantam-corpo.dev-bantam.ch\/de\/suisse-caravan-salon-bern\/","og_site_name":"Bantam","article_published_time":"2022-10-07T09:25:00+00:00","article_modified_time":"2024-07-05T14:21:47+00:00","og_image":[{"width":720,"height":405,"url":"http:\/\/bantam-corpo.dev-bantam.ch\/wp-content\/uploads\/2024\/06\/csb-news-w720h480.png","type":"image\/png"}],"author":"gilles","twitter_card":"summary_large_image","twitter_misc":{"Written by":"gilles","Est. reading time":"2 Minuten"},"schema":{"@context":"https:\/\/schema.org","@graph":[{"@type":"Article","@id":"https:\/\/bantam-corpo.dev-bantam.ch\/de\/suisse-caravan-salon-bern\/#article","isPartOf":{"@id":"https:\/\/bantam-corpo.dev-bantam.ch\/de\/suisse-caravan-salon-bern\/"},"author":{"name":"gilles","@id":"https:\/\/bantam-corpo.dev-bantam.ch\/de\/#\/schema\/person\/5ec32dca0d907db9d0c67843d1e1b47f"},"headline":"SUISSE CARAVAN SALON &#8211; BERN","datePublished":"2022-10-07T09:25:00+00:00","dateModified":"2024-07-05T14:21:47+00:00","mainEntityOfPage":{"@id":"https:\/\/bantam-corpo.dev-bantam.ch\/de\/suisse-caravan-salon-bern\/"},"wordCount":282,"image":{"@id":"https:\/\/bantam-corpo.dev-bantam.ch\/de\/suisse-caravan-salon-bern\/#primaryimage"},"thumbnailUrl":"https:\/\/bantam-corpo.dev-bantam.ch\/wp-content\/uploads\/2024\/06\/csb-news-w720h480.png","articleSection":["Informationen \/ Events"],"inLanguage":"de-DE"},{"@type":"WebPage","@id":"https:\/\/bantam-corpo.dev-bantam.ch\/de\/suisse-caravan-salon-bern\/","url":"https:\/\/bantam-corpo.dev-bantam.ch\/de\/suisse-caravan-salon-bern\/","name":"SUISSE CARAVAN SALON - BERN - Bantam","isPartOf":{"@id":"https:\/\/bantam-corpo.dev-bantam.ch\/de\/#website"},"primaryImageOfPage":{"@id":"https:\/\/bantam-corpo.dev-bantam.ch\/de\/suisse-caravan-salon-bern\/#primaryimage"},"image":{"@id":"https:\/\/bantam-corpo.dev-bantam.ch\/de\/suisse-caravan-salon-bern\/#primaryimage"},"thumbnailUrl":"https:\/\/bantam-corpo.dev-bantam.ch\/wp-content\/uploads\/2024\/06\/csb-news-w720h480.png","datePublished":"2022-10-07T09:25:00+00:00","dateModified":"2024-07-05T14:21:47+00:00","author":{"@id":"https:\/\/bantam-corpo.dev-bantam.ch\/de\/#\/schema\/person\/5ec32dca0d907db9d0c67843d1e1b47f"},"breadcrumb":{"@id":"https:\/\/bantam-corpo.dev-bantam.ch\/de\/suisse-caravan-salon-bern\/#breadcrumb"},"inLanguage":"de-DE","potentialAction":[{"@type":"ReadAction","target":["https:\/\/bantam-corpo.dev-bantam.ch\/de\/suisse-caravan-salon-bern\/"]}]},{"@type":"ImageObject","inLanguage":"de-DE","@id":"https:\/\/bantam-corpo.dev-bantam.ch\/de\/suisse-caravan-salon-bern\/#primaryimage","url":"https:\/\/bantam-corpo.dev-bantam.ch\/wp-content\/uploads\/2024\/06\/csb-news-w720h480.png","contentUrl":"https:\/\/bantam-corpo.dev-bantam.ch\/wp-content\/uploads\/2024\/06\/csb-news-w720h480.png","width":720,"height":405},{"@type":"BreadcrumbList","@id":"https:\/\/bantam-corpo.dev-bantam.ch\/de\/suisse-caravan-salon-bern\/#breadcrumb","itemListElement":[{"@type":"ListItem","position":1,"name":"Home","item":"https:\/\/bantam-corpo.dev-bantam.ch\/de\/"},{"@type":"ListItem","position":2,"name":"SUISSE CARAVAN SALON &#8211; BERN"}]},{"@type":"WebSite","@id":"https:\/\/bantam-corpo.dev-bantam.ch\/de\/#website","url":"https:\/\/bantam-corpo.dev-bantam.ch\/de\/","name":"Bantam","description":"","potentialAction":[{"@type":"SearchAction","target":{"@type":"EntryPoint","urlTemplate":"https:\/\/bantam-corpo.dev-bantam.ch\/de\/?s={search_term_string}"},"query-input":{"@type":"PropertyValueSpecification","valueRequired":true,"valueName":"search_term_string"}}],"inLanguage":"de-DE"},{"@type":"Person","@id":"https:\/\/bantam-corpo.dev-bantam.ch\/de\/#\/schema\/person\/5ec32dca0d907db9d0c67843d1e1b47f","name":"gilles","image":{"@type":"ImageObject","inLanguage":"de-DE","@id":"https:\/\/secure.gravatar.com\/avatar\/df2d89d22fbd99c8419e05386f0ccb4a5cfc4584b3f8cf2ce5f94d300cc7c08e?s=96&d=mm&r=g","url":"https:\/\/secure.gravatar.com\/avatar\/df2d89d22fbd99c8419e05386f0ccb4a5cfc4584b3f8cf2ce5f94d300cc7c08e?s=96&d=mm&r=g","contentUrl":"https:\/\/secure.gravatar.com\/avatar\/df2d89d22fbd99c8419e05386f0ccb4a5cfc4584b3f8cf2ce5f94d300cc7c08e?s=96&d=mm&r=g","caption":"gilles"},"url":"https:\/\/bantam-corpo.dev-bantam.ch\/de\/author\/gilles\/"}]}},"publishpress_future_action":{"enabled":false,"date":"2026-05-06 11:59:11","action":"change-status","newStatus":"draft","terms":[],"taxonomy":"category","extraData":[]},"publishpress_future_workflow_manual_trigger":{"enabledWorkflows":[]},"featured_image_url":"https:\/\/bantam-corpo.dev-bantam.ch\/wp-content\/uploads\/2024\/06\/csb-news-w720h480.png","permalink":"https:\/\/bantam-corpo.dev-bantam.ch\/de\/suisse-caravan-salon-bern\/","lang":"de","_links":{"self":[{"href":"https:\/\/bantam-corpo.dev-bantam.ch\/de\/wp-json\/wp\/v2\/posts\/2291","targetHints":{"allow":["GET"]}}],"collection":[{"href":"https:\/\/bantam-corpo.dev-bantam.ch\/de\/wp-json\/wp\/v2\/posts"}],"about":[{"href":"https:\/\/bantam-corpo.dev-bantam.ch\/de\/wp-json\/wp\/v2\/types\/post"}],"author":[{"embeddable":true,"href":"https:\/\/bantam-corpo.dev-bantam.ch\/de\/wp-json\/wp\/v2\/users\/5"}],"replies":[{"embeddable":true,"href":"https:\/\/bantam-corpo.dev-bantam.ch\/de\/wp-json\/wp\/v2\/comments?post=2291"}],"version-history":[{"count":1,"href":"https:\/\/bantam-corpo.dev-bantam.ch\/de\/wp-json\/wp\/v2\/posts\/2291\/revisions"}],"predecessor-version":[{"id":2322,"href":"https:\/\/bantam-corpo.dev-bantam.ch\/de\/wp-json\/wp\/v2\/posts\/2291\/revisions\/2322"}],"wp:featuredmedia":[{"embeddable":true,"href":"https:\/\/bantam-corpo.dev-bantam.ch\/de\/wp-json\/wp\/v2\/media\/1511"}],"wp:attachment":[{"href":"https:\/\/bantam-corpo.dev-bantam.ch\/de\/wp-json\/wp\/v2\/media?parent=2291"}],"wp:term":[{"taxonomy":"category","embeddable":true,"href":"https:\/\/bantam-corpo.dev-bantam.ch\/de\/wp-json\/wp\/v2\/categories?post=2291"},{"taxonomy":"post_tag","embeddable":true,"href":"https:\/\/bantam-corpo.dev-bantam.ch\/de\/wp-json\/wp\/v2\/tags?post=2291"}],"curies":[{"name":"wp","href":"https:\/\/api.w.org\/{rel}","templated":true}]}}