{"id":2235,"date":"2024-02-21T10:00:00","date_gmt":"2024-02-21T09:00:00","guid":{"rendered":"https:\/\/bantam-corpo.dev-bantam.ch\/que-ne-faut-il-pas-oublier-lors-de-vos-sejours-en-caravane\/"},"modified":"2024-10-21T13:35:17","modified_gmt":"2024-10-21T11:35:17","slug":"was-darf-man-bei-ferien-im-wohnwagen-nicht-vergessen","status":"publish","type":"post","link":"https:\/\/bantam-corpo.dev-bantam.ch\/de\/was-darf-man-bei-ferien-im-wohnwagen-nicht-vergessen\/","title":{"rendered":"Was darf man bei Ferien im Wohnwagen nicht vergessen?"},"content":{"rendered":"\n<figure class=\"wp-block-image size-full\"><img loading=\"lazy\" decoding=\"async\" width=\"720\" height=\"480\" src=\"https:\/\/bantam-corpo.dev-bantam.ch\/wp-content\/uploads\/2024\/06\/2024-02-20auventcaravne-w720h480.jpg\" alt=\"\" class=\"wp-image-118\" srcset=\"https:\/\/bantam-corpo.dev-bantam.ch\/wp-content\/uploads\/2024\/06\/2024-02-20auventcaravne-w720h480.jpg 720w, https:\/\/bantam-corpo.dev-bantam.ch\/wp-content\/uploads\/2024\/06\/2024-02-20auventcaravne-w720h480-300x200.jpg 300w\" sizes=\"auto, (max-width: 720px) 100vw, 720px\" \/><\/figure>\n\n\n\n<p>Wenn Sie mit dem Wohnwagen in die Ferien gehen, bietet Ihnen ein Vorzelt einen zus\u00e4tzlichen grossen und \u00fcberdachten Aufenthaltsraum.<\/p>\n\n\n\n<p>Im Vorzelt k\u00f6nnen Sie viele Dinge wie Tische, St\u00fchle, Aufbewahrungsm\u00f6bel, Vorzeltk\u00fcche, Kindespielsachen, M\u00fcckenschutzlampe und vieles mehr, aufbewahren. Alles in allem wird Ihnen diese Erweiterung einen \u201esicheren\u201c Raum bieten, den Sie w\u00e4hrend Ihren Ferien sehr zu sch\u00e4tzen wissen werden. Aus diesem Grund haben wir f\u00fcr Sie eine interessante Auswahl an Artikeln zusammengestellt, die Sie nicht vergessen sollten, um unvergessliche Ferien im Wohnwagen zu verbringen.\u00a0<\/p>\n","protected":false},"excerpt":{"rendered":"<p>Wenn Sie mit dem Wohnwagen in die Ferien gehen, bietet Ihnen ein Vorzelt einen zus\u00e4tzlichen grossen und \u00fcberdachten Aufenthaltsraum.<\/p>\n","protected":false},"author":5,"featured_media":1429,"comment_status":"closed","ping_status":"closed","sticky":false,"template":"","format":"standard","meta":{"_acf_changed":false,"footnotes":""},"categories":[18,19,21],"tags":[],"class_list":["post-2235","post","type-post","status-publish","format-standard","has-post-thumbnail","hentry","category-informationen-events","category-laden","category-wohnwagen"],"acf":[],"yoast_head":"<!-- This site is optimized with the Yoast SEO plugin v27.4 - https:\/\/yoast.com\/product\/yoast-seo-wordpress\/ -->\n<title>Was darf man bei Ferien im Wohnwagen nicht vergessen? - Bantam<\/title>\n<meta name=\"robots\" content=\"index, follow, max-snippet:-1, max-image-preview:large, max-video-preview:-1\" \/>\n<link rel=\"canonical\" href=\"https:\/\/bantam-corpo.dev-bantam.ch\/de\/was-darf-man-bei-ferien-im-wohnwagen-nicht-vergessen\/\" \/>\n<meta property=\"og:locale\" content=\"de_DE\" \/>\n<meta property=\"og:type\" content=\"article\" \/>\n<meta property=\"og:title\" content=\"Was darf man bei Ferien im Wohnwagen nicht vergessen? - Bantam\" \/>\n<meta property=\"og:description\" content=\"Wenn Sie mit dem Wohnwagen in die Ferien gehen, bietet Ihnen ein Vorzelt einen zus\u00e4tzlichen grossen und \u00fcberdachten Aufenthaltsraum.\" \/>\n<meta property=\"og:url\" content=\"https:\/\/bantam-corpo.dev-bantam.ch\/de\/was-darf-man-bei-ferien-im-wohnwagen-nicht-vergessen\/\" \/>\n<meta property=\"og:site_name\" content=\"Bantam\" \/>\n<meta property=\"article:published_time\" content=\"2024-02-21T09:00:00+00:00\" \/>\n<meta property=\"article:modified_time\" content=\"2024-10-21T11:35:17+00:00\" \/>\n<meta property=\"og:image\" content=\"http:\/\/bantam-corpo.dev-bantam.ch\/wp-content\/uploads\/2024\/06\/2024-02-20auventcaravne-w720h480.jpg\" \/>\n\t<meta property=\"og:image:width\" content=\"720\" \/>\n\t<meta property=\"og:image:height\" content=\"480\" \/>\n\t<meta property=\"og:image:type\" content=\"image\/jpeg\" \/>\n<meta name=\"author\" content=\"gilles\" \/>\n<meta name=\"twitter:card\" content=\"summary_large_image\" \/>\n<meta name=\"twitter:label1\" content=\"Written by\" \/>\n\t<meta name=\"twitter:data1\" content=\"gilles\" \/>\n\t<meta name=\"twitter:label2\" content=\"Est. reading time\" \/>\n\t<meta name=\"twitter:data2\" content=\"1 Minute\" \/>\n<script type=\"application\/ld+json\" class=\"yoast-schema-graph\">{\"@context\":\"https:\\\/\\\/schema.org\",\"@graph\":[{\"@type\":\"Article\",\"@id\":\"https:\\\/\\\/bantam-corpo.dev-bantam.ch\\\/de\\\/was-darf-man-bei-ferien-im-wohnwagen-nicht-vergessen\\\/#article\",\"isPartOf\":{\"@id\":\"https:\\\/\\\/bantam-corpo.dev-bantam.ch\\\/de\\\/was-darf-man-bei-ferien-im-wohnwagen-nicht-vergessen\\\/\"},\"author\":{\"name\":\"gilles\",\"@id\":\"https:\\\/\\\/bantam-corpo.dev-bantam.ch\\\/de\\\/#\\\/schema\\\/person\\\/5ec32dca0d907db9d0c67843d1e1b47f\"},\"headline\":\"Was darf man bei Ferien im Wohnwagen nicht vergessen?\",\"datePublished\":\"2024-02-21T09:00:00+00:00\",\"dateModified\":\"2024-10-21T11:35:17+00:00\",\"mainEntityOfPage\":{\"@id\":\"https:\\\/\\\/bantam-corpo.dev-bantam.ch\\\/de\\\/was-darf-man-bei-ferien-im-wohnwagen-nicht-vergessen\\\/\"},\"wordCount\":100,\"image\":{\"@id\":\"https:\\\/\\\/bantam-corpo.dev-bantam.ch\\\/de\\\/was-darf-man-bei-ferien-im-wohnwagen-nicht-vergessen\\\/#primaryimage\"},\"thumbnailUrl\":\"https:\\\/\\\/bantam-corpo.dev-bantam.ch\\\/wp-content\\\/uploads\\\/2024\\\/06\\\/2024-02-20auventcaravne-w720h480.jpg\",\"articleSection\":[\"Informationen \\\/ Events\",\"Laden\",\"Wohnwagen\"],\"inLanguage\":\"de-DE\"},{\"@type\":\"WebPage\",\"@id\":\"https:\\\/\\\/bantam-corpo.dev-bantam.ch\\\/de\\\/was-darf-man-bei-ferien-im-wohnwagen-nicht-vergessen\\\/\",\"url\":\"https:\\\/\\\/bantam-corpo.dev-bantam.ch\\\/de\\\/was-darf-man-bei-ferien-im-wohnwagen-nicht-vergessen\\\/\",\"name\":\"Was darf man bei Ferien im Wohnwagen nicht vergessen? - Bantam\",\"isPartOf\":{\"@id\":\"https:\\\/\\\/bantam-corpo.dev-bantam.ch\\\/de\\\/#website\"},\"primaryImageOfPage\":{\"@id\":\"https:\\\/\\\/bantam-corpo.dev-bantam.ch\\\/de\\\/was-darf-man-bei-ferien-im-wohnwagen-nicht-vergessen\\\/#primaryimage\"},\"image\":{\"@id\":\"https:\\\/\\\/bantam-corpo.dev-bantam.ch\\\/de\\\/was-darf-man-bei-ferien-im-wohnwagen-nicht-vergessen\\\/#primaryimage\"},\"thumbnailUrl\":\"https:\\\/\\\/bantam-corpo.dev-bantam.ch\\\/wp-content\\\/uploads\\\/2024\\\/06\\\/2024-02-20auventcaravne-w720h480.jpg\",\"datePublished\":\"2024-02-21T09:00:00+00:00\",\"dateModified\":\"2024-10-21T11:35:17+00:00\",\"author\":{\"@id\":\"https:\\\/\\\/bantam-corpo.dev-bantam.ch\\\/de\\\/#\\\/schema\\\/person\\\/5ec32dca0d907db9d0c67843d1e1b47f\"},\"breadcrumb\":{\"@id\":\"https:\\\/\\\/bantam-corpo.dev-bantam.ch\\\/de\\\/was-darf-man-bei-ferien-im-wohnwagen-nicht-vergessen\\\/#breadcrumb\"},\"inLanguage\":\"de-DE\",\"potentialAction\":[{\"@type\":\"ReadAction\",\"target\":[\"https:\\\/\\\/bantam-corpo.dev-bantam.ch\\\/de\\\/was-darf-man-bei-ferien-im-wohnwagen-nicht-vergessen\\\/\"]}]},{\"@type\":\"ImageObject\",\"inLanguage\":\"de-DE\",\"@id\":\"https:\\\/\\\/bantam-corpo.dev-bantam.ch\\\/de\\\/was-darf-man-bei-ferien-im-wohnwagen-nicht-vergessen\\\/#primaryimage\",\"url\":\"https:\\\/\\\/bantam-corpo.dev-bantam.ch\\\/wp-content\\\/uploads\\\/2024\\\/06\\\/2024-02-20auventcaravne-w720h480.jpg\",\"contentUrl\":\"https:\\\/\\\/bantam-corpo.dev-bantam.ch\\\/wp-content\\\/uploads\\\/2024\\\/06\\\/2024-02-20auventcaravne-w720h480.jpg\",\"width\":720,\"height\":480},{\"@type\":\"BreadcrumbList\",\"@id\":\"https:\\\/\\\/bantam-corpo.dev-bantam.ch\\\/de\\\/was-darf-man-bei-ferien-im-wohnwagen-nicht-vergessen\\\/#breadcrumb\",\"itemListElement\":[{\"@type\":\"ListItem\",\"position\":1,\"name\":\"Home\",\"item\":\"https:\\\/\\\/bantam-corpo.dev-bantam.ch\\\/de\\\/\"},{\"@type\":\"ListItem\",\"position\":2,\"name\":\"Was darf man bei Ferien im Wohnwagen nicht vergessen?\"}]},{\"@type\":\"WebSite\",\"@id\":\"https:\\\/\\\/bantam-corpo.dev-bantam.ch\\\/de\\\/#website\",\"url\":\"https:\\\/\\\/bantam-corpo.dev-bantam.ch\\\/de\\\/\",\"name\":\"Bantam\",\"description\":\"\",\"potentialAction\":[{\"@type\":\"SearchAction\",\"target\":{\"@type\":\"EntryPoint\",\"urlTemplate\":\"https:\\\/\\\/bantam-corpo.dev-bantam.ch\\\/de\\\/?s={search_term_string}\"},\"query-input\":{\"@type\":\"PropertyValueSpecification\",\"valueRequired\":true,\"valueName\":\"search_term_string\"}}],\"inLanguage\":\"de-DE\"},{\"@type\":\"Person\",\"@id\":\"https:\\\/\\\/bantam-corpo.dev-bantam.ch\\\/de\\\/#\\\/schema\\\/person\\\/5ec32dca0d907db9d0c67843d1e1b47f\",\"name\":\"gilles\",\"image\":{\"@type\":\"ImageObject\",\"inLanguage\":\"de-DE\",\"@id\":\"https:\\\/\\\/secure.gravatar.com\\\/avatar\\\/df2d89d22fbd99c8419e05386f0ccb4a5cfc4584b3f8cf2ce5f94d300cc7c08e?s=96&d=mm&r=g\",\"url\":\"https:\\\/\\\/secure.gravatar.com\\\/avatar\\\/df2d89d22fbd99c8419e05386f0ccb4a5cfc4584b3f8cf2ce5f94d300cc7c08e?s=96&d=mm&r=g\",\"contentUrl\":\"https:\\\/\\\/secure.gravatar.com\\\/avatar\\\/df2d89d22fbd99c8419e05386f0ccb4a5cfc4584b3f8cf2ce5f94d300cc7c08e?s=96&d=mm&r=g\",\"caption\":\"gilles\"},\"url\":\"https:\\\/\\\/bantam-corpo.dev-bantam.ch\\\/de\\\/author\\\/gilles\\\/\"}]}<\/script>\n<!-- \/ Yoast SEO plugin. -->","yoast_head_json":{"title":"Was darf man bei Ferien im Wohnwagen nicht vergessen? - Bantam","robots":{"index":"index","follow":"follow","max-snippet":"max-snippet:-1","max-image-preview":"max-image-preview:large","max-video-preview":"max-video-preview:-1"},"canonical":"https:\/\/bantam-corpo.dev-bantam.ch\/de\/was-darf-man-bei-ferien-im-wohnwagen-nicht-vergessen\/","og_locale":"de_DE","og_type":"article","og_title":"Was darf man bei Ferien im Wohnwagen nicht vergessen? - Bantam","og_description":"Wenn Sie mit dem Wohnwagen in die Ferien gehen, bietet Ihnen ein Vorzelt einen zus\u00e4tzlichen grossen und \u00fcberdachten Aufenthaltsraum.","og_url":"https:\/\/bantam-corpo.dev-bantam.ch\/de\/was-darf-man-bei-ferien-im-wohnwagen-nicht-vergessen\/","og_site_name":"Bantam","article_published_time":"2024-02-21T09:00:00+00:00","article_modified_time":"2024-10-21T11:35:17+00:00","og_image":[{"width":720,"height":480,"url":"http:\/\/bantam-corpo.dev-bantam.ch\/wp-content\/uploads\/2024\/06\/2024-02-20auventcaravne-w720h480.jpg","type":"image\/jpeg"}],"author":"gilles","twitter_card":"summary_large_image","twitter_misc":{"Written by":"gilles","Est. reading time":"1 Minute"},"schema":{"@context":"https:\/\/schema.org","@graph":[{"@type":"Article","@id":"https:\/\/bantam-corpo.dev-bantam.ch\/de\/was-darf-man-bei-ferien-im-wohnwagen-nicht-vergessen\/#article","isPartOf":{"@id":"https:\/\/bantam-corpo.dev-bantam.ch\/de\/was-darf-man-bei-ferien-im-wohnwagen-nicht-vergessen\/"},"author":{"name":"gilles","@id":"https:\/\/bantam-corpo.dev-bantam.ch\/de\/#\/schema\/person\/5ec32dca0d907db9d0c67843d1e1b47f"},"headline":"Was darf man bei Ferien im Wohnwagen nicht vergessen?","datePublished":"2024-02-21T09:00:00+00:00","dateModified":"2024-10-21T11:35:17+00:00","mainEntityOfPage":{"@id":"https:\/\/bantam-corpo.dev-bantam.ch\/de\/was-darf-man-bei-ferien-im-wohnwagen-nicht-vergessen\/"},"wordCount":100,"image":{"@id":"https:\/\/bantam-corpo.dev-bantam.ch\/de\/was-darf-man-bei-ferien-im-wohnwagen-nicht-vergessen\/#primaryimage"},"thumbnailUrl":"https:\/\/bantam-corpo.dev-bantam.ch\/wp-content\/uploads\/2024\/06\/2024-02-20auventcaravne-w720h480.jpg","articleSection":["Informationen \/ Events","Laden","Wohnwagen"],"inLanguage":"de-DE"},{"@type":"WebPage","@id":"https:\/\/bantam-corpo.dev-bantam.ch\/de\/was-darf-man-bei-ferien-im-wohnwagen-nicht-vergessen\/","url":"https:\/\/bantam-corpo.dev-bantam.ch\/de\/was-darf-man-bei-ferien-im-wohnwagen-nicht-vergessen\/","name":"Was darf man bei Ferien im Wohnwagen nicht vergessen? - Bantam","isPartOf":{"@id":"https:\/\/bantam-corpo.dev-bantam.ch\/de\/#website"},"primaryImageOfPage":{"@id":"https:\/\/bantam-corpo.dev-bantam.ch\/de\/was-darf-man-bei-ferien-im-wohnwagen-nicht-vergessen\/#primaryimage"},"image":{"@id":"https:\/\/bantam-corpo.dev-bantam.ch\/de\/was-darf-man-bei-ferien-im-wohnwagen-nicht-vergessen\/#primaryimage"},"thumbnailUrl":"https:\/\/bantam-corpo.dev-bantam.ch\/wp-content\/uploads\/2024\/06\/2024-02-20auventcaravne-w720h480.jpg","datePublished":"2024-02-21T09:00:00+00:00","dateModified":"2024-10-21T11:35:17+00:00","author":{"@id":"https:\/\/bantam-corpo.dev-bantam.ch\/de\/#\/schema\/person\/5ec32dca0d907db9d0c67843d1e1b47f"},"breadcrumb":{"@id":"https:\/\/bantam-corpo.dev-bantam.ch\/de\/was-darf-man-bei-ferien-im-wohnwagen-nicht-vergessen\/#breadcrumb"},"inLanguage":"de-DE","potentialAction":[{"@type":"ReadAction","target":["https:\/\/bantam-corpo.dev-bantam.ch\/de\/was-darf-man-bei-ferien-im-wohnwagen-nicht-vergessen\/"]}]},{"@type":"ImageObject","inLanguage":"de-DE","@id":"https:\/\/bantam-corpo.dev-bantam.ch\/de\/was-darf-man-bei-ferien-im-wohnwagen-nicht-vergessen\/#primaryimage","url":"https:\/\/bantam-corpo.dev-bantam.ch\/wp-content\/uploads\/2024\/06\/2024-02-20auventcaravne-w720h480.jpg","contentUrl":"https:\/\/bantam-corpo.dev-bantam.ch\/wp-content\/uploads\/2024\/06\/2024-02-20auventcaravne-w720h480.jpg","width":720,"height":480},{"@type":"BreadcrumbList","@id":"https:\/\/bantam-corpo.dev-bantam.ch\/de\/was-darf-man-bei-ferien-im-wohnwagen-nicht-vergessen\/#breadcrumb","itemListElement":[{"@type":"ListItem","position":1,"name":"Home","item":"https:\/\/bantam-corpo.dev-bantam.ch\/de\/"},{"@type":"ListItem","position":2,"name":"Was darf man bei Ferien im Wohnwagen nicht vergessen?"}]},{"@type":"WebSite","@id":"https:\/\/bantam-corpo.dev-bantam.ch\/de\/#website","url":"https:\/\/bantam-corpo.dev-bantam.ch\/de\/","name":"Bantam","description":"","potentialAction":[{"@type":"SearchAction","target":{"@type":"EntryPoint","urlTemplate":"https:\/\/bantam-corpo.dev-bantam.ch\/de\/?s={search_term_string}"},"query-input":{"@type":"PropertyValueSpecification","valueRequired":true,"valueName":"search_term_string"}}],"inLanguage":"de-DE"},{"@type":"Person","@id":"https:\/\/bantam-corpo.dev-bantam.ch\/de\/#\/schema\/person\/5ec32dca0d907db9d0c67843d1e1b47f","name":"gilles","image":{"@type":"ImageObject","inLanguage":"de-DE","@id":"https:\/\/secure.gravatar.com\/avatar\/df2d89d22fbd99c8419e05386f0ccb4a5cfc4584b3f8cf2ce5f94d300cc7c08e?s=96&d=mm&r=g","url":"https:\/\/secure.gravatar.com\/avatar\/df2d89d22fbd99c8419e05386f0ccb4a5cfc4584b3f8cf2ce5f94d300cc7c08e?s=96&d=mm&r=g","contentUrl":"https:\/\/secure.gravatar.com\/avatar\/df2d89d22fbd99c8419e05386f0ccb4a5cfc4584b3f8cf2ce5f94d300cc7c08e?s=96&d=mm&r=g","caption":"gilles"},"url":"https:\/\/bantam-corpo.dev-bantam.ch\/de\/author\/gilles\/"}]}},"publishpress_future_action":{"enabled":false,"date":"2026-05-06 08:41:26","action":"change-status","newStatus":"draft","terms":[],"taxonomy":"category","extraData":[]},"publishpress_future_workflow_manual_trigger":{"enabledWorkflows":[]},"featured_image_url":"https:\/\/bantam-corpo.dev-bantam.ch\/wp-content\/uploads\/2024\/06\/2024-02-20auventcaravne-w720h480.jpg","permalink":"https:\/\/bantam-corpo.dev-bantam.ch\/de\/was-darf-man-bei-ferien-im-wohnwagen-nicht-vergessen\/","lang":"de","_links":{"self":[{"href":"https:\/\/bantam-corpo.dev-bantam.ch\/de\/wp-json\/wp\/v2\/posts\/2235","targetHints":{"allow":["GET"]}}],"collection":[{"href":"https:\/\/bantam-corpo.dev-bantam.ch\/de\/wp-json\/wp\/v2\/posts"}],"about":[{"href":"https:\/\/bantam-corpo.dev-bantam.ch\/de\/wp-json\/wp\/v2\/types\/post"}],"author":[{"embeddable":true,"href":"https:\/\/bantam-corpo.dev-bantam.ch\/de\/wp-json\/wp\/v2\/users\/5"}],"replies":[{"embeddable":true,"href":"https:\/\/bantam-corpo.dev-bantam.ch\/de\/wp-json\/wp\/v2\/comments?post=2235"}],"version-history":[{"count":2,"href":"https:\/\/bantam-corpo.dev-bantam.ch\/de\/wp-json\/wp\/v2\/posts\/2235\/revisions"}],"predecessor-version":[{"id":4208,"href":"https:\/\/bantam-corpo.dev-bantam.ch\/de\/wp-json\/wp\/v2\/posts\/2235\/revisions\/4208"}],"wp:featuredmedia":[{"embeddable":true,"href":"https:\/\/bantam-corpo.dev-bantam.ch\/de\/wp-json\/wp\/v2\/media\/1429"}],"wp:attachment":[{"href":"https:\/\/bantam-corpo.dev-bantam.ch\/de\/wp-json\/wp\/v2\/media?parent=2235"}],"wp:term":[{"taxonomy":"category","embeddable":true,"href":"https:\/\/bantam-corpo.dev-bantam.ch\/de\/wp-json\/wp\/v2\/categories?post=2235"},{"taxonomy":"post_tag","embeddable":true,"href":"https:\/\/bantam-corpo.dev-bantam.ch\/de\/wp-json\/wp\/v2\/tags?post=2235"}],"curies":[{"name":"wp","href":"https:\/\/api.w.org\/{rel}","templated":true}]}}